{"id":991,"date":"2024-01-26T15:13:24","date_gmt":"2024-01-26T15:13:24","guid":{"rendered":"https:\/\/famelifemagazin.com\/?p=991"},"modified":"2024-01-26T15:13:25","modified_gmt":"2024-01-26T15:13:25","slug":"melek-mosso-konfor-mobilya-davetinde-sahne-aldi","status":"publish","type":"post","link":"https:\/\/famelifemagazin.com\/?p=991","title":{"rendered":"MELEK MOSSO KONFOR MOB\u0130LYA DAVET\u0130NDE SAHNE ALDI&#8230;"},"content":{"rendered":"\n<p><strong>Konfor Mobilya, Fuar Ba\u015far\u0131s\u0131n\u0131 \u00d6zel Gala Gecesi \u0130le Kutlad\u0131<\/strong>&#8230;<strong>T\u00fcrkiye\u2019nin en k\u00f6kl\u00fc mobilya ve yatak markalar\u0131ndan biri olan Konfor Mobilya, Uluslararas\u0131 \u0130stanbul Mobilya Fuar\u0131 devam ederken, Pullman \u0130stanbul Hotel &amp; Convention Center\u2019da payda\u015flar\u0131 ve mobilya sekt\u00f6r\u00fcn\u00fcn \u00f6nde gelen isimleriyle fuar ba\u015far\u0131s\u0131n\u0131 g\u00f6rkemli bir gala davetiyle kutlad\u0131.<\/strong><\/p>\n\n\n\n<p>Hem fonksiyonel hem de g\u00f6rsel a\u00e7\u0131dan iddial\u0131 koleksiyonlar\u0131yla \u0130stanbul Mobilya Fuar\u2019\u0131nda kat\u0131l\u0131mc\u0131lar\u0131n yo\u011fun ilgisini \u00e7eken Konfor Mobilya ve Konfor Yatak; sekt\u00f6r payda\u015flar\u0131, \u00e7\u00f6z\u00fcm ortaklar\u0131 ve mobilya sekt\u00f6r\u00fcn\u00fcn \u00f6nde gelen isimlerinin kat\u0131l\u0131m\u0131yla \u00f6zel bir davet ger\u00e7ekle\u015ftirdi.<\/p>\n\n\n\n<p>T\u00fcrkiye&#8217;nin \u00f6nc\u00fc mobilya markalar\u0131ndan, ev dekorasyonunu adeta sanata d\u00f6n\u00fc\u015ft\u00fcren koleksiyonlar\u0131 ile dikkat \u00e7eken Konfor Grup b\u00fcnyesinde yer alan Konfor Mobilya\u2019n\u0131n gala davetinin a\u00e7\u0131l\u0131\u015f konu\u015fmas\u0131n\u0131 <strong>Konfor Mobilya Y\u00f6netim Kurulu Ba\u015fkan Yard\u0131mc\u0131s\u0131 \u00d6mer \u00c7etmen<\/strong> yapt\u0131. Konfor Grup\u2019un 45 y\u0131ll\u0131k b\u00fcy\u00fcme ser\u00fcveninin \u00e7\u00f6z\u00fcm ortaklar\u0131 ile payla\u015f\u0131ld\u0131\u011f\u0131 gecede yakla\u015f\u0131k 500 davetli a\u011f\u0131rland\u0131.<\/p>\n\n\n\n<p>Sunuculu\u011funu Seda \u00c7elik\u2019in yapt\u0131\u011f\u0131 gecede sahne alan <strong>Melek Mosso<\/strong>, se\u00e7kin davetlilere olduk\u00e7a e\u011flenceli saatler ya\u015fatt\u0131.<\/p>\n\n\n\n<p><strong>Konfor Mobilya Hakk\u0131nda<\/strong><\/p>\n\n\n\n<p>1978 y\u0131l\u0131ndan itibaren mobilya sekt\u00f6r\u00fcnde faaliyet g\u00f6steren; \u0130zmir&#8217;den yola \u00e7\u0131karak h\u0131zla b\u00fcy\u00fcyen, yenilik\u00e7i ve trend tasar\u0131mlar\u0131n\u0131 d\u00fcnyan\u0131n bir\u00e7ok noktas\u0131na ihracat ger\u00e7ekle\u015ftiren Konfor Mobilya, 2018 y\u0131l\u0131nda yeni marka kimli\u011fi olu\u015fturularak ilk konsept ma\u011fazas\u0131n\u0131 a\u00e7t\u0131. Tasar\u0131m merkezi ekonomi bakanl\u0131\u011f\u0131 taraf\u0131ndan onayland\u0131. <\/p>\n\n\n\n<p>2021 y\u0131l\u0131nda T\u00fcrkiye geneli tek kamp\u00fcste en b\u00fcy\u00fck fabrika in\u015faat\u0131 olacak bir \u00fcretim yat\u0131r\u0131m\u0131 ger\u00e7ekle\u015ftiren Konfor Mobilya toplam 34 ma\u011fazas\u0131 ile faaliyet g\u00f6stermekte ve 32 \u00fclkeye ihracat yapmaktad\u0131r. \u00c7ok yak\u0131nda 163.000 metrekarelik yeni kamp\u00fcs\u00fcnde \u00fcretimine devam edecek Konfor Mobilya, 70.000 metrekareyi a\u015fan sat\u0131\u015f alan\u0131yla dikkat \u00e7ekmektedir. <\/p>\n\n\n\n<p>2024 y\u0131l\u0131 itibariyle, Konfor Mobilya, \u00c7etmen Mobilya ve Konfor Yatak markalar\u0131 Konfor Grup \u00e7at\u0131 markas\u0131 alt\u0131nda hizmet vermeye devam etmektedir.<\/p>\n\n\n\n<figure class=\"wp-block-gallery has-nested-images columns-default is-cropped wp-block-gallery-1 is-layout-flex wp-block-gallery-is-layout-flex\">\n<figure class=\"wp-block-image size-large\"><img loading=\"lazy\" decoding=\"async\" width=\"1024\" height=\"576\" data-id=\"993\" src=\"https:\/\/famelifemagazin.com\/wp-content\/uploads\/2024\/01\/gorsel_2-1024x576.jpeg\" alt=\"\" class=\"wp-image-993\" srcset=\"https:\/\/famelifemagazin.com\/wp-content\/uploads\/2024\/01\/gorsel_2-1024x576.jpeg 1024w, https:\/\/famelifemagazin.com\/wp-content\/uploads\/2024\/01\/gorsel_2-300x169.jpeg 300w, https:\/\/famelifemagazin.com\/wp-content\/uploads\/2024\/01\/gorsel_2-768x432.jpeg 768w, https:\/\/famelifemagazin.com\/wp-content\/uploads\/2024\/01\/gorsel_2-1536x865.jpeg 1536w, https:\/\/famelifemagazin.com\/wp-content\/uploads\/2024\/01\/gorsel_2-2048x1153.jpeg 2048w\" sizes=\"auto, (max-width: 1024px) 100vw, 1024px\" \/><\/figure>\n\n\n\n<figure class=\"wp-block-image size-large\"><img loading=\"lazy\" decoding=\"async\" width=\"1024\" height=\"684\" data-id=\"992\" src=\"https:\/\/famelifemagazin.com\/wp-content\/uploads\/2024\/01\/gorsel_1-1024x684.jpeg\" alt=\"\" class=\"wp-image-992\" srcset=\"https:\/\/famelifemagazin.com\/wp-content\/uploads\/2024\/01\/gorsel_1-1024x684.jpeg 1024w, https:\/\/famelifemagazin.com\/wp-content\/uploads\/2024\/01\/gorsel_1-300x200.jpeg 300w, https:\/\/famelifemagazin.com\/wp-content\/uploads\/2024\/01\/gorsel_1-768x513.jpeg 768w, https:\/\/famelifemagazin.com\/wp-content\/uploads\/2024\/01\/gorsel_1-1536x1026.jpeg 1536w, https:\/\/famelifemagazin.com\/wp-content\/uploads\/2024\/01\/gorsel_1-2048x1368.jpeg 2048w\" sizes=\"auto, (max-width: 1024px) 100vw, 1024px\" \/><\/figure>\n<\/figure>\n\n\n<div class=\"wp-block-image\">\n<figure class=\"aligncenter size-large is-resized\"><img loading=\"lazy\" decoding=\"async\" width=\"685\" height=\"1024\" src=\"https:\/\/famelifemagazin.com\/wp-content\/uploads\/2024\/01\/gorsel_3-685x1024.jpeg\" alt=\"\" class=\"wp-image-994\" style=\"width:383px;height:auto\" srcset=\"https:\/\/famelifemagazin.com\/wp-content\/uploads\/2024\/01\/gorsel_3-685x1024.jpeg 685w, https:\/\/famelifemagazin.com\/wp-content\/uploads\/2024\/01\/gorsel_3-201x300.jpeg 201w, https:\/\/famelifemagazin.com\/wp-content\/uploads\/2024\/01\/gorsel_3-768x1148.jpeg 768w, https:\/\/famelifemagazin.com\/wp-content\/uploads\/2024\/01\/gorsel_3-1027x1536.jpeg 1027w, https:\/\/famelifemagazin.com\/wp-content\/uploads\/2024\/01\/gorsel_3.jpeg 1070w\" sizes=\"auto, (max-width: 685px) 100vw, 685px\" \/><\/figure>\n<\/div>","protected":false},"excerpt":{"rendered":"<p>Konfor Mobilya, Fuar Ba\u015far\u0131s\u0131n\u0131 \u00d6zel Gala Gecesi \u0130le Kutlad\u0131&#8230;T\u00fcrkiye\u2019nin en k\u00f6kl\u00fc mobilya ve yatak markalar\u0131ndan biri olan Konfor Mobilya, Uluslararas\u0131 \u0130stanbul Mobilya Fuar\u0131 devam ederken, Pullman \u0130stanbul Hotel &amp; Convention Center\u2019da payda\u015flar\u0131 ve mobilya sekt\u00f6r\u00fcn\u00fcn \u00f6nde gelen isimleriyle fuar ba\u015far\u0131s\u0131n\u0131 g\u00f6rkemli bir gala davetiyle kutlad\u0131. Hem fonksiyonel hem de g\u00f6rsel a\u00e7\u0131dan iddial\u0131 koleksiyonlar\u0131yla \u0130stanbul Mobilya [&hellip;]<\/p>\n","protected":false},"author":1,"featured_media":992,"comment_status":"open","ping_status":"open","sticky":false,"template":"","format":"standard","meta":{"footnotes":""},"categories":[4,3],"tags":[],"class_list":["post-991","post","type-post","status-publish","format-standard","has-post-thumbnail","hentry","category-magazin","category-son-haberler"],"_links":{"self":[{"href":"https:\/\/famelifemagazin.com\/index.php?rest_route=\/wp\/v2\/posts\/991","targetHints":{"allow":["GET"]}}],"collection":[{"href":"https:\/\/famelifemagazin.com\/index.php?rest_route=\/wp\/v2\/posts"}],"about":[{"href":"https:\/\/famelifemagazin.com\/index.php?rest_route=\/wp\/v2\/types\/post"}],"author":[{"embeddable":true,"href":"https:\/\/famelifemagazin.com\/index.php?rest_route=\/wp\/v2\/users\/1"}],"replies":[{"embeddable":true,"href":"https:\/\/famelifemagazin.com\/index.php?rest_route=%2Fwp%2Fv2%2Fcomments&post=991"}],"version-history":[{"count":1,"href":"https:\/\/famelifemagazin.com\/index.php?rest_route=\/wp\/v2\/posts\/991\/revisions"}],"predecessor-version":[{"id":995,"href":"https:\/\/famelifemagazin.com\/index.php?rest_route=\/wp\/v2\/posts\/991\/revisions\/995"}],"wp:featuredmedia":[{"embeddable":true,"href":"https:\/\/famelifemagazin.com\/index.php?rest_route=\/wp\/v2\/media\/992"}],"wp:attachment":[{"href":"https:\/\/famelifemagazin.com\/index.php?rest_route=%2Fwp%2Fv2%2Fmedia&parent=991"}],"wp:term":[{"taxonomy":"category","embeddable":true,"href":"https:\/\/famelifemagazin.com\/index.php?rest_route=%2Fwp%2Fv2%2Fcategories&post=991"},{"taxonomy":"post_tag","embeddable":true,"href":"https:\/\/famelifemagazin.com\/index.php?rest_route=%2Fwp%2Fv2%2Ftags&post=991"}],"curies":[{"name":"wp","href":"https:\/\/api.w.org\/{rel}","templated":true}]}}