{"id":95,"date":"2023-12-07T04:39:36","date_gmt":"2023-12-07T04:39:36","guid":{"rendered":"https:\/\/famelifemagazin.com\/?p=95"},"modified":"2023-12-07T04:40:53","modified_gmt":"2023-12-07T04:40:53","slug":"sivas-ataturk-ve-kongre-muzesinde-osman-hamdi-bey-projesi-aciliyor","status":"publish","type":"post","link":"https:\/\/famelifemagazin.com\/?p=95","title":{"rendered":"Sivas Atat\u00fcrk ve Kongre M\u00fczesi\u2019nde Osman Hamdi Bey Projesi A\u00e7\u0131l\u0131yor."},"content":{"rendered":"\n<p><strong>Tarihi Yap\u0131lar\u0131n Aralad\u0131\u011f\u0131 Kap\u0131larda: Osman Hamdi Bey Projesi 15 Aral\u0131k&#8217;ta sanat izleyicisiyle bulu\u015facak.<\/strong><\/p>\n\n\n\n<p>Say\u0131n \u00d6zcan UZUN;<\/p>\n\n\n\n<p><strong><em>Sivas Atat\u00fcrk ve Kongre M\u00fczesi\u2019nde T\u00fcrkiye\u2019ye m\u00fczecili\u011fi getiren isim Osman Hamdi Bey\u2019in Odas\u0131\u2019n\u0131n b\u00fcy\u00fck a\u00e7\u0131l\u0131\u015f\u0131 15 Aral\u0131k 2023 tarihinde ger\u00e7ekle\u015ftirilecek.<\/em><\/strong><\/p>\n\n\n\n<p><strong><em>Sivas Atat\u00fcrk ve Kongre M\u00fczesi\u2019nde;&nbsp;<\/em><\/strong>Osman Hamdi Bey Odas\u0131&nbsp;<strong>\u201cKemahl\u0131o\u011flu \u00d6zel Koleksiyonu\u201d<\/strong>&nbsp;ad\u0131 alt\u0131nda, Caner Kemahl\u0131o\u011flu M\u00fcze b\u00fcnyesinde&nbsp;<strong>\u201c<em>T\u00fcrkiye\u2019ye M\u00fczecili\u011fi Getiren \u0130sim<\/em><\/strong>\u201d ayn\u0131 zamanda ressam ve arkeolog olan Osman Hamdi Bey ile ilgili lansman a\u00e7\u0131l\u0131\u015f\u0131 tek eserle 6 Haziran 2023\u2019te ger\u00e7ekle\u015ftirilmi\u015fti.<\/p>\n\n\n\n<p>K\u00fcrat\u00f6rl\u00fc\u011f\u00fc Caner Kemahl\u0131o\u011flu taraf\u0131ndan y\u00fcr\u00fct\u00fclen proje Sivas kentinin \u0130l K\u00fclt\u00fcr ve Turizm M\u00fcd\u00fcrl\u00fc\u011f\u00fc ile Valili\u011fi taraf\u0131ndan da desteklenmektedir.<\/p>\n\n\n\n<p>6 Haziran\u2019da ki a\u00e7\u0131l\u0131\u015fta Osman Hamdi Bey\u2019in en \u00f6nemli ve \u00fcnl\u00fc tablolar\u0131ndan&nbsp;<strong>\u201cKaplumba\u011fal\u0131 Adam yani Kaplumba\u011fa Terbiyecisi\u201d&nbsp;<\/strong>ismini de ta\u015f\u0131yan eserine yeni bir yorumda bulunarak eserin ve panolar\u0131n m\u00fczeye yerle\u015fimlerini de tamamlam\u0131\u015ft\u0131r. 15 Aral\u0131k 2023 tarihinde, Kemahl\u0131o\u011flu \u00d6zel Koleksiyonu b\u00fcnyesinde sanat izleyicisiyle bulu\u015facak sanat\u00e7\u0131lar ve eserleri:<\/p>\n\n\n\n<p><strong>Muhammet H\u0131z\u0131r Y\u00fcksel&nbsp;<\/strong>-\u201c\u0130lahiyat\u00e7\u0131\u2019ya Yeni Yorum\u201d,&nbsp;<strong>Metin Aykanat<\/strong>&nbsp;&#8211; \u201cSilah Taciri\u2019ne Yeni Yorum\u201d,&nbsp;<strong>Ali R\u0131za Kana\u00e7<\/strong>&nbsp;&#8211; \u201c\u015eehzade T\u00fcrbesinde Dervi\u015f\u2019e Yeni Yorum\u201d,&nbsp;<strong>\u00d6zg\u00fcr Boran G\u00fcltekin<\/strong>&nbsp;&#8211; \u201c\u0130lahiyat\u00e7\u0131\u2019n\u0131n Rahlesi\u201d,&nbsp;<strong>\u015eerife Meral E\u015fmeler<\/strong>&nbsp;&#8211; \u201cYe\u015fil Cami\u2019de Kur\u2019an Dersi\u201d &amp; \u201c\u015eehzade T\u00fcrbesinde Dervi\u015f\u201d Eserlerine \u201cKalsedon Ta\u015f\u0131 \u00dczerine Yeni Yorum\u201d,&nbsp;<strong>Onur Kavas<\/strong>&nbsp;&#8211; \u201cKaplumba\u011fa Terbiyecisi\u201d, \u201c\u0130zzettin Keykavus\u201d ve \u201cKur\u2019an Okuyan K\u0131z\u201d \u00c7inileri,&nbsp;<strong>Dilara Nur Kahraman<\/strong>&nbsp;&#8211; \u201c\u00d6zel Tasar\u0131m\u0131\u201d,&nbsp;<strong>Buse Akdo\u011fan<\/strong>&nbsp;&#8211; Sivas\u2019\u0131n \u0130lk M\u00fczesi Buruciye Medresesi,&nbsp;<strong>B\u00fc\u015fra Meydan<\/strong>&nbsp;&#8211; \u201cKur\u2019an Okuyan K\u0131z\u201d,&nbsp;<strong>Deniz Serkan \u00d6zcan<\/strong>&nbsp;&#8211; \u201cPembe Ba\u015fl\u0131kl\u0131 K\u0131z\u201d,&nbsp;<strong>G\u00fcnsu Sara\u00e7o\u011flu<\/strong>&nbsp;&#8211; \u201cDeve Ku\u015fu Yumurtas\u0131 \u00dczerine \u0130ki M\u00fczisyen K\u0131z\u201d,&nbsp;<strong>Fadime Y\u0131ld\u0131r\u0131m<\/strong>&nbsp;&#8211; \u201c\u00d6zg\u00fcn Posta Pullar\u0131\u201d,&nbsp;<strong>Erdo\u011fan Paksoy&nbsp;<\/strong>&#8211; \u201cGelece\u011fi Terbiyecisi\u201d,&nbsp;<strong>Melih Can<\/strong>&nbsp;&#8211; \u201cAb-\u0131 Hayat \u00c7e\u015fmesi\u201d ve&nbsp;<strong>Ay\u015feg\u00fcl Ba\u015f<\/strong>&nbsp;&#8211; \u201cKau\u00e7uk Yaprak \u00dczerine Kur\u2019an Okuyan Hoca Yorumu\u201d.<\/p>\n\n\n\n<p><strong>Mek\u00e2nlar\u0131n Tarihi Dokusunda, Tarihe Pencere Aralamak<\/strong><\/p>\n\n\n\n<p>Osman Hamdi Bey\u2019in m\u00fczeci y\u00f6n\u00fcn\u00fcn \u00fclkemiz ad\u0131na katm\u0131\u015f oldu\u011fu de\u011ferlerden de yola \u00e7\u0131karak, sergi yerlerinin ge\u00e7mi\u015ften kalma bir mek\u00e2n, tarihi bir m\u00fcze olmas\u0131n\u0131 belirten Kemahl\u0131o\u011flu, Sivas \u015fehrinin \u00f6nemli tarihi yap\u0131lar\u0131nda koleksiyon haz\u0131rl\u0131klar\u0131na ba\u015flad\u0131\u011f\u0131n\u0131 belirtti. Program\u0131n paralelinde tarihi mek\u00e2n ara\u015ft\u0131rmalar\u0131 ve g\u00f6r\u00fc\u015fmeleri de devam etmektedir. <\/p>\n\n\n\n<p>\u015eehri farkl\u0131 bak\u0131\u015f a\u00e7\u0131lar\u0131yla de\u011ferlendiren Kemahl\u0131o\u011flu, koleksiyonda tercih edilen mek\u00e2nlarda insanlar\u0131n mek\u00e2nlara olan etkisini de bir yandan sorguluyor. Yeni ve farkl\u0131 bir bak\u0131\u015f a\u00e7\u0131s\u0131yla koleksiyon sanat\u00e7\u0131lar\u0131ndan baz\u0131lar\u0131 ile g\u00f6r\u00fc\u015fen Kemahl\u0131o\u011flu,\u00a0<strong><em>\u201cE\u011fer Osman Hamdi Bey Sivasl\u0131 Bir Ressam Olsayd\u0131\u201d<\/em><\/strong>\u00a0ba\u015fl\u0131\u011f\u0131ndan ilhamla eserlere bu paralelde yakla\u015f\u0131rlarken kentin tarihi yap\u0131lar\u0131n\u0131 ve \u00f6yk\u00fclerini ke\u015ffederken di\u011fer yoldan da Osmanl\u0131\u2019n\u0131n ve Bat\u0131n\u0131n orijinalli\u011fini de koruyarak yeni halleri \u00fczerine duruldu\u011funu a\u00e7\u0131klad\u0131.<\/p>\n\n\n\n<p><strong>K\u00fcrat\u00f6r Kemahl\u0131o\u011flu\u2026 Peki! Ya Bienal Atmosferinde Olursa?<\/strong><\/p>\n\n\n\n<p>Kent a\u00e7\u0131s\u0131ndan \u00f6nemli bir k\u00fclt\u00fcrel kazan\u0131m ta\u015f\u0131mas\u0131 ba\u011flam\u0131nda hem bu tarz projeler ve sergilerle tarihi ya\u015fant\u0131s\u0131na da de\u011finilmi\u015f duruyor. \u00d6zellikle birden \u00e7ok tarihi yap\u0131 ve benzer \u00e7izgide sergi mek\u00e2nlar\u0131n\u0131 belirlemek i\u015fin en heyecan verici yan\u0131. Anadolu\u2019nun \u00e7ok anlaml\u0131 ve katmanl\u0131 yap\u0131lar\u0131n\u0131 ara\u015ft\u0131rmak hi\u00e7 bitmiyordu. \u00d6zellikle Sivas kentinin tarihi mek\u00e2n ve yap\u0131lar\u0131nda her bir sergi s\u00fcrecinde sanatseverlere de izleyicilere de yeni bir \u015feyler sunmak hedeflenen ana noktalardand\u0131r. Kentin yap\u0131lar\u0131 ile kurulan ba\u011f aras\u0131nda sanatsal bir s\u00fcreci de i\u015fin i\u00e7erisine katt\u0131\u011f\u0131m\u0131zda yap\u0131lara farkl\u0131 bir ahenk de katmaktad\u0131r. Bienal atmosferi yaratma yolunda ise farkl\u0131 bir\u00e7ok yap\u0131n\u0131n projenin ilerleyi\u015fine d\u00e2hil edilmesi sonucunda olu\u015fabilecek bir yol olacakt\u0131r.<\/p>\n\n\n\n<p>4 Eyl\u00fcl 1881 tarihinde M\u00fcze-i H\u00fcmayun M\u00fcd\u00fcrl\u00fc\u011f\u00fcne atanan ve T\u00fcrk M\u00fczecilerinin d\u00f6nemini ba\u015flatan Osman Hamdi Bey\u2019in Vilayet M\u00fczelerine \u00f6nem verilmesi iste\u011fi do\u011frultusunda Sivas\u2019ta m\u00fczecilik fikri erken geli\u015fmi\u015ftir. Bu bilgilerin temelinden yola \u00e7\u0131k\u0131larak Sivas Atat\u00fcrk ve Kongre M\u00fczesi serginin ger\u00e7ekle\u015fece\u011fi mek\u00e2nlardan biri olup, uzun soluklu kolektif bir birikim alan\u0131n\u0131 temsil ederken, sanatsal bir ser\u00fcvene de kap\u0131lar\u0131n\u0131 a\u00e7\u0131yor.<\/p>\n\n\n\n<p>K\u00fcrat\u00f6r Kemahl\u0131o\u011flu ve projede yer alan t\u00fcm sanat\u00e7\u0131lar Cumhuriyetin 100.Y\u0131l\u0131\u2019nda b\u00f6yle bir projede bir arada \u00e7al\u0131\u015fmaktan onur duyduklar\u0131n\u0131 belirttiler. 15 Aral\u0131k 2023\u2019te bu \u00f6zel koleksiyonun a\u00e7\u0131l\u0131\u015f\u0131na Cumhuriyet Sergisi ile de katk\u0131 sa\u011flad\u0131lar.<\/p>\n\n\n\n<figure class=\"wp-block-gallery has-nested-images columns-default is-cropped wp-block-gallery-1 is-layout-flex wp-block-gallery-is-layout-flex\">\n<figure class=\"wp-block-image size-large\"><img loading=\"lazy\" decoding=\"async\" width=\"1024\" height=\"805\" data-id=\"96\" src=\"https:\/\/famelifemagazin.com\/wp-content\/uploads\/2023\/12\/Muhammet-Hizir-Yuksel-Ilahiyatci_003854688-1024x805.jpeg\" alt=\"\" class=\"wp-image-96\" srcset=\"https:\/\/famelifemagazin.com\/wp-content\/uploads\/2023\/12\/Muhammet-Hizir-Yuksel-Ilahiyatci_003854688-1024x805.jpeg 1024w, https:\/\/famelifemagazin.com\/wp-content\/uploads\/2023\/12\/Muhammet-Hizir-Yuksel-Ilahiyatci_003854688-300x236.jpeg 300w, https:\/\/famelifemagazin.com\/wp-content\/uploads\/2023\/12\/Muhammet-Hizir-Yuksel-Ilahiyatci_003854688-768x604.jpeg 768w, https:\/\/famelifemagazin.com\/wp-content\/uploads\/2023\/12\/Muhammet-Hizir-Yuksel-Ilahiyatci_003854688-1536x1207.jpeg 1536w, https:\/\/famelifemagazin.com\/wp-content\/uploads\/2023\/12\/Muhammet-Hizir-Yuksel-Ilahiyatci_003854688.jpeg 1870w\" sizes=\"auto, (max-width: 1024px) 100vw, 1024px\" \/><\/figure>\n\n\n\n<figure class=\"wp-block-image size-large\"><img loading=\"lazy\" decoding=\"async\" width=\"1024\" height=\"683\" data-id=\"97\" src=\"https:\/\/famelifemagazin.com\/wp-content\/uploads\/2023\/12\/Dilara-Nur-Kahraman-Osman-Hamdi-Bey-ve-Baltazzi_003854249-1024x683.jpeg\" alt=\"\" class=\"wp-image-97\" srcset=\"https:\/\/famelifemagazin.com\/wp-content\/uploads\/2023\/12\/Dilara-Nur-Kahraman-Osman-Hamdi-Bey-ve-Baltazzi_003854249-1024x683.jpeg 1024w, https:\/\/famelifemagazin.com\/wp-content\/uploads\/2023\/12\/Dilara-Nur-Kahraman-Osman-Hamdi-Bey-ve-Baltazzi_003854249-300x200.jpeg 300w, https:\/\/famelifemagazin.com\/wp-content\/uploads\/2023\/12\/Dilara-Nur-Kahraman-Osman-Hamdi-Bey-ve-Baltazzi_003854249-768x512.jpeg 768w, https:\/\/famelifemagazin.com\/wp-content\/uploads\/2023\/12\/Dilara-Nur-Kahraman-Osman-Hamdi-Bey-ve-Baltazzi_003854249-1536x1024.jpeg 1536w, https:\/\/famelifemagazin.com\/wp-content\/uploads\/2023\/12\/Dilara-Nur-Kahraman-Osman-Hamdi-Bey-ve-Baltazzi_003854249-2048x1365.jpeg 2048w\" sizes=\"auto, (max-width: 1024px) 100vw, 1024px\" \/><\/figure>\n<\/figure>\n\n\n\n<figure class=\"wp-block-gallery has-nested-images columns-default is-cropped wp-block-gallery-2 is-layout-flex wp-block-gallery-is-layout-flex\">\n<figure class=\"wp-block-image size-large\"><img loading=\"lazy\" decoding=\"async\" width=\"768\" height=\"1024\" data-id=\"99\" src=\"https:\/\/famelifemagazin.com\/wp-content\/uploads\/2023\/12\/Onur-Kavas-Kaplumbaga-Terbiyecisi-Cini_003854875-768x1024.jpeg\" alt=\"\" class=\"wp-image-99\" srcset=\"https:\/\/famelifemagazin.com\/wp-content\/uploads\/2023\/12\/Onur-Kavas-Kaplumbaga-Terbiyecisi-Cini_003854875-768x1024.jpeg 768w, https:\/\/famelifemagazin.com\/wp-content\/uploads\/2023\/12\/Onur-Kavas-Kaplumbaga-Terbiyecisi-Cini_003854875-225x300.jpeg 225w, https:\/\/famelifemagazin.com\/wp-content\/uploads\/2023\/12\/Onur-Kavas-Kaplumbaga-Terbiyecisi-Cini_003854875-1152x1536.jpeg 1152w, https:\/\/famelifemagazin.com\/wp-content\/uploads\/2023\/12\/Onur-Kavas-Kaplumbaga-Terbiyecisi-Cini_003854875.jpeg 1536w\" sizes=\"auto, (max-width: 768px) 100vw, 768px\" \/><\/figure>\n\n\n\n<figure class=\"wp-block-image size-large\"><img loading=\"lazy\" decoding=\"async\" width=\"783\" height=\"1024\" data-id=\"98\" src=\"https:\/\/famelifemagazin.com\/wp-content\/uploads\/2023\/12\/Ali-Riza-Kanac-Sehzade-Turbesinde-Dervis_003852307-783x1024.jpeg\" alt=\"\" class=\"wp-image-98\" srcset=\"https:\/\/famelifemagazin.com\/wp-content\/uploads\/2023\/12\/Ali-Riza-Kanac-Sehzade-Turbesinde-Dervis_003852307-783x1024.jpeg 783w, https:\/\/famelifemagazin.com\/wp-content\/uploads\/2023\/12\/Ali-Riza-Kanac-Sehzade-Turbesinde-Dervis_003852307-229x300.jpeg 229w, https:\/\/famelifemagazin.com\/wp-content\/uploads\/2023\/12\/Ali-Riza-Kanac-Sehzade-Turbesinde-Dervis_003852307-768x1005.jpeg 768w, https:\/\/famelifemagazin.com\/wp-content\/uploads\/2023\/12\/Ali-Riza-Kanac-Sehzade-Turbesinde-Dervis_003852307-1174x1536.jpeg 1174w, https:\/\/famelifemagazin.com\/wp-content\/uploads\/2023\/12\/Ali-Riza-Kanac-Sehzade-Turbesinde-Dervis_003852307.jpeg 1388w\" sizes=\"auto, (max-width: 783px) 100vw, 783px\" \/><\/figure>\n<\/figure>\n\n\n\n<figure class=\"wp-block-gallery has-nested-images columns-default is-cropped wp-block-gallery-3 is-layout-flex wp-block-gallery-is-layout-flex\">\n<figure class=\"wp-block-image size-large\"><img loading=\"lazy\" decoding=\"async\" width=\"1024\" height=\"683\" data-id=\"101\" src=\"https:\/\/famelifemagazin.com\/wp-content\/uploads\/2023\/12\/Caner-Kemahlioglu-Osman-Hamdi-Bey-Panosu-ve-Kaplumbaga-Terbiyecisi_003853231-1024x683.jpeg\" alt=\"\" class=\"wp-image-101\" srcset=\"https:\/\/famelifemagazin.com\/wp-content\/uploads\/2023\/12\/Caner-Kemahlioglu-Osman-Hamdi-Bey-Panosu-ve-Kaplumbaga-Terbiyecisi_003853231-1024x683.jpeg 1024w, https:\/\/famelifemagazin.com\/wp-content\/uploads\/2023\/12\/Caner-Kemahlioglu-Osman-Hamdi-Bey-Panosu-ve-Kaplumbaga-Terbiyecisi_003853231-300x200.jpeg 300w, https:\/\/famelifemagazin.com\/wp-content\/uploads\/2023\/12\/Caner-Kemahlioglu-Osman-Hamdi-Bey-Panosu-ve-Kaplumbaga-Terbiyecisi_003853231-768x512.jpeg 768w, https:\/\/famelifemagazin.com\/wp-content\/uploads\/2023\/12\/Caner-Kemahlioglu-Osman-Hamdi-Bey-Panosu-ve-Kaplumbaga-Terbiyecisi_003853231-1536x1024.jpeg 1536w, https:\/\/famelifemagazin.com\/wp-content\/uploads\/2023\/12\/Caner-Kemahlioglu-Osman-Hamdi-Bey-Panosu-ve-Kaplumbaga-Terbiyecisi_003853231-2048x1365.jpeg 2048w\" sizes=\"auto, (max-width: 1024px) 100vw, 1024px\" \/><\/figure>\n\n\n\n<figure class=\"wp-block-image size-large\"><img loading=\"lazy\" decoding=\"async\" width=\"1024\" height=\"576\" data-id=\"100\" src=\"https:\/\/famelifemagazin.com\/wp-content\/uploads\/2023\/12\/Afis-Banner_003851977-1024x576.jpg\" alt=\"\" class=\"wp-image-100\" srcset=\"https:\/\/famelifemagazin.com\/wp-content\/uploads\/2023\/12\/Afis-Banner_003851977-1024x576.jpg 1024w, https:\/\/famelifemagazin.com\/wp-content\/uploads\/2023\/12\/Afis-Banner_003851977-300x169.jpg 300w, https:\/\/famelifemagazin.com\/wp-content\/uploads\/2023\/12\/Afis-Banner_003851977-768x432.jpg 768w, https:\/\/famelifemagazin.com\/wp-content\/uploads\/2023\/12\/Afis-Banner_003851977-1536x864.jpg 1536w, https:\/\/famelifemagazin.com\/wp-content\/uploads\/2023\/12\/Afis-Banner_003851977.jpg 1920w\" sizes=\"auto, (max-width: 1024px) 100vw, 1024px\" \/><\/figure>\n<\/figure>\n\n\n<div class=\"wp-block-image\">\n<figure class=\"aligncenter size-large is-resized\"><img loading=\"lazy\" decoding=\"async\" width=\"730\" height=\"1024\" src=\"https:\/\/famelifemagazin.com\/wp-content\/uploads\/2023\/12\/Sanatci-Listesi-2_003852134-730x1024.jpeg\" alt=\"\" class=\"wp-image-102\" style=\"width:579px;height:auto\" srcset=\"https:\/\/famelifemagazin.com\/wp-content\/uploads\/2023\/12\/Sanatci-Listesi-2_003852134-730x1024.jpeg 730w, https:\/\/famelifemagazin.com\/wp-content\/uploads\/2023\/12\/Sanatci-Listesi-2_003852134-214x300.jpeg 214w, https:\/\/famelifemagazin.com\/wp-content\/uploads\/2023\/12\/Sanatci-Listesi-2_003852134-768x1077.jpeg 768w, https:\/\/famelifemagazin.com\/wp-content\/uploads\/2023\/12\/Sanatci-Listesi-2_003852134-1095x1536.jpeg 1095w, https:\/\/famelifemagazin.com\/wp-content\/uploads\/2023\/12\/Sanatci-Listesi-2_003852134-1460x2048.jpeg 1460w, https:\/\/famelifemagazin.com\/wp-content\/uploads\/2023\/12\/Sanatci-Listesi-2_003852134.jpeg 1825w\" sizes=\"auto, (max-width: 730px) 100vw, 730px\" \/><\/figure>\n<\/div>","protected":false},"excerpt":{"rendered":"<p>Tarihi Yap\u0131lar\u0131n Aralad\u0131\u011f\u0131 Kap\u0131larda: Osman Hamdi Bey Projesi 15 Aral\u0131k&#8217;ta sanat izleyicisiyle bulu\u015facak. Say\u0131n \u00d6zcan UZUN; Sivas Atat\u00fcrk ve Kongre M\u00fczesi\u2019nde T\u00fcrkiye\u2019ye m\u00fczecili\u011fi getiren isim Osman Hamdi Bey\u2019in Odas\u0131\u2019n\u0131n b\u00fcy\u00fck a\u00e7\u0131l\u0131\u015f\u0131 15 Aral\u0131k 2023 tarihinde ger\u00e7ekle\u015ftirilecek. Sivas Atat\u00fcrk ve Kongre M\u00fczesi\u2019nde;&nbsp;Osman Hamdi Bey Odas\u0131&nbsp;\u201cKemahl\u0131o\u011flu \u00d6zel Koleksiyonu\u201d&nbsp;ad\u0131 alt\u0131nda, Caner Kemahl\u0131o\u011flu M\u00fcze b\u00fcnyesinde&nbsp;\u201cT\u00fcrkiye\u2019ye M\u00fczecili\u011fi Getiren \u0130sim\u201d ayn\u0131 [&hellip;]<\/p>\n","protected":false},"author":1,"featured_media":103,"comment_status":"open","ping_status":"open","sticky":false,"template":"","format":"standard","meta":{"footnotes":""},"categories":[10,3],"tags":[],"class_list":["post-95","post","type-post","status-publish","format-standard","has-post-thumbnail","hentry","category-kultur-sanat-sergi","category-son-haberler"],"_links":{"self":[{"href":"https:\/\/famelifemagazin.com\/index.php?rest_route=\/wp\/v2\/posts\/95","targetHints":{"allow":["GET"]}}],"collection":[{"href":"https:\/\/famelifemagazin.com\/index.php?rest_route=\/wp\/v2\/posts"}],"about":[{"href":"https:\/\/famelifemagazin.com\/index.php?rest_route=\/wp\/v2\/types\/post"}],"author":[{"embeddable":true,"href":"https:\/\/famelifemagazin.com\/index.php?rest_route=\/wp\/v2\/users\/1"}],"replies":[{"embeddable":true,"href":"https:\/\/famelifemagazin.com\/index.php?rest_route=%2Fwp%2Fv2%2Fcomments&post=95"}],"version-history":[{"count":1,"href":"https:\/\/famelifemagazin.com\/index.php?rest_route=\/wp\/v2\/posts\/95\/revisions"}],"predecessor-version":[{"id":104,"href":"https:\/\/famelifemagazin.com\/index.php?rest_route=\/wp\/v2\/posts\/95\/revisions\/104"}],"wp:featuredmedia":[{"embeddable":true,"href":"https:\/\/famelifemagazin.com\/index.php?rest_route=\/wp\/v2\/media\/103"}],"wp:attachment":[{"href":"https:\/\/famelifemagazin.com\/index.php?rest_route=%2Fwp%2Fv2%2Fmedia&parent=95"}],"wp:term":[{"taxonomy":"category","embeddable":true,"href":"https:\/\/famelifemagazin.com\/index.php?rest_route=%2Fwp%2Fv2%2Fcategories&post=95"},{"taxonomy":"post_tag","embeddable":true,"href":"https:\/\/famelifemagazin.com\/index.php?rest_route=%2Fwp%2Fv2%2Ftags&post=95"}],"curies":[{"name":"wp","href":"https:\/\/api.w.org\/{rel}","templated":true}]}}