{"id":929,"date":"2024-01-24T09:09:45","date_gmt":"2024-01-24T09:09:45","guid":{"rendered":"https:\/\/famelifemagazin.com\/?p=929"},"modified":"2024-01-24T09:09:45","modified_gmt":"2024-01-24T09:09:45","slug":"superstardan-sanatta-engel-yok-vakfina-destek","status":"publish","type":"post","link":"https:\/\/famelifemagazin.com\/?p=929","title":{"rendered":"S\u00dcPERSTAR\u2019DAN SANATTA ENGEL YOK VAKFI\u2019NA DESTEK&#8230;"},"content":{"rendered":"\n<p><strong>AJDA PEKKAN 2024\u2019\u00dcN \u0130LK PLAKET\u0130N\u0130 ALDI<br><\/strong><br><strong>Yard\u0131m projelerine verdi\u011fi destek ve yard\u0131msever ki\u015fili\u011fiyle iyilik mele\u011fi olarak bilinen s\u00fcperstar Ajda Pekkan, bir kez daha \u201cSanatta Engel Yok Vakf\u0131\u201dna verdi\u011fi desteklerinden dolay\u0131 y\u0131l\u0131n ilk plaketini evinde teslim ald\u0131.<\/strong><\/p>\n\n\n\n<p>Ajda Pekkan sahne ve m\u00fczik \u00e7al\u0131\u015fmalar\u0131ndan dolay\u0131 yo\u011fun bir \u00e7al\u0131\u015fma temposunda olmas\u0131na ra\u011fmen sevgili dostu ayn\u0131 zamanda vak\u0131f ba\u015fkan yard\u0131mc\u0131l\u0131\u011f\u0131 g\u00f6revini s\u00fcrd\u00fcren Sevgi Ataman ve vak\u0131f y\u00f6neticilerini evinde a\u011f\u0131rlad\u0131. Sanatta Engel Yok Vakf\u0131 Ba\u015fkan\u0131 Yasemin Zanbak, ba\u015fkan yard\u0131mc\u0131lar\u0131 Sevgi Ataman, G\u00fclseren Zanbak ve sanat\u00e7\u0131 Semra \u00c7elik bug\u00fcne kadar vakfa g\u00f6stermi\u015f oldu\u011fu desteklerinden dolay\u0131 s\u00fcperstara te\u015fekk\u00fcr plaketi verdiler.<\/p>\n\n\n\n<p>Y\u0131l\u0131n ilk haftas\u0131nda ald\u0131\u011f\u0131 bu anlaml\u0131 plaketin manevi de\u011feri kar\u015f\u0131s\u0131nda \u00e7ok duyguland\u0131\u011f\u0131n\u0131 s\u00f6yleyen Ajda Pekkan: \u201cBu plaket sadece benim ki\u015fisel \u00e7abalar\u0131m\u0131 de\u011fil, ayn\u0131 zamanda bu \u00f6nemli meselelere dikkat \u00e7ekmek ve \u00e7\u00f6z\u00fcm odakl\u0131 projelerde yer almak i\u00e7in bir araya gelen bir\u00e7ok insan\u0131n eme\u011fini temsil ediyor. Engelli bireylerin toplumda tam anlam\u0131yla yer alabilmeleri i\u00e7in hep birlikte \u00e7al\u0131\u015fmal\u0131 ve bu alanda yap\u0131lan \u00e7abalar\u0131 art\u0131rmal\u0131y\u0131z.\u201d dedi.<br><strong><br>&nbsp;\u201cEngelleri Sanatla A\u015f\u0131yoruz\u201d<\/strong><\/p>\n\n\n\n<p>Vak\u0131f Ba\u015fkan\u0131 Yasemin Zanbak da: \u201cVakf\u0131m\u0131z\u0131n sanat\u0131n engelli bireyler i\u00e7in sadece bir ifade bi\u00e7imi olman\u0131n \u00f6tesinde, ayn\u0131 zamanda kendi potansiyellerini ke\u015ffetmelerini, g\u00fc\u00e7l\u00fc y\u00f6nlerini ortaya \u00e7\u0131karmalar\u0131n\u0131 sa\u011flayan bir ara\u00e7 oldu\u011funa inan\u0131yoruz. Bu ba\u011flamda, destek veren her birinizin, bu projelerin ba\u015far\u0131s\u0131na katk\u0131 sa\u011flayarak, engelli bireylerin sanatla bulu\u015fmalar\u0131na olanak tan\u0131d\u0131\u011f\u0131n\u0131z i\u00e7in minnettar\u0131z.\u201d s\u00f6zleriyle duygular\u0131n\u0131 dile getirdi.<\/p>\n\n\n\n<p>\u00a0Ajda Pekkan\u2019a te\u015fekk\u00fcrlerini sunan Vak\u0131f Ba\u015fkan Yard\u0131mc\u0131 Sevgi Ataman da :<br>&#8220;Sanat\u0131n, hayat\u0131n her y\u00f6n\u00fcn\u00fc zenginle\u015ftiren, insanlar\u0131 bir araya getiren ve derin ba\u011flant\u0131lar kurmalar\u0131n\u0131 sa\u011flayan g\u00fc\u00e7l\u00fc bir ara\u00e7 oldu\u011funa inan\u0131yoruz. Engelli bireyleri sanatla bulu\u015fturmak, sadece onlar\u0131n yarat\u0131c\u0131l\u0131klar\u0131n\u0131 ke\u015ffetmelerine olanak tan\u0131makla kalmaz, ayn\u0131 zamanda toplumumuzu daha kapsay\u0131c\u0131 ve \u00e7e\u015fitli k\u0131lar. Bu noktada, sizlerin ve di\u011fer t\u00fcm destekleyicilerimizin katk\u0131lar\u0131, sadece bug\u00fcn de\u011fil, ayn\u0131 zamanda gelecekte de daha fazla engelli birey sanat\u00e7\u0131n\u0131n ke\u015ffedilmesine, desteklenmesine ve topluma katk\u0131da bulunmas\u0131na olanak tan\u0131yacakt\u0131r.&#8221; dedi.<\/p>\n\n\n\n<figure class=\"wp-block-gallery has-nested-images columns-default is-cropped wp-block-gallery-1 is-layout-flex wp-block-gallery-is-layout-flex\">\n<figure class=\"wp-block-image size-large\"><img loading=\"lazy\" decoding=\"async\" width=\"820\" height=\"1024\" data-id=\"930\" src=\"https:\/\/famelifemagazin.com\/wp-content\/uploads\/2024\/01\/Sevgi-Ataman-Ajda-Pekkan-820x1024.jpg\" alt=\"\" class=\"wp-image-930\" srcset=\"https:\/\/famelifemagazin.com\/wp-content\/uploads\/2024\/01\/Sevgi-Ataman-Ajda-Pekkan-820x1024.jpg 820w, https:\/\/famelifemagazin.com\/wp-content\/uploads\/2024\/01\/Sevgi-Ataman-Ajda-Pekkan-240x300.jpg 240w, https:\/\/famelifemagazin.com\/wp-content\/uploads\/2024\/01\/Sevgi-Ataman-Ajda-Pekkan-768x960.jpg 768w, https:\/\/famelifemagazin.com\/wp-content\/uploads\/2024\/01\/Sevgi-Ataman-Ajda-Pekkan-1229x1536.jpg 1229w, https:\/\/famelifemagazin.com\/wp-content\/uploads\/2024\/01\/Sevgi-Ataman-Ajda-Pekkan-1639x2048.jpg 1639w\" sizes=\"auto, (max-width: 820px) 100vw, 820px\" \/><\/figure>\n\n\n\n<figure class=\"wp-block-image size-large\"><img loading=\"lazy\" decoding=\"async\" width=\"593\" height=\"1024\" data-id=\"931\" src=\"https:\/\/famelifemagazin.com\/wp-content\/uploads\/2024\/01\/Ajda-Pekkan-Sevgi-Ataman-Semra-Celik-593x1024.jpeg\" alt=\"\" class=\"wp-image-931\" srcset=\"https:\/\/famelifemagazin.com\/wp-content\/uploads\/2024\/01\/Ajda-Pekkan-Sevgi-Ataman-Semra-Celik-593x1024.jpeg 593w, https:\/\/famelifemagazin.com\/wp-content\/uploads\/2024\/01\/Ajda-Pekkan-Sevgi-Ataman-Semra-Celik-174x300.jpeg 174w, https:\/\/famelifemagazin.com\/wp-content\/uploads\/2024\/01\/Ajda-Pekkan-Sevgi-Ataman-Semra-Celik-768x1326.jpeg 768w, https:\/\/famelifemagazin.com\/wp-content\/uploads\/2024\/01\/Ajda-Pekkan-Sevgi-Ataman-Semra-Celik-890x1536.jpeg 890w, https:\/\/famelifemagazin.com\/wp-content\/uploads\/2024\/01\/Ajda-Pekkan-Sevgi-Ataman-Semra-Celik-1186x2048.jpeg 1186w, https:\/\/famelifemagazin.com\/wp-content\/uploads\/2024\/01\/Ajda-Pekkan-Sevgi-Ataman-Semra-Celik-scaled.jpeg 1483w\" sizes=\"auto, (max-width: 593px) 100vw, 593px\" \/><\/figure>\n<\/figure>\n\n\n\n<figure class=\"wp-block-image size-large\"><img loading=\"lazy\" decoding=\"async\" width=\"1024\" height=\"683\" src=\"https:\/\/famelifemagazin.com\/wp-content\/uploads\/2024\/01\/Gulseren-Zanbak-Yasemin-Zanbak-Ajda-Pekkan-Sevgi-Ataman-Semra-Celik-Mehtap-Colak--1024x683.jpeg\" alt=\"\" class=\"wp-image-932\" srcset=\"https:\/\/famelifemagazin.com\/wp-content\/uploads\/2024\/01\/Gulseren-Zanbak-Yasemin-Zanbak-Ajda-Pekkan-Sevgi-Ataman-Semra-Celik-Mehtap-Colak--1024x683.jpeg 1024w, https:\/\/famelifemagazin.com\/wp-content\/uploads\/2024\/01\/Gulseren-Zanbak-Yasemin-Zanbak-Ajda-Pekkan-Sevgi-Ataman-Semra-Celik-Mehtap-Colak--300x200.jpeg 300w, https:\/\/famelifemagazin.com\/wp-content\/uploads\/2024\/01\/Gulseren-Zanbak-Yasemin-Zanbak-Ajda-Pekkan-Sevgi-Ataman-Semra-Celik-Mehtap-Colak--768x512.jpeg 768w, https:\/\/famelifemagazin.com\/wp-content\/uploads\/2024\/01\/Gulseren-Zanbak-Yasemin-Zanbak-Ajda-Pekkan-Sevgi-Ataman-Semra-Celik-Mehtap-Colak--1536x1024.jpeg 1536w, https:\/\/famelifemagazin.com\/wp-content\/uploads\/2024\/01\/Gulseren-Zanbak-Yasemin-Zanbak-Ajda-Pekkan-Sevgi-Ataman-Semra-Celik-Mehtap-Colak--2048x1365.jpeg 2048w\" sizes=\"auto, (max-width: 1024px) 100vw, 1024px\" \/><\/figure>\n","protected":false},"excerpt":{"rendered":"<p>AJDA PEKKAN 2024\u2019\u00dcN \u0130LK PLAKET\u0130N\u0130 ALDIYard\u0131m projelerine verdi\u011fi destek ve yard\u0131msever ki\u015fili\u011fiyle iyilik mele\u011fi olarak bilinen s\u00fcperstar Ajda Pekkan, bir kez daha \u201cSanatta Engel Yok Vakf\u0131\u201dna verdi\u011fi desteklerinden dolay\u0131 y\u0131l\u0131n ilk plaketini evinde teslim ald\u0131. Ajda Pekkan sahne ve m\u00fczik \u00e7al\u0131\u015fmalar\u0131ndan dolay\u0131 yo\u011fun bir \u00e7al\u0131\u015fma temposunda olmas\u0131na ra\u011fmen sevgili dostu ayn\u0131 zamanda vak\u0131f ba\u015fkan yard\u0131mc\u0131l\u0131\u011f\u0131 [&hellip;]<\/p>\n","protected":false},"author":1,"featured_media":932,"comment_status":"open","ping_status":"open","sticky":false,"template":"","format":"standard","meta":{"footnotes":""},"categories":[4,3],"tags":[],"class_list":["post-929","post","type-post","status-publish","format-standard","has-post-thumbnail","hentry","category-magazin","category-son-haberler"],"_links":{"self":[{"href":"https:\/\/famelifemagazin.com\/index.php?rest_route=\/wp\/v2\/posts\/929","targetHints":{"allow":["GET"]}}],"collection":[{"href":"https:\/\/famelifemagazin.com\/index.php?rest_route=\/wp\/v2\/posts"}],"about":[{"href":"https:\/\/famelifemagazin.com\/index.php?rest_route=\/wp\/v2\/types\/post"}],"author":[{"embeddable":true,"href":"https:\/\/famelifemagazin.com\/index.php?rest_route=\/wp\/v2\/users\/1"}],"replies":[{"embeddable":true,"href":"https:\/\/famelifemagazin.com\/index.php?rest_route=%2Fwp%2Fv2%2Fcomments&post=929"}],"version-history":[{"count":1,"href":"https:\/\/famelifemagazin.com\/index.php?rest_route=\/wp\/v2\/posts\/929\/revisions"}],"predecessor-version":[{"id":933,"href":"https:\/\/famelifemagazin.com\/index.php?rest_route=\/wp\/v2\/posts\/929\/revisions\/933"}],"wp:featuredmedia":[{"embeddable":true,"href":"https:\/\/famelifemagazin.com\/index.php?rest_route=\/wp\/v2\/media\/932"}],"wp:attachment":[{"href":"https:\/\/famelifemagazin.com\/index.php?rest_route=%2Fwp%2Fv2%2Fmedia&parent=929"}],"wp:term":[{"taxonomy":"category","embeddable":true,"href":"https:\/\/famelifemagazin.com\/index.php?rest_route=%2Fwp%2Fv2%2Fcategories&post=929"},{"taxonomy":"post_tag","embeddable":true,"href":"https:\/\/famelifemagazin.com\/index.php?rest_route=%2Fwp%2Fv2%2Ftags&post=929"}],"curies":[{"name":"wp","href":"https:\/\/api.w.org\/{rel}","templated":true}]}}