{"id":924,"date":"2024-01-24T07:36:03","date_gmt":"2024-01-24T07:36:03","guid":{"rendered":"https:\/\/famelifemagazin.com\/?p=924"},"modified":"2024-01-24T07:36:03","modified_gmt":"2024-01-24T07:36:03","slug":"opelin-tamamen-elektrikli-yeni-suv-modelinin-ismi-frontera-olacak","status":"publish","type":"post","link":"https:\/\/famelifemagazin.com\/?p=924","title":{"rendered":"Opel\u2019in Tamamen Elektrikli Yeni SUV Modelinin \u0130smi \u201cFrontera\u201d Olacak!"},"content":{"rendered":"\n<p><strong>Birbirinden iddial\u0131 modelleriyle gelece\u011fin teknolojisini bug\u00fcne ta\u015f\u0131yan Opel, d\u00f6neminin efsane model isimlerinden \u201cFrontera\u201dn\u0131n 2024 y\u0131l\u0131 i\u00e7erisinde yeniden yollara d\u00f6nece\u011fini duyurdu. Yeni Frontera, Opel&#8217;in cesur ve yal\u0131n tasar\u0131m felsefesinin yeni ve sa\u011flam bir yorumu olarak \u00f6ne \u00e7\u0131karken, Alman markan\u0131n yeni \u201c\u015eim\u015fek Logosu\u201dnu ta\u015f\u0131yan ilk seri \u00fcretim otomobili olacak. <\/strong><\/p>\n\n\n\n<p>Yeni Frontera, Opel\u2019in tam elektrikli bir marka olma yolunda ilerleyi\u015finin \u00f6nemli bir kilometre ta\u015f\u0131 olarak en ba\u015f\u0131ndan itibaren elektrikli bir ara\u00e7 olarak sat\u0131\u015fa sunulacak. B\u00f6ylelikle Opel, her ara\u00e7 segmentinde en az bir elektrikli model sunabilme hedefine bir ad\u0131m daha yakla\u015facak.<\/p>\n\n\n\n<figure class=\"wp-block-gallery has-nested-images columns-default is-cropped wp-block-gallery-1 is-layout-flex wp-block-gallery-is-layout-flex\">\n<figure class=\"wp-block-image size-large\"><img loading=\"lazy\" decoding=\"async\" width=\"1024\" height=\"576\" data-id=\"925\" src=\"https:\/\/famelifemagazin.com\/wp-content\/uploads\/2024\/01\/Yeni-Opel-Frontera-2-1024x576.jpg\" alt=\"\" class=\"wp-image-925\" srcset=\"https:\/\/famelifemagazin.com\/wp-content\/uploads\/2024\/01\/Yeni-Opel-Frontera-2-1024x576.jpg 1024w, https:\/\/famelifemagazin.com\/wp-content\/uploads\/2024\/01\/Yeni-Opel-Frontera-2-300x169.jpg 300w, https:\/\/famelifemagazin.com\/wp-content\/uploads\/2024\/01\/Yeni-Opel-Frontera-2-768x432.jpg 768w, https:\/\/famelifemagazin.com\/wp-content\/uploads\/2024\/01\/Yeni-Opel-Frontera-2-1536x864.jpg 1536w, https:\/\/famelifemagazin.com\/wp-content\/uploads\/2024\/01\/Yeni-Opel-Frontera-2-2048x1152.jpg 2048w\" sizes=\"auto, (max-width: 1024px) 100vw, 1024px\" \/><\/figure>\n\n\n\n<figure class=\"wp-block-image size-large\"><img loading=\"lazy\" decoding=\"async\" width=\"1024\" height=\"576\" data-id=\"926\" src=\"https:\/\/famelifemagazin.com\/wp-content\/uploads\/2024\/01\/Yeni-Opel-Frontera-1-1024x576.jpg\" alt=\"\" class=\"wp-image-926\" srcset=\"https:\/\/famelifemagazin.com\/wp-content\/uploads\/2024\/01\/Yeni-Opel-Frontera-1-1024x576.jpg 1024w, https:\/\/famelifemagazin.com\/wp-content\/uploads\/2024\/01\/Yeni-Opel-Frontera-1-300x169.jpg 300w, https:\/\/famelifemagazin.com\/wp-content\/uploads\/2024\/01\/Yeni-Opel-Frontera-1-768x432.jpg 768w, https:\/\/famelifemagazin.com\/wp-content\/uploads\/2024\/01\/Yeni-Opel-Frontera-1-1536x864.jpg 1536w, https:\/\/famelifemagazin.com\/wp-content\/uploads\/2024\/01\/Yeni-Opel-Frontera-1-2048x1152.jpg 2048w\" sizes=\"auto, (max-width: 1024px) 100vw, 1024px\" \/><\/figure>\n<\/figure>\n","protected":false},"excerpt":{"rendered":"<p>Birbirinden iddial\u0131 modelleriyle gelece\u011fin teknolojisini bug\u00fcne ta\u015f\u0131yan Opel, d\u00f6neminin efsane model isimlerinden \u201cFrontera\u201dn\u0131n 2024 y\u0131l\u0131 i\u00e7erisinde yeniden yollara d\u00f6nece\u011fini duyurdu. Yeni Frontera, Opel&#8217;in cesur ve yal\u0131n tasar\u0131m felsefesinin yeni ve sa\u011flam bir yorumu olarak \u00f6ne \u00e7\u0131karken, Alman markan\u0131n yeni \u201c\u015eim\u015fek Logosu\u201dnu ta\u015f\u0131yan ilk seri \u00fcretim otomobili olacak. Yeni Frontera, Opel\u2019in tam elektrikli bir marka olma [&hellip;]<\/p>\n","protected":false},"author":1,"featured_media":926,"comment_status":"open","ping_status":"open","sticky":false,"template":"","format":"standard","meta":{"footnotes":""},"categories":[14,3],"tags":[],"class_list":["post-924","post","type-post","status-publish","format-standard","has-post-thumbnail","hentry","category-otomotiv","category-son-haberler"],"_links":{"self":[{"href":"https:\/\/famelifemagazin.com\/index.php?rest_route=\/wp\/v2\/posts\/924","targetHints":{"allow":["GET"]}}],"collection":[{"href":"https:\/\/famelifemagazin.com\/index.php?rest_route=\/wp\/v2\/posts"}],"about":[{"href":"https:\/\/famelifemagazin.com\/index.php?rest_route=\/wp\/v2\/types\/post"}],"author":[{"embeddable":true,"href":"https:\/\/famelifemagazin.com\/index.php?rest_route=\/wp\/v2\/users\/1"}],"replies":[{"embeddable":true,"href":"https:\/\/famelifemagazin.com\/index.php?rest_route=%2Fwp%2Fv2%2Fcomments&post=924"}],"version-history":[{"count":1,"href":"https:\/\/famelifemagazin.com\/index.php?rest_route=\/wp\/v2\/posts\/924\/revisions"}],"predecessor-version":[{"id":927,"href":"https:\/\/famelifemagazin.com\/index.php?rest_route=\/wp\/v2\/posts\/924\/revisions\/927"}],"wp:featuredmedia":[{"embeddable":true,"href":"https:\/\/famelifemagazin.com\/index.php?rest_route=\/wp\/v2\/media\/926"}],"wp:attachment":[{"href":"https:\/\/famelifemagazin.com\/index.php?rest_route=%2Fwp%2Fv2%2Fmedia&parent=924"}],"wp:term":[{"taxonomy":"category","embeddable":true,"href":"https:\/\/famelifemagazin.com\/index.php?rest_route=%2Fwp%2Fv2%2Fcategories&post=924"},{"taxonomy":"post_tag","embeddable":true,"href":"https:\/\/famelifemagazin.com\/index.php?rest_route=%2Fwp%2Fv2%2Ftags&post=924"}],"curies":[{"name":"wp","href":"https:\/\/api.w.org\/{rel}","templated":true}]}}