{"id":876,"date":"2024-01-23T13:33:57","date_gmt":"2024-01-23T13:33:57","guid":{"rendered":"https:\/\/famelifemagazin.com\/?p=876"},"modified":"2024-01-23T13:33:58","modified_gmt":"2024-01-23T13:33:58","slug":"gezinen-bir-golgedir-hayat","status":"publish","type":"post","link":"https:\/\/famelifemagazin.com\/?p=876","title":{"rendered":"GEZ\u0130NEN B\u0130R G\u00d6LGED\u0130R HAYAT!"},"content":{"rendered":"\n<p>Nuray \u00d6zler Yolcu<\/p>\n\n\n\n<p>GEZ\u0130NEN B\u0130R G\u00d6LGED\u0130R HAYAT<\/p>\n\n\n\n<p>ArtHan Galeri 1<\/p>\n\n\n\n<p>3 Ocak-4 \u015eubat 2024<\/p>\n\n\n\n<p>&#8220;Gezinen bir g\u00f6lgedir hayat&#8221; adl\u0131 sergide, \u0131\u015f\u0131\u011f\u0131n oyunuyla olu\u015fan g\u00f6lge, insan ve do\u011fa aras\u0131ndaki b\u00fct\u00fcnsel birli\u011fi vurgulayan bir i\u015faret olarak \u00f6ne \u00e7\u0131k\u0131yor. \u00d6nceki eserlerindeki ayna, su ve sembolik duygu yans\u0131malar\u0131, sergide yeniden anlam buluyor. I\u015f\u0131\u011f\u0131n do\u011fa ve fig\u00fcrlerle kurdu\u011fu g\u00f6lge ili\u015fkisi, fig\u00fcr\/insan ve do\u011fa aras\u0131ndaki \u00f6ncelik fikrini y\u0131karak, zaman\u0131n de\u011fi\u015fen ak\u0131\u015f\u0131yla birle\u015fen bir b\u00fct\u00fcn\u00fc anlamland\u0131r\u0131yor. Varolu\u015fun ge\u00e7icili\u011fiyle y\u00fczle\u015fen insan, \u0131\u015f\u0131\u011fa do\u011fru yeni bir \u00e7\u0131k\u0131\u015f aray\u0131\u015f\u0131nda genellikle g\u00f6lge olarak beliriyor, ancak as\u0131l anlam\u0131n\u0131 kendi i\u00e7sel \u0131\u015f\u0131\u011f\u0131yla bulmak istiyor. <\/p>\n\n\n\n<p>Bu paradoks, ya\u015fam\u0131n ge\u00e7ici do\u011fas\u0131n\u0131 ve insan\u0131n ke\u015ffetme arzusunu sergide yo\u011fun bir \u015fekilde hissettiriyor. G\u00f6lge, \u0131\u015f\u0131\u011f\u0131n arzu nesnesi gibi ortaya \u00e7\u0131karken, var olmak i\u00e7in b\u00fct\u00fcn i\u00e7inde ayr\u0131 ayr\u0131 yerini koruyor. Sergi, do\u011fa ile insan aras\u0131ndaki ger\u00e7ek ben&#8217;i arama \u00e7abas\u0131n\u0131n g\u00f6rsel bir yans\u0131mas\u0131d\u0131r. *GEZ\u0130NEN B\u0130R G\u00d6LGED\u0130R HAYAT :Shakespeare, Macbeth \u2018ten al\u0131nt\u0131d\u0131r.<\/p>\n\n\n\n<p>ARTHAN GALLERY<\/p>\n\n\n\n<p>Kur\u015funlu Han\u2019\u0131n tarihi dokusuyla g\u00fcn\u00fcm\u00fcz\u00fcn sanat eserlerini biraraya getirip izleyiciye ve sanat\u00e7\u0131ya e\u015fsiz bir deneyim ya\u015fatmay\u0131 ama\u00e7l\u0131yor. Sanat ve hayatla i\u00e7 i\u00e7e olmak isteyen herkesin bulu\u015fma noktas\u0131\u2026<\/p>\n\n\n\n<p>R\u00dcSTEM PA\u015eA KERVANSARAYI \u201cKUR\u015eUNLU HAN\u201d H\u0130K\u00c2YES\u0130<\/p>\n\n\n\n<p>Mimar Sinan\u2019\u0131n eseri R\u00fcstem Pa\u015fa Kervansaray\u0131 \u201cKur\u015funlu Han\u201d, 1561\u2019den g\u00fcn\u00fcm\u00fcze de\u011fi\u015fime tan\u0131kl\u0131k edip ev sahipli\u011fi yapmaya devam ediyor. Y\u00fczy\u0131llar i\u00e7inde ilk St. Michele katedrali, sonras\u0131nda kervansaray olarak hizmet vermi\u015f olan mek\u00e2n g\u00fcn\u00fcm\u00fczde ticaret erbab\u0131, \u00fcretim at\u00f6lyeleri ve farkl\u0131 disiplinlerde yap\u0131tlar veren sanat\u00e7\u0131lar\u0131n yan\u0131 s\u0131ra zanaatk\u00e2rlar\u0131, tasar\u0131mc\u0131lar\u0131, mimarlar\u0131 da ayn\u0131 \u00e7at\u0131 alt\u0131nda toplamakta. Kur\u015funlu Han, zengin ge\u00e7mi\u015fini bug\u00fcn\u00fcn i\u015fleri ile harmanlay\u0131p toz tutmaya devam ediyor.<\/p>\n\n\n\n<p>Nuray \u00d6zler Yolcu 1983 K\u0131rcaali, Bulgaristan\u2019da do\u011fdu. Bursa Anadolu G\u00fczel Sanatlar Lisesi Resim b\u00f6l\u00fcm\u00fcnden mezun oldu (1997\/2001) Mimar Sinan G\u00fczel Sanatlar \u00dcniversitesi Resim B\u00f6l\u00fcm\u00fcn\u00fc Devrim Erbil, Ayd\u0131n Ayan, Yal\u00e7\u0131n Karayag\u0131z, Mustafa Orkun M\u00fcft\u00fco\u011flu At\u00f6lyesinde tamamlad\u0131. \u0130rfan Okan\u2019dan litografi e\u011fitimi ald\u0131. (2001\/2007) Yurt i\u00e7i ve yurt d\u0131\u015f\u0131nda pek \u00e7ok ki\u015fisel ve karma sergilere kat\u0131ld\u0131. 2009\u2019dan bu yana \u0130stanbul Karak\u00f6y\u2019deki at\u00f6lyesinde \u00f6zg\u00fcn \u00e7al\u0131\u015fmalar\u0131n\u0131 s\u00fcrd\u00fcr\u00fcyor.<\/p>\n\n\n\n<p>ArapCami Mh.K\u00fcrek\u00e7iler Kap\u0131s\u0131 Sk. Kur\u015funlu Han No:47\/7 Karak\u00f6y<\/p>\n\n\n\n<p>\u00c7al\u0131\u015fma Saatleri; Haftai\u00e7i 11.00 &#8211; 18.00, Cumartesi 11.00 &#8211; 15.00<\/p>\n\n\n<div class=\"wp-block-image\">\n<figure class=\"aligncenter size-large\"><img loading=\"lazy\" decoding=\"async\" width=\"532\" height=\"1024\" src=\"https:\/\/famelifemagazin.com\/wp-content\/uploads\/2024\/01\/Gezinen-Bir-Golgedir-Hayat_163239880-532x1024.jpg\" alt=\"\" class=\"wp-image-877\" srcset=\"https:\/\/famelifemagazin.com\/wp-content\/uploads\/2024\/01\/Gezinen-Bir-Golgedir-Hayat_163239880-532x1024.jpg 532w, https:\/\/famelifemagazin.com\/wp-content\/uploads\/2024\/01\/Gezinen-Bir-Golgedir-Hayat_163239880-156x300.jpg 156w, https:\/\/famelifemagazin.com\/wp-content\/uploads\/2024\/01\/Gezinen-Bir-Golgedir-Hayat_163239880-768x1479.jpg 768w, https:\/\/famelifemagazin.com\/wp-content\/uploads\/2024\/01\/Gezinen-Bir-Golgedir-Hayat_163239880-798x1536.jpg 798w, https:\/\/famelifemagazin.com\/wp-content\/uploads\/2024\/01\/Gezinen-Bir-Golgedir-Hayat_163239880-1063x2048.jpg 1063w, https:\/\/famelifemagazin.com\/wp-content\/uploads\/2024\/01\/Gezinen-Bir-Golgedir-Hayat_163239880-scaled.jpg 1329w\" sizes=\"auto, (max-width: 532px) 100vw, 532px\" \/><\/figure>\n<\/div>","protected":false},"excerpt":{"rendered":"<p>Nuray \u00d6zler Yolcu GEZ\u0130NEN B\u0130R G\u00d6LGED\u0130R HAYAT ArtHan Galeri 1 3 Ocak-4 \u015eubat 2024 &#8220;Gezinen bir g\u00f6lgedir hayat&#8221; adl\u0131 sergide, \u0131\u015f\u0131\u011f\u0131n oyunuyla olu\u015fan g\u00f6lge, insan ve do\u011fa aras\u0131ndaki b\u00fct\u00fcnsel birli\u011fi vurgulayan bir i\u015faret olarak \u00f6ne \u00e7\u0131k\u0131yor. \u00d6nceki eserlerindeki ayna, su ve sembolik duygu yans\u0131malar\u0131, sergide yeniden anlam buluyor. I\u015f\u0131\u011f\u0131n do\u011fa ve fig\u00fcrlerle kurdu\u011fu g\u00f6lge ili\u015fkisi, [&hellip;]<\/p>\n","protected":false},"author":1,"featured_media":878,"comment_status":"open","ping_status":"open","sticky":false,"template":"","format":"standard","meta":{"footnotes":""},"categories":[10],"tags":[],"class_list":["post-876","post","type-post","status-publish","format-standard","has-post-thumbnail","hentry","category-kultur-sanat-sergi"],"_links":{"self":[{"href":"https:\/\/famelifemagazin.com\/index.php?rest_route=\/wp\/v2\/posts\/876","targetHints":{"allow":["GET"]}}],"collection":[{"href":"https:\/\/famelifemagazin.com\/index.php?rest_route=\/wp\/v2\/posts"}],"about":[{"href":"https:\/\/famelifemagazin.com\/index.php?rest_route=\/wp\/v2\/types\/post"}],"author":[{"embeddable":true,"href":"https:\/\/famelifemagazin.com\/index.php?rest_route=\/wp\/v2\/users\/1"}],"replies":[{"embeddable":true,"href":"https:\/\/famelifemagazin.com\/index.php?rest_route=%2Fwp%2Fv2%2Fcomments&post=876"}],"version-history":[{"count":1,"href":"https:\/\/famelifemagazin.com\/index.php?rest_route=\/wp\/v2\/posts\/876\/revisions"}],"predecessor-version":[{"id":879,"href":"https:\/\/famelifemagazin.com\/index.php?rest_route=\/wp\/v2\/posts\/876\/revisions\/879"}],"wp:featuredmedia":[{"embeddable":true,"href":"https:\/\/famelifemagazin.com\/index.php?rest_route=\/wp\/v2\/media\/878"}],"wp:attachment":[{"href":"https:\/\/famelifemagazin.com\/index.php?rest_route=%2Fwp%2Fv2%2Fmedia&parent=876"}],"wp:term":[{"taxonomy":"category","embeddable":true,"href":"https:\/\/famelifemagazin.com\/index.php?rest_route=%2Fwp%2Fv2%2Fcategories&post=876"},{"taxonomy":"post_tag","embeddable":true,"href":"https:\/\/famelifemagazin.com\/index.php?rest_route=%2Fwp%2Fv2%2Ftags&post=876"}],"curies":[{"name":"wp","href":"https:\/\/api.w.org\/{rel}","templated":true}]}}