{"id":846,"date":"2024-01-20T11:54:58","date_gmt":"2024-01-20T11:54:58","guid":{"rendered":"https:\/\/famelifemagazin.com\/?p=846"},"modified":"2024-01-20T11:54:59","modified_gmt":"2024-01-20T11:54:59","slug":"unlu-sarkici-derya-ulugun-nefes-kesen-sahne-tarzi-cok-konusuldu-begeni-ve-yorum-yagdi","status":"publish","type":"post","link":"https:\/\/famelifemagazin.com\/?p=846","title":{"rendered":"\u00dcnl\u00fc \u015fark\u0131c\u0131 Derya Ulu\u011f&#8217;un nefes kesen sahne tarz\u0131 \u00e7ok konu\u015fuldu! Be\u011feni ve yorum ya\u011fd\u0131&#8230;"},"content":{"rendered":"\n<p><img loading=\"lazy\" decoding=\"async\" width=\"32\" height=\"32\" src=\"https:\/\/imgrosetta.mynet.com.tr\/file\/18285282\/18285282-300x300.jpg\" alt=\"Ceylan Y\u0131ld\u0131z\"> Ceylan Y\u0131ld\u0131z <em>Mynet Magazin Edit\u00f6r\u00fc<\/em><\/p>\n\n\n\n<p><strong>Pop m\u00fczi\u011fin g\u00fc\u00e7l\u00fc seslerinden\u00a0<a href=\"https:\/\/www.mynet.com\/haberler\/derya-ulug\">Derya Ulu\u011f<\/a>\u00a0sahne tarz\u0131, \u00f6zel hayat\u0131 ve\u00a0<a href=\"https:\/\/www.mynet.com\/haberler\/sosyal-medya\">sosyal medya<\/a>\u00a0payla\u015f\u0131mlar\u0131yla g\u00fcndemden d\u00fc\u015fm\u00fcyor. \u015eark\u0131c\u0131n\u0131n son payla\u015f\u0131m\u0131 da \u00e7ok konu\u015fuldu. Sosyal medya hesab\u0131ndan sahne tarz\u0131n\u0131 payla\u015ft\u0131. Payla\u015f\u0131ma k\u0131sa s\u00fcrede be\u011feni ve yorum ya\u011fd\u0131.<\/strong><a href=\"https:\/\/www.facebook.com\/sharer\/sharer.php?u=https%3A%2F%2Fwww.mynet.com%2Fgaleri%2Funlu-sarkici-derya-ulug-un-sahne-tarzi-cok-konusuldu-nefes-kesen-sahne-tarzina-begeni-ve-yorum-yagdi-493054-mymagazin\"><\/a><\/p>\n\n\n<div class=\"wp-block-image\">\n<figure class=\"aligncenter is-resized\"><img decoding=\"async\" src=\"https:\/\/imgrosetta.mynet.com.tr\/file\/18301240\/18301240-728xauto.jpg\" alt=\"\" style=\"width:480px;height:auto\"\/><\/figure>\n<\/div>\n\n\n<p>Ebru G\u00fcnde\u015f\u2019in yan\u0131nda vokalistlik yaparak kariyerine ba\u015flayan Derya Ulu\u011f, daha sonra kendi alb\u00fcm\u00fcn\u00fc \u00e7\u0131kararak piyasaya giri\u015f yapm\u0131\u015ft\u0131r. Ulu\u011f, son y\u0131llar\u0131n en \u00e7ok konu\u015fulan isimlerinden biridir.<\/p>\n\n\n\n<h2 class=\"wp-block-heading\">SAHNE TARZI G\u00dcNDEM OLDU&#8230;<\/h2>\n\n\n<div class=\"wp-block-image\">\n<figure class=\"aligncenter is-resized\"><img decoding=\"async\" src=\"https:\/\/imgrosetta.mynet.com.tr\/file\/18301145\/728xauto.png\" alt=\"\" style=\"width:482px;height:auto\"\/><\/figure>\n<\/div>\n\n\n<p>Yapt\u0131\u011f\u0131 payla\u015f\u0131mlar ve ba\u015far\u0131s\u0131yla s\u0131k s\u0131k g\u00fcndem olan \u015fark\u0131c\u0131 Derya Ulu\u011f son payla\u015f\u0131m\u0131yla da g\u00fcndem oldu. \u015eark\u0131c\u0131 1.1 milyon takip\u00e7isi bulunan Instagram hesab\u0131ndan sahne tarz\u0131n\u0131 payla\u015ft\u0131.<\/p>\n\n\n<div class=\"wp-block-image\">\n<figure class=\"aligncenter is-resized\"><img decoding=\"async\" src=\"https:\/\/imgrosetta.mynet.com.tr\/file\/18301146\/728xauto.png\" alt=\"\" style=\"width:484px;height:auto\"\/><\/figure>\n<\/div>\n\n\n<p>Payla\u015f\u0131ma k\u0131sa s\u00fcrede be\u011feni ve yorum ya\u011fd\u0131. \u015eark\u0131c\u0131 payla\u015f\u0131m\u0131na &#8220;Zerafetlerinden ve enerjilerinden \u00e7ok etkilendi\u011fim insanlara konser vermenin b\u00fcy\u00fcs\u00fcyle haf\u0131zama kaz\u0131nan, unutamayaca\u011f\u0131m bir konserdi. Onlar kim olduklar\u0131n\u0131 biliyorlar&#8221; notunu d\u00fc\u015ft\u00fc.<\/p>\n\n\n<div class=\"wp-block-image\">\n<figure class=\"aligncenter is-resized\"><img decoding=\"async\" src=\"https:\/\/imgrosetta.mynet.com.tr\/file\/18301147\/728xauto.png\" alt=\"\" style=\"width:477px;height:auto\"\/><\/figure>\n<\/div>\n\n\n<p>Cesur payla\u015f\u0131m\u0131 \u00e7ok konu\u015fulurken \u00fcnl\u00fc \u015fark\u0131c\u0131ya sosyal medyada; &#8216;Bu g\u00fczellik ne?&#8217;, &#8216;Fizi\u011fin harika&#8217;, &#8216;Harika g\u00f6r\u00fcn\u00fcyorsun&#8217; gibi yorumlar yap\u0131ld\u0131.<\/p>\n\n\n<div class=\"wp-block-image\">\n<figure class=\"aligncenter is-resized\"><img decoding=\"async\" src=\"https:\/\/imgrosetta.mynet.com.tr\/file\/18301148\/728xauto.png\" alt=\"\" style=\"width:481px;height:auto\"\/><\/figure>\n<\/div>\n\n\n<p>21 \u015eubat 1986 y\u0131l\u0131nda \u0130zmir\u2019de d\u00fcnyaya gelen Derya Ulu\u011f, k\u00fc\u00e7\u00fck ya\u015flardan itibaren m\u00fczikle ilgilenmi\u015ftir. 8 Ya\u015f\u0131ndayken bir ses yar\u0131\u015fmas\u0131na kat\u0131lan Ulu\u011f, daha sonra Mu\u011fla \u00dcniversitesi M\u00fczik \u00d6\u011fretmenli\u011fi b\u00f6l\u00fcm\u00fcn\u00fc tamamlam\u0131\u015ft\u0131r. Y\u00fcksek lisans\u0131n\u0131 ise Hali\u00e7 \u00dcniversitesi\u2019nde Devlet Konservatuar\u0131\u2019nda tamamlam\u0131\u015ft\u0131r.<\/p>\n\n\n<div class=\"wp-block-image\">\n<figure class=\"aligncenter is-resized\"><img decoding=\"async\" src=\"https:\/\/imgrosetta.mynet.com.tr\/file\/18301149\/728xauto.png\" alt=\"\" style=\"width:479px;height:auto\"\/><\/figure>\n<\/div>\n\n\n<p>3 y\u0131l Ebru G\u00fcnde\u015f\u2019in vokalistli\u011fini yapan Ulu\u011f, buradan edindi\u011fi tecr\u00fcbelerle kendi alb\u00fcm\u00fcn\u00fc \u00e7\u0131karmak istemi\u015ftir. M\u00fczik hayat\u0131na profesyonel anlamda devam etmek isteyen Ulu\u011f, bu ama\u00e7la Ebru G\u00fcnde\u015f\u2019in yan\u0131ndan ayr\u0131lm\u0131\u015ft\u0131r.<\/p>\n\n\n<div class=\"wp-block-image\">\n<figure class=\"aligncenter is-resized\"><img decoding=\"async\" src=\"https:\/\/imgrosetta.mynet.com.tr\/file\/18301151\/1080xauto.png\" alt=\"\" style=\"width:483px;height:auto\"\/><\/figure>\n<\/div>\n\n\n<p>2016 senesinde ise ilk alb\u00fcm\u00fc olan \u201cOkyanus\u201du \u00e7\u0131karm\u0131\u015ft\u0131r. Milyonlarca insan taraf\u0131ndan dinlenen alb\u00fcm, 43. Pantene Alt\u0131n Kelebek \u00d6d\u00fclleri ile ta\u00e7land\u0131r\u0131lm\u0131\u015ft\u0131r.<\/p>\n\n\n<div class=\"wp-block-image\">\n<figure class=\"aligncenter is-resized\"><img decoding=\"async\" src=\"https:\/\/imgrosetta.mynet.com.tr\/file\/18301152\/1080xauto.png\" alt=\"\" style=\"width:484px;height:auto\"\/><\/figure>\n<\/div>\n\n\n<p>2016 senesinde, Pantene Alt\u0131n Kelebek \u00d6d\u00fclleri\u2019nde \u201cEn iyi \u00e7\u0131k\u0131\u015f yapan solist\u201d \u00f6d\u00fcl\u00fcne lay\u0131k g\u00f6r\u00fclm\u00fc\u015ft\u00fcr.<\/p>\n","protected":false},"excerpt":{"rendered":"<p>Ceylan Y\u0131ld\u0131z Mynet Magazin Edit\u00f6r\u00fc Pop m\u00fczi\u011fin g\u00fc\u00e7l\u00fc seslerinden\u00a0Derya Ulu\u011f\u00a0sahne tarz\u0131, \u00f6zel hayat\u0131 ve\u00a0sosyal medya\u00a0payla\u015f\u0131mlar\u0131yla g\u00fcndemden d\u00fc\u015fm\u00fcyor. \u015eark\u0131c\u0131n\u0131n son payla\u015f\u0131m\u0131 da \u00e7ok konu\u015fuldu. Sosyal medya hesab\u0131ndan sahne tarz\u0131n\u0131 payla\u015ft\u0131. Payla\u015f\u0131ma k\u0131sa s\u00fcrede be\u011feni ve yorum ya\u011fd\u0131. Ebru G\u00fcnde\u015f\u2019in yan\u0131nda vokalistlik yaparak kariyerine ba\u015flayan Derya Ulu\u011f, daha sonra kendi alb\u00fcm\u00fcn\u00fc \u00e7\u0131kararak piyasaya giri\u015f yapm\u0131\u015ft\u0131r. Ulu\u011f, son [&hellip;]<\/p>\n","protected":false},"author":1,"featured_media":847,"comment_status":"open","ping_status":"open","sticky":false,"template":"","format":"standard","meta":{"footnotes":""},"categories":[4,3],"tags":[],"class_list":["post-846","post","type-post","status-publish","format-standard","has-post-thumbnail","hentry","category-magazin","category-son-haberler"],"_links":{"self":[{"href":"https:\/\/famelifemagazin.com\/index.php?rest_route=\/wp\/v2\/posts\/846","targetHints":{"allow":["GET"]}}],"collection":[{"href":"https:\/\/famelifemagazin.com\/index.php?rest_route=\/wp\/v2\/posts"}],"about":[{"href":"https:\/\/famelifemagazin.com\/index.php?rest_route=\/wp\/v2\/types\/post"}],"author":[{"embeddable":true,"href":"https:\/\/famelifemagazin.com\/index.php?rest_route=\/wp\/v2\/users\/1"}],"replies":[{"embeddable":true,"href":"https:\/\/famelifemagazin.com\/index.php?rest_route=%2Fwp%2Fv2%2Fcomments&post=846"}],"version-history":[{"count":1,"href":"https:\/\/famelifemagazin.com\/index.php?rest_route=\/wp\/v2\/posts\/846\/revisions"}],"predecessor-version":[{"id":848,"href":"https:\/\/famelifemagazin.com\/index.php?rest_route=\/wp\/v2\/posts\/846\/revisions\/848"}],"wp:featuredmedia":[{"embeddable":true,"href":"https:\/\/famelifemagazin.com\/index.php?rest_route=\/wp\/v2\/media\/847"}],"wp:attachment":[{"href":"https:\/\/famelifemagazin.com\/index.php?rest_route=%2Fwp%2Fv2%2Fmedia&parent=846"}],"wp:term":[{"taxonomy":"category","embeddable":true,"href":"https:\/\/famelifemagazin.com\/index.php?rest_route=%2Fwp%2Fv2%2Fcategories&post=846"},{"taxonomy":"post_tag","embeddable":true,"href":"https:\/\/famelifemagazin.com\/index.php?rest_route=%2Fwp%2Fv2%2Ftags&post=846"}],"curies":[{"name":"wp","href":"https:\/\/api.w.org\/{rel}","templated":true}]}}