{"id":84,"date":"2023-12-07T04:33:18","date_gmt":"2023-12-07T04:33:18","guid":{"rendered":"https:\/\/famelifemagazin.com\/?p=84"},"modified":"2023-12-07T04:33:19","modified_gmt":"2023-12-07T04:33:19","slug":"soktas-stella-mccartney-ile-cop28e-damga-vurdu","status":"publish","type":"post","link":"https:\/\/famelifemagazin.com\/?p=84","title":{"rendered":"S\u00d6KTA\u015e, Stella McCartney ile COP28\u2019e damga vurdu"},"content":{"rendered":"\n<p><strong>L\u00fcks ve premium moda markalar\u0131 i\u00e7in pamuklu kuma\u015f tasarlay\u0131p \u00fcreten, \u2018onar\u0131c\u0131 tar\u0131m ve onar\u0131c\u0131 pamuk\u2019 gibi s\u00fcrd\u00fcr\u00fclebilir projeleriyle Stella McCartney\u2019in i\u015fbirli\u011fi yapt\u0131\u011f\u0131 tek T\u00fcrk firmas\u0131 olan S\u00d6KTA\u015e Tekstil, Dubai&#8217;de ger\u00e7ekle\u015ftirilen Birle\u015fmi\u015f Milletler 28. \u0130klim De\u011fi\u015fikli\u011fi Konferans\u0131 COP28\u2019e kat\u0131larak d\u00fcnya arenas\u0131nda s\u00fcrd\u00fcr\u00fclebilir uygulamalar\u0131n\u0131 tan\u0131tt\u0131.<\/strong><\/p>\n\n\n\n<p>D\u00fcnya genelinde ya\u015fanan iklim krizi, \u00f6zellikle Covid 19 pandemisi ile ortaya \u00e7\u0131kan yeni riskler ve kayg\u0131lar sonras\u0131nda daha ya\u015fanabilir bir gezegene sahip olabilmek i\u00e7in s\u00fcrd\u00fcr\u00fclebilir ve temiz enerji ile \u00fcretim yollar\u0131na olan talebi art\u0131rd\u0131. Bu kapsamda ger\u00e7ekle\u015ftirilen Birle\u015fmi\u015f Milletler 28. \u0130klim De\u011fi\u015fikli\u011fi Konferans\u0131 COP28\u2019e davet edilen <strong>S\u00d6KTA\u015e Tekstil<\/strong>, i\u00e7inde bulundu\u011fumuz bu de\u011fi\u015fim \u00e7a\u011f\u0131nda; s\u00fcrd\u00fcr\u00fclebilir i\u015f d\u00f6n\u00fc\u015f\u00fcm\u00fcn\u00fc ger\u00e7ekle\u015ftiren, ye\u015fil d\u00f6n\u00fc\u015f\u00fcm\u00fc ba\u015far\u0131yla y\u00f6neten, i\u015flerini gelece\u011fe ve yeni ekonomiye haz\u0131r hale getiren bir T\u00fcrk firmas\u0131 olarak 3. kez etkinlikteki yerini ald\u0131.<\/p>\n\n\n\n<p><strong>S\u00f6kta\u015f Tekstil Stella McCartney i\u015fbirli\u011fi<\/strong><\/p>\n\n\n\n<p>2023&#8217;e damgas\u0131n\u0131 vuran s\u00f6zc\u00fcklerden en \u00f6nemlisi ku\u015fkusuz \u2018s\u00fcrd\u00fcr\u00fclebilirlik\u2019ti. Pek \u00e7ok firma ve marka, oda\u011f\u0131na s\u00fcrd\u00fcr\u00fclebilirli\u011fi alan projeleriyle daha iyi bir d\u00fcnya i\u00e7in elini ta\u015f\u0131n alt\u0131na koydu. S\u00d6KTA\u015e Tekstil de 4,5 y\u0131l \u00f6ncesinde Stella McCartney ile ger\u00e7ekle\u015ftirdi\u011fi i\u015fbirli\u011fi \u00e7er\u00e7evesinde, d\u00fcnya tar\u0131m\u0131n\u0131 d\u00fczeltmek ve moda sekt\u00f6r\u00fcn\u00fcn karbon ayak izini azaltmak ad\u0131na ba\u015flatt\u0131klar\u0131 bir uygulama olan \u2018onar\u0131c\u0131 tar\u0131m\u2019 ve \u2018onar\u0131c\u0131 pamuk\u2019 projeleri ile COP28\u2019e damgas\u0131n\u0131 vurdu.<\/p>\n\n\n\n<p>COP28 kapsam\u0131nda 1 Aral\u0131k g\u00fcn\u00fc Bloomberg\u2019e r\u00f6portaj veren Stella McCartney, modan\u0131n ve gezegenimizin gelece\u011finin vegan oldu\u011funu anlatt\u0131\u011f\u0131, S\u00f6kta\u015f Tekstil taraf\u0131ndan \u00fcretilmi\u015f g\u00f6mle\u011fiyle kat\u0131ld\u0131\u011f\u0131 yay\u0131nda, S\u00f6kta\u015f Tekstil ile olan i\u015fbirliklerinden de bahsetti.<\/p>\n\n\n\n<p><strong>Y\u00fczde y\u00fcz izlenebilir ilk tekstil \u00fcr\u00fcn\u00fc Stella McCartney taraf\u0131ndan bu sezon \u00fcretildi<\/strong><\/p>\n\n\n\n<p>3\u00a0Aral\u0131k\u2019ta onar\u0131c\u0131 pamuk ile s\u00fcrd\u00fcr\u00fclebilirlik s\u00fcre\u00e7lerini anlatan, Stella McCartney ile birlikte geli\u015ftirdi\u011fi \u00fcr\u00fcnleri sunan detayl\u0131 bir workshop veren <strong>S\u00d6KTA\u015e Tekstil\u2019in CEO\u2019su Muzaffer Kayhan<\/strong>, 4 Aral\u0131k g\u00fcn\u00fc Bloomberg Green\u2019in\u00a0COP28 i\u00e7in d\u00fczenledi\u011fi \u00f6zel bir panele konu\u015fmac\u0131 olarak kat\u0131ld\u0131. Panelde, S\u00d6KTA\u015e Tekstil\u2019in s\u00fcrd\u00fcr\u00fclebilirlikle ilgili olan \u00f6nc\u00fc uygulamalar\u0131n\u0131, \u00f6n\u00fcm\u00fczdeki d\u00f6nem bu konudaki hedeflerini anlatan Kayhan \u015funlar\u0131 kaydetti: \u201cOnar\u0131c\u0131 tar\u0131m, toprak sa\u011fl\u0131\u011f\u0131n\u0131 yeniden in\u015fa etmek ve moda sekt\u00f6r\u00fcn\u00fcn karbon ayak izini azaltmak ad\u0131na ba\u015flatt\u0131\u011f\u0131m\u0131z bir proje. <\/p>\n\n\n\n<p>Biz, bu projeye 5.5 d\u00f6n\u00fcmle ba\u015flam\u0131\u015ft\u0131k, \u00f6n\u00fcm\u00fczdeki sene hedefimiz ise 250 hektara kadar y\u00fckselmek. En son sezonumuzda 100 hektarl\u0131k alanda bu projemizi geni\u015flettik. Bizim g\u00f6rd\u00fc\u011f\u00fcm\u00fcz kadar\u0131yla, tar\u0131m alanlar\u0131ndaki en etkili ve \u00fcmit verici giri\u015fim bu. Onar\u0131c\u0131 tar\u0131m\u0131n hedeflerinden bir tanesi; atmosferdeki karbondioksiti karbon olarak topra\u011f\u0131n i\u00e7ine g\u00f6mmek. Bu da sentetik g\u00fcbrelere ve yo\u011fun su t\u00fcketimine duydu\u011fumuz ihtiyac\u0131 azaltan bir durum. Onar\u0131c\u0131 tar\u0131m, topraktaki bio-\u00e7e\u015fitlili\u011fin canlanmas\u0131n\u0131, topra\u011f\u0131n erozyon ve farkl\u0131 afetlere kar\u015f\u0131 dayan\u0131kl\u0131l\u0131k kazanmas\u0131n\u0131 sa\u011fl\u0131yor.<\/p>\n\n\n\n<p>D\u00fcnyada 1 milyar 350 milyon hektar tar\u0131m alan\u0131 mevcut. Biz bunun 3\u2019te 1\u2019ini onar\u0131c\u0131 tar\u0131ma \u00e7evirebilirsek \u015fayet, insanl\u0131\u011f\u0131n atmosfere sald\u0131\u011f\u0131 b\u00fct\u00fcn karbondioksiti yok edebiliyoruz. Bu \u00e7ok b\u00fcy\u00fck bir ad\u0131m. Karbon negatife giden bir yolda ciddi bir inovasyon. \u00c7evresel etkisi bak\u0131m\u0131ndan onar\u0131c\u0131 pamu\u011fa olan ilginin artt\u0131\u011f\u0131n\u0131 g\u00f6zlemliyoruz. Bu bilincin d\u00fcnyam\u0131z\u0131n gelece\u011fi a\u00e7\u0131s\u0131ndan \u00e7ok \u00f6nemli oldu\u011funu d\u00fc\u015f\u00fcn\u00fcyoruz. S\u00d6KTA\u015e olarak biz bu projemizin teknoloji taraf\u0131nda da aktif rol al\u0131yoruz. <\/p>\n\n\n\n<p>Birle\u015fmi\u015f Milletler ve LVMH grubu ile beraber \u00fcr\u00fcn\u00fcn izlenebilirli\u011fi taraf\u0131nda da projelerimiz var. % 100 izlenebilir ilk tekstil \u00fcr\u00fcn\u00fc Stella McCartney taraf\u0131ndan bu sezon \u00fcretildi. Bu \u00fcr\u00fcn COP28\u2019deki stand\u0131m\u0131zda da g\u00f6steriliyor. T\u00fcm bu geli\u015fmeler s\u00fcrd\u00fcr\u00fclebilir bir d\u00fcnya yaratma hedefimizin somut sonu\u00e7lar\u0131 olarak kar\u015f\u0131m\u0131za \u00e7\u0131k\u0131yor.\u201d<\/p>\n\n\n\n<p><strong>Stella McCartney&#8217;nin ger\u00e7ekle\u015ftirdi\u011fi enstalasyondaki tek T\u00fcrk \u015firket oldu<\/strong><\/p>\n\n\n\n<p>Birle\u015fmi\u015f Milletler 28. \u0130klim De\u011fi\u015fikli\u011fi Konferans\u0131 COP28\u2019de LVMH sponsorlu\u011funda, s\u00fcrd\u00fcr\u00fclebilir moda i\u00e7in BM ile \u00e7al\u0131\u015fmalar y\u00fcr\u00fcten Stella McCartney\u2019nin halka a\u00e7\u0131k&nbsp;bir enstalasyonu da ger\u00e7ekle\u015ftirildi. <a href=\"https:\/\/en.wikipedia.org\/wiki\/Bloomberg_Philanthropies\">Bloomberg Philanthropies&#8217;in<\/a>&nbsp;\u0130cra Kurulu Ba\u015fkan\u0131 Patricia Harris, Bank of America\u2019n\u0131n \u0130cra Kurulu Ba\u015fkan\u0131 Brian Moynihan, Alphabet\u2019in CFO\u2019su Ruth Porat ve Emerson Collective\u2019in kurucusu, i\u015f insan\u0131 Lauren Powell Jobs gibi isimlerin ziyaret etti\u011fi bu \u00f6zel enstalasyona kat\u0131lan tek T\u00fcrk firmas\u0131 ise S\u00d6KTA\u015e Tekstil oldu.<\/p>\n\n\n\n<p>23 y\u0131ld\u0131r y\u00fcr\u00fctt\u00fckleri \u00c7evre Y\u00f6netim Sistemleri kapsam\u0131nda i\u015f sa\u011fl\u0131\u011f\u0131 ve g\u00fcvenli\u011fi, su t\u00fcketimi, kimyasal t\u00fcketimi, at\u0131k su, at\u0131k ve enerji t\u00fcketimi konular\u0131nda \u00e7al\u0131\u015fmalar\u0131m\u0131 devam eden S\u00d6KTA\u015e Tekstil, gelecek nesillere ya\u015fanabilir bir d\u00fcnya b\u0131rakabilmek ad\u0131na \u00e7evre dostu projelerine her daim \u00f6nem vermeye devam etmektedir.<\/p>\n\n\n\n<p><strong>S\u00d6KTA\u015e HAKKINDA<\/strong><\/p>\n\n\n\n<p>1971 y\u0131l\u0131nda kurulan S\u00d6KTA\u015e\u2019\u0131n uzmanl\u0131k alan\u0131, pamuklu \u2013 pamuk kar\u0131\u015f\u0131ml\u0131 kuma\u015f tasar\u0131m\u0131 ve \u00fcretimidir. Pamuklu \u2013 pamuk kar\u0131\u015f\u0131ml\u0131 l\u00fcks g\u00f6mleklik kuma\u015f tasar\u0131m\u0131 ve \u00fcretimindeki uzmanl\u0131\u011f\u0131n\u0131, ceketlik ve pantolonluk kuma\u015fta da g\u00f6stererek marka de\u011ferini uluslararas\u0131 boyuta ta\u015f\u0131yan S\u00d6KTA\u015e, elinde haz\u0131r bulunan 400.000\u2019den fazla kuma\u015f \u00f6rne\u011fi sayesinde d\u00fcnyan\u0131n tan\u0131nm\u0131\u015f pek \u00e7ok markas\u0131na hizmet vermektedir. \u015eirket ayr\u0131ca % 84\u2019\u00fcne sahip oldu\u011fu Efeler \u00c7iftli\u011fi\u2019nin 766 dekar alan \u00fczerine yay\u0131lm\u0131\u015f tesislerinde b\u00fcy\u00fckba\u015f s\u00fct hayvanc\u0131l\u0131\u011f\u0131 yapmaktad\u0131r. \u015eirket hisseleri 1995 y\u0131l\u0131ndan bu yana Borsa \u0130stanbul\u2019da \u201cSKTAS\u201d koduyla i\u015flem g\u00f6rmeye ba\u015flam\u0131\u015ft\u0131r. Daha fazla bilgi i\u00e7in <a href=\"http:\/\/www.soktasgroup.com'a\">www.soktasgroup.com\u2019a<\/a> ba\u015fvurabilir veya Yat\u0131r\u0131mc\u0131 \u0130li\u015fkileri B\u00f6l\u00fcm\u00fc\u2019ne ula\u015fabilirsiniz.<\/p>\n\n\n\n<figure class=\"wp-block-gallery has-nested-images columns-default is-cropped wp-block-gallery-1 is-layout-flex wp-block-gallery-is-layout-flex\">\n<figure class=\"wp-block-image size-large\"><img loading=\"lazy\" decoding=\"async\" width=\"682\" height=\"1024\" data-id=\"86\" src=\"https:\/\/famelifemagazin.com\/wp-content\/uploads\/2023\/12\/gorsel7-682x1024.jpg\" alt=\"\" class=\"wp-image-86\" srcset=\"https:\/\/famelifemagazin.com\/wp-content\/uploads\/2023\/12\/gorsel7-682x1024.jpg 682w, https:\/\/famelifemagazin.com\/wp-content\/uploads\/2023\/12\/gorsel7-200x300.jpg 200w, https:\/\/famelifemagazin.com\/wp-content\/uploads\/2023\/12\/gorsel7-768x1153.jpg 768w, https:\/\/famelifemagazin.com\/wp-content\/uploads\/2023\/12\/gorsel7-1023x1536.jpg 1023w, https:\/\/famelifemagazin.com\/wp-content\/uploads\/2023\/12\/gorsel7.jpg 1066w\" sizes=\"auto, (max-width: 682px) 100vw, 682px\" \/><\/figure>\n\n\n\n<figure class=\"wp-block-image size-large\"><img loading=\"lazy\" decoding=\"async\" width=\"588\" height=\"882\" data-id=\"85\" src=\"https:\/\/famelifemagazin.com\/wp-content\/uploads\/2023\/12\/gorsel6.jpg\" alt=\"\" class=\"wp-image-85\" srcset=\"https:\/\/famelifemagazin.com\/wp-content\/uploads\/2023\/12\/gorsel6.jpg 588w, https:\/\/famelifemagazin.com\/wp-content\/uploads\/2023\/12\/gorsel6-200x300.jpg 200w\" sizes=\"auto, (max-width: 588px) 100vw, 588px\" \/><\/figure>\n<\/figure>\n\n\n\n<figure class=\"wp-block-gallery has-nested-images columns-default is-cropped wp-block-gallery-2 is-layout-flex wp-block-gallery-is-layout-flex\">\n<figure class=\"wp-block-image size-large\"><img loading=\"lazy\" decoding=\"async\" width=\"473\" height=\"1024\" data-id=\"87\" src=\"https:\/\/famelifemagazin.com\/wp-content\/uploads\/2023\/12\/gorsel9-473x1024.jpg\" alt=\"\" class=\"wp-image-87\" srcset=\"https:\/\/famelifemagazin.com\/wp-content\/uploads\/2023\/12\/gorsel9-473x1024.jpg 473w, https:\/\/famelifemagazin.com\/wp-content\/uploads\/2023\/12\/gorsel9-138x300.jpg 138w, https:\/\/famelifemagazin.com\/wp-content\/uploads\/2023\/12\/gorsel9-768x1664.jpg 768w, https:\/\/famelifemagazin.com\/wp-content\/uploads\/2023\/12\/gorsel9-709x1536.jpg 709w, https:\/\/famelifemagazin.com\/wp-content\/uploads\/2023\/12\/gorsel9.jpg 945w\" sizes=\"auto, (max-width: 473px) 100vw, 473px\" \/><\/figure>\n\n\n\n<figure class=\"wp-block-image size-large\"><img loading=\"lazy\" decoding=\"async\" width=\"588\" height=\"882\" data-id=\"88\" src=\"https:\/\/famelifemagazin.com\/wp-content\/uploads\/2023\/12\/gorsel10.jpg\" alt=\"\" class=\"wp-image-88\" srcset=\"https:\/\/famelifemagazin.com\/wp-content\/uploads\/2023\/12\/gorsel10.jpg 588w, https:\/\/famelifemagazin.com\/wp-content\/uploads\/2023\/12\/gorsel10-200x300.jpg 200w\" sizes=\"auto, (max-width: 588px) 100vw, 588px\" \/><\/figure>\n<\/figure>\n\n\n\n<figure class=\"wp-block-gallery has-nested-images columns-default is-cropped wp-block-gallery-3 is-layout-flex wp-block-gallery-is-layout-flex\">\n<figure class=\"wp-block-image size-large\"><img loading=\"lazy\" decoding=\"async\" width=\"683\" height=\"1024\" data-id=\"90\" src=\"https:\/\/famelifemagazin.com\/wp-content\/uploads\/2023\/12\/muzafferkayhan3-683x1024.jpg\" alt=\"\" class=\"wp-image-90\" srcset=\"https:\/\/famelifemagazin.com\/wp-content\/uploads\/2023\/12\/muzafferkayhan3-683x1024.jpg 683w, https:\/\/famelifemagazin.com\/wp-content\/uploads\/2023\/12\/muzafferkayhan3-200x300.jpg 200w, https:\/\/famelifemagazin.com\/wp-content\/uploads\/2023\/12\/muzafferkayhan3-768x1152.jpg 768w, https:\/\/famelifemagazin.com\/wp-content\/uploads\/2023\/12\/muzafferkayhan3-1024x1536.jpg 1024w, https:\/\/famelifemagazin.com\/wp-content\/uploads\/2023\/12\/muzafferkayhan3-1366x2048.jpg 1366w, https:\/\/famelifemagazin.com\/wp-content\/uploads\/2023\/12\/muzafferkayhan3-scaled.jpg 1707w\" sizes=\"auto, (max-width: 683px) 100vw, 683px\" \/><\/figure>\n\n\n\n<figure class=\"wp-block-image size-large\"><img loading=\"lazy\" decoding=\"async\" width=\"588\" height=\"882\" data-id=\"89\" src=\"https:\/\/famelifemagazin.com\/wp-content\/uploads\/2023\/12\/gorsel5.jpg\" alt=\"\" class=\"wp-image-89\" srcset=\"https:\/\/famelifemagazin.com\/wp-content\/uploads\/2023\/12\/gorsel5.jpg 588w, https:\/\/famelifemagazin.com\/wp-content\/uploads\/2023\/12\/gorsel5-200x300.jpg 200w\" sizes=\"auto, (max-width: 588px) 100vw, 588px\" \/><\/figure>\n<\/figure>\n\n\n\n<figure class=\"wp-block-gallery has-nested-images columns-default is-cropped wp-block-gallery-4 is-layout-flex wp-block-gallery-is-layout-flex\">\n<figure class=\"wp-block-image size-large\"><img loading=\"lazy\" decoding=\"async\" width=\"588\" height=\"882\" data-id=\"91\" src=\"https:\/\/famelifemagazin.com\/wp-content\/uploads\/2023\/12\/gorsel1.jpg\" alt=\"\" class=\"wp-image-91\" srcset=\"https:\/\/famelifemagazin.com\/wp-content\/uploads\/2023\/12\/gorsel1.jpg 588w, https:\/\/famelifemagazin.com\/wp-content\/uploads\/2023\/12\/gorsel1-200x300.jpg 200w\" sizes=\"auto, (max-width: 588px) 100vw, 588px\" \/><\/figure>\n\n\n\n<figure class=\"wp-block-image size-large\"><img loading=\"lazy\" decoding=\"async\" width=\"589\" height=\"884\" data-id=\"92\" src=\"https:\/\/famelifemagazin.com\/wp-content\/uploads\/2023\/12\/gorsel2.jpg\" alt=\"\" class=\"wp-image-92\" srcset=\"https:\/\/famelifemagazin.com\/wp-content\/uploads\/2023\/12\/gorsel2.jpg 589w, https:\/\/famelifemagazin.com\/wp-content\/uploads\/2023\/12\/gorsel2-200x300.jpg 200w\" sizes=\"auto, (max-width: 589px) 100vw, 589px\" \/><\/figure>\n<\/figure>\n","protected":false},"excerpt":{"rendered":"<p>L\u00fcks ve premium moda markalar\u0131 i\u00e7in pamuklu kuma\u015f tasarlay\u0131p \u00fcreten, \u2018onar\u0131c\u0131 tar\u0131m ve onar\u0131c\u0131 pamuk\u2019 gibi s\u00fcrd\u00fcr\u00fclebilir projeleriyle Stella McCartney\u2019in i\u015fbirli\u011fi yapt\u0131\u011f\u0131 tek T\u00fcrk firmas\u0131 olan S\u00d6KTA\u015e Tekstil, Dubai&#8217;de ger\u00e7ekle\u015ftirilen Birle\u015fmi\u015f Milletler 28. \u0130klim De\u011fi\u015fikli\u011fi Konferans\u0131 COP28\u2019e kat\u0131larak d\u00fcnya arenas\u0131nda s\u00fcrd\u00fcr\u00fclebilir uygulamalar\u0131n\u0131 tan\u0131tt\u0131. D\u00fcnya genelinde ya\u015fanan iklim krizi, \u00f6zellikle Covid 19 pandemisi ile ortaya \u00e7\u0131kan [&hellip;]<\/p>\n","protected":false},"author":1,"featured_media":93,"comment_status":"open","ping_status":"open","sticky":false,"template":"","format":"standard","meta":{"footnotes":""},"categories":[9,3],"tags":[],"class_list":["post-84","post","type-post","status-publish","format-standard","has-post-thumbnail","hentry","category-moda-tekstil","category-son-haberler"],"_links":{"self":[{"href":"https:\/\/famelifemagazin.com\/index.php?rest_route=\/wp\/v2\/posts\/84","targetHints":{"allow":["GET"]}}],"collection":[{"href":"https:\/\/famelifemagazin.com\/index.php?rest_route=\/wp\/v2\/posts"}],"about":[{"href":"https:\/\/famelifemagazin.com\/index.php?rest_route=\/wp\/v2\/types\/post"}],"author":[{"embeddable":true,"href":"https:\/\/famelifemagazin.com\/index.php?rest_route=\/wp\/v2\/users\/1"}],"replies":[{"embeddable":true,"href":"https:\/\/famelifemagazin.com\/index.php?rest_route=%2Fwp%2Fv2%2Fcomments&post=84"}],"version-history":[{"count":1,"href":"https:\/\/famelifemagazin.com\/index.php?rest_route=\/wp\/v2\/posts\/84\/revisions"}],"predecessor-version":[{"id":94,"href":"https:\/\/famelifemagazin.com\/index.php?rest_route=\/wp\/v2\/posts\/84\/revisions\/94"}],"wp:featuredmedia":[{"embeddable":true,"href":"https:\/\/famelifemagazin.com\/index.php?rest_route=\/wp\/v2\/media\/93"}],"wp:attachment":[{"href":"https:\/\/famelifemagazin.com\/index.php?rest_route=%2Fwp%2Fv2%2Fmedia&parent=84"}],"wp:term":[{"taxonomy":"category","embeddable":true,"href":"https:\/\/famelifemagazin.com\/index.php?rest_route=%2Fwp%2Fv2%2Fcategories&post=84"},{"taxonomy":"post_tag","embeddable":true,"href":"https:\/\/famelifemagazin.com\/index.php?rest_route=%2Fwp%2Fv2%2Ftags&post=84"}],"curies":[{"name":"wp","href":"https:\/\/api.w.org\/{rel}","templated":true}]}}