{"id":780,"date":"2024-01-17T06:53:58","date_gmt":"2024-01-17T06:53:58","guid":{"rendered":"https:\/\/famelifemagazin.com\/?p=780"},"modified":"2024-01-17T06:53:59","modified_gmt":"2024-01-17T06:53:59","slug":"istanbul-devlet-senfoni-orkestrasi-denizbank-konserlerinde-sahne-mozart-ve-r-straussun","status":"publish","type":"post","link":"https:\/\/famelifemagazin.com\/?p=780","title":{"rendered":"\u0130stanbul Devlet Senfoni Orkestras\u0131 Denizbank Konserlerinde Sahne Mozart ve R. Strauss\u2019un&#8230;"},"content":{"rendered":"\n<p><strong>Bu haftaki konserimizde kendi alanlar\u0131nda hakl\u0131 bir \u00fcn ve sayg\u0131nl\u0131k kazanm\u0131\u015f d\u00f6rt b\u00fcy\u00fck solist, Mozart\u2019\u0131n Kon\u00e7ertant Senfonisi\u2019ne hayat verecek. Sahnemizde a\u011f\u0131rlayaca\u011f\u0131m\u0131z klarnet sanat\u00e7\u0131s\u0131 Sabina Meyer, &#8220;Niedersachsen Prize&#8221;, &#8220;The Brahms Prize&#8221; gibi bir\u00e7ok prestijli \u00f6d\u00fcl\u00fcn sahibi olup, ayr\u0131ca 2010 y\u0131l\u0131nda Frans\u0131z h\u00fck\u00fcmeti taraf\u0131ndan K\u00fclt\u00fcr ve Sanat Ni\u015fan\u0131na l\u00e2y\u0131k g\u00f6r\u00fclm\u00fc\u015ft\u00fcr. \u0130svi\u00e7reli kornist ve \u015fef Bruno Schneider, Korno Akademisi&#8217;nin kurucular\u0131ndand\u0131r ve \u0130svi\u00e7re Korno Toplulu\u011fu ile Uluslararas\u0131 Korno Toplulu\u011fu&#8217;nun da ba\u015fkanl\u0131\u011f\u0131n\u0131 y\u00fcr\u00fctmektedir.<\/strong><\/p>\n\n\n\n<p>&nbsp;Norve\u00e7li fagot sanat\u00e7\u0131s\u0131 <strong>Dag Jensen<\/strong>, ba\u015far\u0131l\u0131 kariyerini hem Oslo hem M\u00fcnih\u2019teki konservatuarlarda, profes\u00f6rl\u00fck unvan\u0131 ile s\u00fcrd\u00fcrmektedir. Venezuelal\u0131 obua sanat\u00e7\u0131s\u0131 <strong>Sergio S\u00e1nchez<\/strong>, gen\u00e7 ya\u015f\u0131nda bir\u00e7ok \u00f6d\u00fclle bulu\u015fmu\u015f, ba\u015far\u0131l\u0131 kay\u0131tlara imza atm\u0131\u015f bir oboisttir. Bu parlak solistlerin ta\u00e7land\u0131raca\u011f\u0131 m\u00fczik \u015f\u00f6leninde, de\u011ferli \u015fef <strong>Sascha Goetzel<\/strong> y\u00f6netimindeki orkestram\u0131z ayr\u0131ca <a><strong>R. Strauss\u2019<\/strong><\/a><strong>un<\/strong><\/p>\n\n\n\n<p><strong>\u201cBir Kahraman\u0131n Hayat\u0131\u201d<\/strong> adl\u0131 yap\u0131t\u0131n\u0131 da seslendirecek.<\/p>\n\n\n\n<p>&nbsp;<strong>Konser Tarihi : 19 Ocak 2024&nbsp;<\/strong><\/p>\n\n\n\n<p>Yer&nbsp; &nbsp; &nbsp; &nbsp; &nbsp; &nbsp; &nbsp; &nbsp; &nbsp; &nbsp; &nbsp; &nbsp; &nbsp; &nbsp; &nbsp; &nbsp; &nbsp; &nbsp; &nbsp;&nbsp; :&nbsp;AKM&nbsp;T\u00fcrk Telekom Opera Salonu&nbsp;<\/p>\n\n\n\n<p>Saat&nbsp; &nbsp; &nbsp; &nbsp; &nbsp; &nbsp; &nbsp; &nbsp; &nbsp; &nbsp; &nbsp; &nbsp; &nbsp; &nbsp; &nbsp; &nbsp; &nbsp; &nbsp;&nbsp; : 20:00<\/p>\n\n\n\n<p>\u015eef &nbsp; &nbsp; &nbsp; &nbsp; &nbsp; &nbsp;&nbsp;&nbsp;&nbsp;&nbsp;&nbsp;&nbsp;&nbsp;&nbsp;&nbsp;&nbsp;&nbsp;&nbsp; &nbsp;&nbsp; &nbsp; &nbsp; &nbsp; &nbsp; &nbsp;&nbsp; : Sascha Goetzel<\/p>\n\n\n\n<p>Soli\u0307st&nbsp;&nbsp;&nbsp;&nbsp;&nbsp;&nbsp;&nbsp;&nbsp;&nbsp;&nbsp;&nbsp;&nbsp;&nbsp;&nbsp;&nbsp;&nbsp;&nbsp;&nbsp;&nbsp;&nbsp;&nbsp;&nbsp;&nbsp;&nbsp;&nbsp;&nbsp;&nbsp;&nbsp;&nbsp;&nbsp;&nbsp;&nbsp;&nbsp;&nbsp;&nbsp;: Sabi\u0307ne Meyer (Klarnet)<\/p>\n\n\n\n<p>&nbsp;&nbsp; Sergio Sanchez (Obua)<\/p>\n\n\n\n<p>&nbsp;&nbsp; Dag Jensen (Fagot)<\/p>\n\n\n\n<p>&nbsp;&nbsp; Bruno Schneider (Korno)<\/p>\n\n\n\n<p>Program<\/p>\n\n\n\n<p>W.A.Mozart, Obua, Klarnet, Korno&nbsp;ve Fagot&nbsp;i\u00e7in&nbsp;Senfoni\u0307k Kon\u00e7ertant Mi\u0307 Bemol Major, K. 297b<\/p>\n\n\n\n<p>Ara<\/p>\n\n\n\n<p>R.Strauss,&nbsp;Bi\u0307r Kahraman\u0131n Hayat\u0131<\/p>\n\n\n\n<p><strong>\u0130DSO Hakk\u0131nda<\/strong><\/p>\n\n\n\n<p><em>Temeli 196 y\u0131l \u00f6nce 1827&#8217;de Donizetti Pa\u015fa&#8217;n\u0131n kurdu\u011fu M\u0131zika-i Humayun Orkestras\u0131\u2019na dayanan \u0130stanbul Belediyesi \u015eehir Orkestras\u0131, besteci CemalRe\u015fit Rey y\u00f6netiminde 1945 y\u0131l\u0131nda kuruldu.1972 y\u0131l\u0131nda ise K\u00fclt\u00fcr Bakanl\u0131\u011f\u0131&#8217;na ba\u011flanarak \u0130stanbul Devlet Senfoni Orkestras\u0131 ad\u0131n\u0131 ald\u0131. \u0130stanbul&#8217;un m\u00fczik ya\u015fam\u0131nda \u00f6nemli bir yeri olan \u0130DSO, Orkestra \u015fefi Prof. G.E. Lessing ve m\u00fcd\u00fcr M\u00fckerrem Berk d\u00f6neminde d\u00fczenli konserler vermeye ba\u015flad\u0131. <\/em><\/p>\n\n\n\n<p><em>D\u00fcnyaca \u00fcnl\u00fc yerli ve yabanc\u0131 solistlere e\u015flik eden \u0130stanbul Devlet Senfoni Orkestras\u0131, yurt i\u00e7i turnelerin yan\u0131 s\u0131ra T\u00fcrk sanat ve k\u00fclt\u00fcr\u00fcn\u00fc yurt d\u0131\u015f\u0131nda da ba\u015far\u0131yla temsil etti. \u0130stanbul, Ankara, Bratislava ve Patras uluslararas\u0131 festivallerinde konserler ger\u00e7ekle\u015ftirdi. \u0130spanya, \u0130talya, Yugoslavya, \u00c7ekoslovakya, Avusturya, Yunanistan ve ABD&#8217;nin Memphis kentinde a\u00e7\u0131lan &#8220;Muhte\u015fem S\u00fcleyman&#8221; sergisinde konserler verdi. M\u00fcnih&#8217;te &#8220;EuropaMusicale&#8221; Festivali&#8217;nde ve Yunanistan&#8217;da Atina Festivali&#8217;nde T\u00fcrkiye&#8217;yi temsil etti. <\/em><\/p>\n\n\n\n<p><em>Bulgaristan&#8217;a yap\u0131lan 15 g\u00fcnl\u00fck turnenin yan\u0131 s\u0131ra, Japonya&#8217;ya Asya Orkestralar Haftas\u0131&#8217;n\u0131n a\u00e7\u0131l\u0131\u015f konserini vermek \u00fczere davet edildi ve b\u00fcy\u00fck ba\u015far\u0131 kazand\u0131. M\u0131s\u0131r\u2019\u0131n Kahire ve \u0130skenderiye kentlerindeki konserleriyle de b\u00fcy\u00fck takdir alan \u0130DSO, ayr\u0131ca Almanya, \u0130spanya ve \u0130talya turnelerini, 2017 y\u0131l\u0131n\u0131n Haziran ay\u0131 i\u00e7erisinde Arjantin, Brezilya, Peru ve \u015eili \u00fclkelerini kapsayan G\u00fcney Amerika Turnesini, 2018 y\u0131l\u0131n\u0131n Aral\u0131k ve 2019 y\u0131l\u0131n\u0131n Ocak aylar\u0131nda ise \u00c7in\u2019in 10 ayr\u0131 \u015fehrini kapsayan \u201c\u00c7in Turnesini\u201d ger\u00e7ekle\u015ftirdi ve son olarak 2023 Eyl\u00fcl ay\u0131 i\u00e7inde Japonya Turnesi ger\u00e7ekle\u015ftirildi ve 2023 sezonuna kald\u0131\u011f\u0131 yerden devam ediyor.<\/em><\/p>\n\n\n\n<p><strong>Bilgi i\u00e7in:<\/strong><\/p>\n\n\n\n<p><strong>Beng\u00fc Bilik&nbsp;&nbsp;&nbsp;&nbsp;&nbsp; &nbsp;0532 216 69 43&nbsp;&nbsp; <\/strong><a href=\"mailto:bengubilik@bezegroup.org\"><strong>bengubilik@bezegroup.org<\/strong><\/a><strong><\/strong><\/p>\n\n\n\n<p><strong>Erin\u00e7 A\u015f\u0131c\u0131o\u011flu 0505 608 45 13\u00a0 <\/strong><a href=\"mailto:erincasicioglu@gmail.com\"><strong>erincasicioglu@gmail.com<\/strong><\/a><\/p>\n\n\n\n<figure class=\"wp-block-gallery has-nested-images columns-default is-cropped wp-block-gallery-1 is-layout-flex wp-block-gallery-is-layout-flex\">\n<figure class=\"wp-block-image size-large\"><img loading=\"lazy\" decoding=\"async\" width=\"667\" height=\"1000\" data-id=\"781\" src=\"https:\/\/famelifemagazin.com\/wp-content\/uploads\/2024\/01\/WhatsApp-Gorsel-2024-01-16-saat-19.58.36_4172d0bf.jpg\" alt=\"\" class=\"wp-image-781\" srcset=\"https:\/\/famelifemagazin.com\/wp-content\/uploads\/2024\/01\/WhatsApp-Gorsel-2024-01-16-saat-19.58.36_4172d0bf.jpg 667w, https:\/\/famelifemagazin.com\/wp-content\/uploads\/2024\/01\/WhatsApp-Gorsel-2024-01-16-saat-19.58.36_4172d0bf-200x300.jpg 200w\" sizes=\"auto, (max-width: 667px) 100vw, 667px\" \/><\/figure>\n\n\n\n<figure class=\"wp-block-image size-large\"><img loading=\"lazy\" decoding=\"async\" width=\"745\" height=\"1000\" data-id=\"782\" src=\"https:\/\/famelifemagazin.com\/wp-content\/uploads\/2024\/01\/WhatsApp-Gorsel-2024-01-16-saat-19.58.37_73fa9490.jpg\" alt=\"\" class=\"wp-image-782\" srcset=\"https:\/\/famelifemagazin.com\/wp-content\/uploads\/2024\/01\/WhatsApp-Gorsel-2024-01-16-saat-19.58.37_73fa9490.jpg 745w, https:\/\/famelifemagazin.com\/wp-content\/uploads\/2024\/01\/WhatsApp-Gorsel-2024-01-16-saat-19.58.37_73fa9490-224x300.jpg 224w\" sizes=\"auto, (max-width: 745px) 100vw, 745px\" \/><\/figure>\n<\/figure>\n\n\n\n<figure class=\"wp-block-gallery has-nested-images columns-default is-cropped wp-block-gallery-2 is-layout-flex wp-block-gallery-is-layout-flex\">\n<figure class=\"wp-block-image size-large\"><img loading=\"lazy\" decoding=\"async\" width=\"683\" height=\"1024\" data-id=\"783\" src=\"https:\/\/famelifemagazin.com\/wp-content\/uploads\/2024\/01\/WhatsApp-Gorsel-2024-01-16-saat-19.58.37_741cfd31-683x1024.jpg\" alt=\"\" class=\"wp-image-783\" srcset=\"https:\/\/famelifemagazin.com\/wp-content\/uploads\/2024\/01\/WhatsApp-Gorsel-2024-01-16-saat-19.58.37_741cfd31-683x1024.jpg 683w, https:\/\/famelifemagazin.com\/wp-content\/uploads\/2024\/01\/WhatsApp-Gorsel-2024-01-16-saat-19.58.37_741cfd31-200x300.jpg 200w, https:\/\/famelifemagazin.com\/wp-content\/uploads\/2024\/01\/WhatsApp-Gorsel-2024-01-16-saat-19.58.37_741cfd31-768x1152.jpg 768w, https:\/\/famelifemagazin.com\/wp-content\/uploads\/2024\/01\/WhatsApp-Gorsel-2024-01-16-saat-19.58.37_741cfd31.jpg 1000w\" sizes=\"auto, (max-width: 683px) 100vw, 683px\" \/><\/figure>\n\n\n\n<figure class=\"wp-block-image size-large\"><img loading=\"lazy\" decoding=\"async\" width=\"682\" height=\"1024\" data-id=\"784\" src=\"https:\/\/famelifemagazin.com\/wp-content\/uploads\/2024\/01\/WhatsApp-Gorsel-2024-01-16-saat-19.58.36_40c329f3-682x1024.jpg\" alt=\"\" class=\"wp-image-784\" srcset=\"https:\/\/famelifemagazin.com\/wp-content\/uploads\/2024\/01\/WhatsApp-Gorsel-2024-01-16-saat-19.58.36_40c329f3-682x1024.jpg 682w, https:\/\/famelifemagazin.com\/wp-content\/uploads\/2024\/01\/WhatsApp-Gorsel-2024-01-16-saat-19.58.36_40c329f3-200x300.jpg 200w, https:\/\/famelifemagazin.com\/wp-content\/uploads\/2024\/01\/WhatsApp-Gorsel-2024-01-16-saat-19.58.36_40c329f3-768x1153.jpg 768w, https:\/\/famelifemagazin.com\/wp-content\/uploads\/2024\/01\/WhatsApp-Gorsel-2024-01-16-saat-19.58.36_40c329f3-1023x1536.jpg 1023w, https:\/\/famelifemagazin.com\/wp-content\/uploads\/2024\/01\/WhatsApp-Gorsel-2024-01-16-saat-19.58.36_40c329f3.jpg 1066w\" sizes=\"auto, (max-width: 682px) 100vw, 682px\" \/><\/figure>\n<\/figure>\n\n\n\n<figure class=\"wp-block-image size-large\"><img loading=\"lazy\" decoding=\"async\" width=\"1024\" height=\"950\" src=\"https:\/\/famelifemagazin.com\/wp-content\/uploads\/2024\/01\/WhatsApp-Gorsel-2024-01-16-saat-19.58.37_88f13580-1024x950.jpg\" alt=\"\" class=\"wp-image-785\" srcset=\"https:\/\/famelifemagazin.com\/wp-content\/uploads\/2024\/01\/WhatsApp-Gorsel-2024-01-16-saat-19.58.37_88f13580-1024x950.jpg 1024w, https:\/\/famelifemagazin.com\/wp-content\/uploads\/2024\/01\/WhatsApp-Gorsel-2024-01-16-saat-19.58.37_88f13580-300x278.jpg 300w, https:\/\/famelifemagazin.com\/wp-content\/uploads\/2024\/01\/WhatsApp-Gorsel-2024-01-16-saat-19.58.37_88f13580-768x713.jpg 768w, https:\/\/famelifemagazin.com\/wp-content\/uploads\/2024\/01\/WhatsApp-Gorsel-2024-01-16-saat-19.58.37_88f13580-1536x1426.jpg 1536w, https:\/\/famelifemagazin.com\/wp-content\/uploads\/2024\/01\/WhatsApp-Gorsel-2024-01-16-saat-19.58.37_88f13580.jpg 1600w\" sizes=\"auto, (max-width: 1024px) 100vw, 1024px\" \/><\/figure>\n\n\n","protected":false},"excerpt":{"rendered":"<p>Bu haftaki konserimizde kendi alanlar\u0131nda hakl\u0131 bir \u00fcn ve sayg\u0131nl\u0131k kazanm\u0131\u015f d\u00f6rt b\u00fcy\u00fck solist, Mozart\u2019\u0131n Kon\u00e7ertant Senfonisi\u2019ne hayat verecek. Sahnemizde a\u011f\u0131rlayaca\u011f\u0131m\u0131z klarnet sanat\u00e7\u0131s\u0131 Sabina Meyer, &#8220;Niedersachsen Prize&#8221;, &#8220;The Brahms Prize&#8221; gibi bir\u00e7ok prestijli \u00f6d\u00fcl\u00fcn sahibi olup, ayr\u0131ca 2010 y\u0131l\u0131nda Frans\u0131z h\u00fck\u00fcmeti taraf\u0131ndan K\u00fclt\u00fcr ve Sanat Ni\u015fan\u0131na l\u00e2y\u0131k g\u00f6r\u00fclm\u00fc\u015ft\u00fcr. \u0130svi\u00e7reli kornist ve \u015fef Bruno Schneider, Korno [&hellip;]<\/p>\n","protected":false},"author":1,"featured_media":781,"comment_status":"open","ping_status":"open","sticky":false,"template":"","format":"standard","meta":{"footnotes":""},"categories":[7,3],"tags":[],"class_list":["post-780","post","type-post","status-publish","format-standard","has-post-thumbnail","hentry","category-muzik","category-son-haberler"],"_links":{"self":[{"href":"https:\/\/famelifemagazin.com\/index.php?rest_route=\/wp\/v2\/posts\/780","targetHints":{"allow":["GET"]}}],"collection":[{"href":"https:\/\/famelifemagazin.com\/index.php?rest_route=\/wp\/v2\/posts"}],"about":[{"href":"https:\/\/famelifemagazin.com\/index.php?rest_route=\/wp\/v2\/types\/post"}],"author":[{"embeddable":true,"href":"https:\/\/famelifemagazin.com\/index.php?rest_route=\/wp\/v2\/users\/1"}],"replies":[{"embeddable":true,"href":"https:\/\/famelifemagazin.com\/index.php?rest_route=%2Fwp%2Fv2%2Fcomments&post=780"}],"version-history":[{"count":1,"href":"https:\/\/famelifemagazin.com\/index.php?rest_route=\/wp\/v2\/posts\/780\/revisions"}],"predecessor-version":[{"id":786,"href":"https:\/\/famelifemagazin.com\/index.php?rest_route=\/wp\/v2\/posts\/780\/revisions\/786"}],"wp:featuredmedia":[{"embeddable":true,"href":"https:\/\/famelifemagazin.com\/index.php?rest_route=\/wp\/v2\/media\/781"}],"wp:attachment":[{"href":"https:\/\/famelifemagazin.com\/index.php?rest_route=%2Fwp%2Fv2%2Fmedia&parent=780"}],"wp:term":[{"taxonomy":"category","embeddable":true,"href":"https:\/\/famelifemagazin.com\/index.php?rest_route=%2Fwp%2Fv2%2Fcategories&post=780"},{"taxonomy":"post_tag","embeddable":true,"href":"https:\/\/famelifemagazin.com\/index.php?rest_route=%2Fwp%2Fv2%2Ftags&post=780"}],"curies":[{"name":"wp","href":"https:\/\/api.w.org\/{rel}","templated":true}]}}