{"id":768,"date":"2024-01-16T10:09:46","date_gmt":"2024-01-16T10:09:46","guid":{"rendered":"https:\/\/famelifemagazin.com\/?p=768"},"modified":"2024-01-16T10:09:47","modified_gmt":"2024-01-16T10:09:47","slug":"online-pr-servisi-acikladi-calisanlar-tembellik-yapmak-icin-zaman-istiyor","status":"publish","type":"post","link":"https:\/\/famelifemagazin.com\/?p=768","title":{"rendered":"Online PR servisi a\u00e7\u0131klad\u0131: \u00c7al\u0131\u015fanlar tembellik yapmak i\u00e7in zaman istiyor!"},"content":{"rendered":"\n<p><strong>Son y\u0131llarda pek \u00e7ok \u00f6zel g\u00fcn kutlan\u0131rken, Online PR Servisi B2Press, belki de hi\u00e7 bilinmeyen bir g\u00fcne, 16 Ocak | D\u00fcnya Hi\u00e7bir \u015eey G\u00fcn\u00fc\u2019ne dikkat \u00e7ekti. 3,4 milyarl\u0131k k\u00fcresel \u00e7al\u0131\u015fan pop\u00fclasyonunun beklentilerine \u0131\u015f\u0131k tutan B2Press, \u00e7al\u0131\u015fanlar\u0131n yar\u0131s\u0131ndan fazlas\u0131n\u0131n i\u015f &#8211; ya\u015fam dengesini kurabilecekleri i\u015fyerlerini arzularken, tembellik yapabilecekleri zaman dilimleri de talep ettiklerini ortaya koydu.<\/strong><\/p>\n\n\n\n<p>16 Ocak | D\u00fcnya Hi\u00e7bir \u015eey G\u00fcn\u00fc, g\u00fcnl\u00fck ya\u015fam\u0131n yo\u011fun dinami\u011finde yorulan insanlar\u0131 stresten uzakla\u015fmaya, kendilerine zaman ay\u0131rmaya ve dinlenmeye te\u015fvik ediyor. Bu durum, Statista\u2019n\u0131n a\u00e7\u0131klad\u0131\u011f\u0131 verilerden hareketle yakla\u015f\u0131k 3,4 milyarl\u0131k \u00e7al\u0131\u015fan pop\u00fclasyonda yayg\u0131n olarak izleniyor. Online PR Servisi B2Press\u2019in ger\u00e7ekle\u015ftirdi\u011fi ara\u015ft\u0131rmalar, bir ki\u015finin hayat\u0131n\u0131n 40 y\u0131l\u0131n\u0131, yani her d\u00f6rt saatten birini \u00e7al\u0131\u015farak ge\u00e7irdi\u011fine i\u015faret ediyor. Gallup\u2019un ger\u00e7ekle\u015fti\u011fi incelemelere g\u00f6re g\u00fcn\u00fcm\u00fcz\u00fcn adeta bir ko\u015fu\u015fturma i\u00e7inde ge\u00e7en ya\u015fam\u0131 kad\u0131nlar\u0131n %71\u2019i, erkeklerin %58\u2019i reddederken, 2024\u2019te i\u015f &#8211; ya\u015fam dengesinin iyile\u015ftirilmesini, refahlar\u0131n\u0131n art\u0131r\u0131lmas\u0131n\u0131 talep ediyorlar.<\/p>\n\n\n\n<p>T\u00fcrkiye, en \u00e7ok mesai yap\u0131lan 2. OECD \u00fclkesi<\/p>\n\n\n\n<p>\u0130\u015f ve g\u00fcnl\u00fck ya\u015fam aras\u0131nda denge bulman\u0131n \u00e7al\u0131\u015fanlar\u0131n en \u00e7ok zorland\u0131\u011f\u0131 konulardan biri oldu\u011funu \u00f6ne s\u00fcren B2Press\u2019ten edinilen bilgilere g\u00f6re, dinlenmeden uzun saatler \u00e7al\u0131\u015fmak, ki\u015fisel sa\u011fl\u0131\u011f\u0131 bozan ba\u015fl\u0131ca etkenler aras\u0131nda yer al\u0131yor. \u00d6yle ki OECD Better Life Index\u2019in payla\u015ft\u0131\u011f\u0131 verilere g\u00f6re, T\u00fcrkiye\u2019nin de dahil oldu\u011fu OECD \u00fclkelerindeki bireylerin %10\u2019u haftada 50 saatten fazla \u00e7al\u0131\u015f\u0131yor. \u00c7ok uzun saatler \u00e7al\u0131\u015fan ki\u015filerin oran\u0131n\u0131n en y\u00fcksek oldu\u011fu \u00fclkelerin ilk s\u0131ras\u0131nda %27 ile Meksika gelirken, onu %25 ile T\u00fcrkiye takip ediyor. Buna kar\u015f\u0131n, insanlar\u0131n ne kadar \u00e7ok \u00e7al\u0131\u015f\u0131rsa ki\u015fisel bak\u0131m, aktivite veya dinlenme gibi di\u011fer faaliyetlere o kadar az zaman ay\u0131rmak zorunda kald\u0131klar\u0131 i\u00e7in de refah ve \u00fcretkenlik seviyelerinin d\u00fc\u015ft\u00fc\u011f\u00fc kaydediliyor.<\/p>\n\n\n\n<p>\u00c7al\u0131\u015fanlar, eylemde bulunmad\u0131klar\u0131 bo\u015f vakit istiyor<\/p>\n\n\n\n<p>T\u00fcrkiye\u2019deki \u00e7al\u0131\u015fanlar\u0131n bo\u015f vakitlerinin 15 saatlik OECD standard\u0131n\u0131n alt\u0131nda kald\u0131\u011f\u0131na dikkat \u00e7eken Online PR Servisi\u2019nin ara\u015ft\u0131rmalar\u0131na g\u00f6re, \u00fclkemizdeki tam zamanl\u0131 \u00e7al\u0131\u015fanlar, uyku ve yemek yemek dahil olmak \u00fczere g\u00fcnl\u00fck yaln\u0131zca 14,6 saatini ki\u015fisel faaliyetleri i\u00e7in de\u011ferlendirebiliyor. \u00dcstelik bu zaman dilimine sosyalle\u015fme, hobi, aile ve arkada\u015flarla vakit ge\u00e7irme gibi aktiviteleri de s\u0131\u011fd\u0131r\u0131rken trafikte ge\u00e7irilen zaman da dinlenme saatlerinden gidiyor. Hem T\u00fcrkiye\u2019de hem de d\u00fcnya genelinde pek \u00e7ok \u00e7al\u0131\u015fan ise yaln\u0131zca dinlenmek ve e\u011flenmek i\u00e7in de\u011fil, zihinlerini bo\u015faltarak stres seviyelerini d\u00fc\u015f\u00fcrmek amac\u0131yla hi\u00e7bir \u015fey yapmad\u0131klar\u0131 saatlere ihtiya\u00e7 duyuyor.<\/p>\n\n\n\n<p>\u00c7al\u0131\u015fanlar\u0131n %56\u2019s\u0131 i\u015f &#8211; ya\u015fam dengesini kurabilecekleri i\u015fyerlerini arzuluyor<\/p>\n\n\n\n<p>B2Press\u2019in derledi\u011fi bilgilerden hareketle, global \u00e7apta \u00e7al\u0131\u015fanlar\u0131n %56\u2019s\u0131 daha iyi bir i\u015f-ya\u015fam dengesi kar\u015f\u0131l\u0131\u011f\u0131nda daha d\u00fc\u015f\u00fck \u00fccret sunan i\u015fyerlerini kabul etmeye istekli oldu\u011funu bildiriyor. %62\u2019si de se\u00e7me imkan\u0131 olsayd\u0131 yeni bir i\u015fe girmeyi d\u00fc\u015f\u00fcnece\u011fini ve bunu ofiste ne s\u0131kl\u0131kta \u00e7al\u0131\u015ft\u0131klar\u0131na g\u00f6re belirleyeceklerini s\u00f6yl\u00fcyor. Bu f\u0131rsata sahip olamayanlar, halihaz\u0131rdaki i\u015fverenlerinden daha esnek bir \u00e7al\u0131\u015fma modeli talep ediyor. <\/p>\n\n\n\n<p>Kendilerine ay\u0131rabilecekleri zaman diliminin \u00fcretkenliklerini de art\u0131rabilece\u011fini vurgularken farkl\u0131 \u00fclkelerdeki y\u00f6neticilerin bir k\u0131sm\u0131 \u00f6zellikle Z ve Y ku\u015fa\u011f\u0131n\u0131n tembelle\u015fmesinden \u015fikayet ediyor. Ancak, gen\u00e7 profesyonellerin yar\u0131s\u0131 i\u015fyerlerinde bitkin ve kopuk hissetmelerinin stres ve kayg\u0131dan kaynakland\u0131\u011f\u0131na dikkat \u00e7ekiyor.<\/p>\n","protected":false},"excerpt":{"rendered":"<p>Son y\u0131llarda pek \u00e7ok \u00f6zel g\u00fcn kutlan\u0131rken, Online PR Servisi B2Press, belki de hi\u00e7 bilinmeyen bir g\u00fcne, 16 Ocak | D\u00fcnya Hi\u00e7bir \u015eey G\u00fcn\u00fc\u2019ne dikkat \u00e7ekti. 3,4 milyarl\u0131k k\u00fcresel \u00e7al\u0131\u015fan pop\u00fclasyonunun beklentilerine \u0131\u015f\u0131k tutan B2Press, \u00e7al\u0131\u015fanlar\u0131n yar\u0131s\u0131ndan fazlas\u0131n\u0131n i\u015f &#8211; ya\u015fam dengesini kurabilecekleri i\u015fyerlerini arzularken, tembellik yapabilecekleri zaman dilimleri de talep ettiklerini ortaya koydu. 16 [&hellip;]<\/p>\n","protected":false},"author":1,"featured_media":769,"comment_status":"open","ping_status":"open","sticky":false,"template":"","format":"standard","meta":{"footnotes":""},"categories":[18,3],"tags":[],"class_list":["post-768","post","type-post","status-publish","format-standard","has-post-thumbnail","hentry","category-sirketler-is-hayati","category-son-haberler"],"_links":{"self":[{"href":"https:\/\/famelifemagazin.com\/index.php?rest_route=\/wp\/v2\/posts\/768","targetHints":{"allow":["GET"]}}],"collection":[{"href":"https:\/\/famelifemagazin.com\/index.php?rest_route=\/wp\/v2\/posts"}],"about":[{"href":"https:\/\/famelifemagazin.com\/index.php?rest_route=\/wp\/v2\/types\/post"}],"author":[{"embeddable":true,"href":"https:\/\/famelifemagazin.com\/index.php?rest_route=\/wp\/v2\/users\/1"}],"replies":[{"embeddable":true,"href":"https:\/\/famelifemagazin.com\/index.php?rest_route=%2Fwp%2Fv2%2Fcomments&post=768"}],"version-history":[{"count":1,"href":"https:\/\/famelifemagazin.com\/index.php?rest_route=\/wp\/v2\/posts\/768\/revisions"}],"predecessor-version":[{"id":770,"href":"https:\/\/famelifemagazin.com\/index.php?rest_route=\/wp\/v2\/posts\/768\/revisions\/770"}],"wp:featuredmedia":[{"embeddable":true,"href":"https:\/\/famelifemagazin.com\/index.php?rest_route=\/wp\/v2\/media\/769"}],"wp:attachment":[{"href":"https:\/\/famelifemagazin.com\/index.php?rest_route=%2Fwp%2Fv2%2Fmedia&parent=768"}],"wp:term":[{"taxonomy":"category","embeddable":true,"href":"https:\/\/famelifemagazin.com\/index.php?rest_route=%2Fwp%2Fv2%2Fcategories&post=768"},{"taxonomy":"post_tag","embeddable":true,"href":"https:\/\/famelifemagazin.com\/index.php?rest_route=%2Fwp%2Fv2%2Ftags&post=768"}],"curies":[{"name":"wp","href":"https:\/\/api.w.org\/{rel}","templated":true}]}}