{"id":710,"date":"2024-01-12T11:56:06","date_gmt":"2024-01-12T11:56:06","guid":{"rendered":"https:\/\/famelifemagazin.com\/?p=710"},"modified":"2024-01-12T11:56:06","modified_gmt":"2024-01-12T11:56:06","slug":"turkiye-ispanyayi-gecerek-en-fazla-peugeot-satilan-4uncu-ulke-oldu","status":"publish","type":"post","link":"https:\/\/famelifemagazin.com\/?p=710","title":{"rendered":"T\u00dcRK\u0130YE \u0130SPANYA\u2019YI GE\u00c7EREK EN FAZLA PEUGEOT SATILAN 4\u2019\u00dcNC\u00dc \u00dcLKE OLDU!"},"content":{"rendered":"\n<p><strong>T\u00fcrkiye otomotiv pazar\u0131n\u0131n h\u0131zla y\u00fckselen markas\u0131 PEUGEOT, 2023\u2019te y\u00fckselen performans\u0131n\u0131 rekor sat\u0131\u015f ger\u00e7ekle\u015ftirerek ta\u00e7land\u0131rd\u0131. 2023\u2019\u00fc 78 bin 632 adetlik toplam sat\u0131\u015fla tamamlayan marka, bir \u00f6nceki y\u0131la g\u00f6re sat\u0131\u015flar\u0131n\u0131 y\u00fczde 141 art\u0131rarak dikkatleri \u00fczerine \u00e7ekti. 2023\u2019te ger\u00e7ekle\u015ftirdi\u011fi 48 bin 201 adetlik SUV sat\u0131\u015f\u0131yla liderli\u011fini kapt\u0131rmayan PEUGEOT T\u00fcrkiye, ticari ara\u00e7 pazar\u0131nda da ilk 3\u2019te yerini ald\u0131. 2023\u2019\u00fcn kendileri i\u00e7in rekorlar y\u0131l\u0131 oldu\u011funu s\u00f6yleyen PEUGEOT T\u00fcrkiye Genel M\u00fcd\u00fcr\u00fc G\u00fclin Reyhano\u011flu, \u201cPEUGEOT olarak T\u00fcrkiye pazar\u0131ndaki b\u00fcy\u00fcmemiz aral\u0131ks\u0131z s\u00fcr\u00fcyor. <\/strong><\/p>\n\n\n\n<p><strong>2023 y\u0131l\u0131n\u0131 78 bin 632 adetlik sat\u0131\u015fla toplam pazarda 5\u2019inci s\u0131rada tamamlad\u0131k. Markan\u0131n T\u00fcrkiye\u2019deki y\u00fckseli\u015fi globalde de ilgiyle takip ediliyor. Rekor seviyedeki sat\u0131\u015f\u0131m\u0131zla y\u0131l sonunda \u0130spanya\u2019y\u0131 geride b\u0131rakmay\u0131 ba\u015fard\u0131k. Bug\u00fcn itibar\u0131yla T\u00fcrkiye, globalde 147 \u00fclke aras\u0131nda en fazla PEUGEOT sat\u0131\u015f\u0131 yap\u0131lan 4\u2019\u00fcnc\u00fc \u00fclke konumuna y\u00fckseldi. <\/strong><\/p>\n\n\n\n<p><strong>\u00d6n\u00fcm\u00fczde Fransa, \u0130talya ve \u0130ngiltere var. Bu tablo bile 2023\u2019\u00fcn bizim i\u00e7in ne kadar ba\u015far\u0131l\u0131 ge\u00e7ti\u011fini ortaya koymaya yetiyor\u201d dedi. T\u00fcrkiye pazar\u0131nda en fazla sat\u0131lan modellerin 3008 ve 2008 oldu\u011funu ifade eden G\u00fclin Reyhano\u011flu, \u201cSUV modellerimizle pazar\u0131n en be\u011fenilen markas\u0131y\u0131z. Birbirinden iddial\u0131 4 modelimizde SUV pazar\u0131ndan y\u00fczde 9,8 pay almay\u0131 ba\u015fard\u0131k. <\/strong><\/p>\n\n\n\n<p><strong>Bir ba\u015fka deyi\u015fle T\u00fcrkiye\u2019de sat\u0131lan 10 SUV ara\u00e7tan birini PEUGEOT olarak biz satt\u0131k. Bu noktada global a\u00e7\u0131dan bir \u00f6nemli ba\u015far\u0131ya daha imza atman\u0131n mutlulu\u011fu i\u00e7indeyiz. 2023 y\u0131l\u0131nda ger\u00e7ekle\u015ftirdi\u011fimiz 9.729 adetlik yeni 408 sat\u0131\u015f\u0131yla, bu g\u00f6z al\u0131c\u0131 PEUGEOT modelinin en \u00e7ok tercih edildi\u011fi \u00fclke olma onuruna da eri\u015ftik. SUV pazar\u0131ndaki mutlak ba\u015far\u0131 ve iddiam\u0131z\u0131 yenilenen modellerimizle 2024\u2019te de s\u00fcrd\u00fcrece\u011fiz. Bu y\u0131l ayr\u0131ca bizim elektrikli modellerimizin y\u0131l\u0131 olacak\u201d diye konu\u015ftu. <\/strong><\/p>\n\n\n\n<p><strong>Marka ayr\u0131ca ODMD Sat\u0131\u015f ve \u0130leti\u015fim \u00d6d\u00fclleri 2023 Gladyat\u00f6rleri\u2019nde \u201cY\u0131l\u0131n Entegre \u0130leti\u015fim Kampanyas\u0131\u201d kategorisinde PEUGEOT 408 &#8211; HER A\u00c7IDAN G\u00d6Z ALICI ile \u00f6d\u00fcl\u00fcn sahibi oldu.<\/strong><\/p>\n\n\n\n<figure class=\"wp-block-gallery has-nested-images columns-default is-cropped wp-block-gallery-1 is-layout-flex wp-block-gallery-is-layout-flex\">\n<figure class=\"wp-block-image size-large\"><img loading=\"lazy\" decoding=\"async\" width=\"1024\" height=\"683\" data-id=\"716\" src=\"https:\/\/famelifemagazin.com\/wp-content\/uploads\/2024\/01\/Yeni-PEUGEOT-E-2008-1024x683.jpg\" alt=\"\" class=\"wp-image-716\" srcset=\"https:\/\/famelifemagazin.com\/wp-content\/uploads\/2024\/01\/Yeni-PEUGEOT-E-2008-1024x683.jpg 1024w, https:\/\/famelifemagazin.com\/wp-content\/uploads\/2024\/01\/Yeni-PEUGEOT-E-2008-300x200.jpg 300w, https:\/\/famelifemagazin.com\/wp-content\/uploads\/2024\/01\/Yeni-PEUGEOT-E-2008-768x512.jpg 768w, https:\/\/famelifemagazin.com\/wp-content\/uploads\/2024\/01\/Yeni-PEUGEOT-E-2008-1536x1024.jpg 1536w, https:\/\/famelifemagazin.com\/wp-content\/uploads\/2024\/01\/Yeni-PEUGEOT-E-2008-2048x1365.jpg 2048w\" sizes=\"auto, (max-width: 1024px) 100vw, 1024px\" \/><\/figure>\n\n\n\n<figure class=\"wp-block-image size-large\"><img loading=\"lazy\" decoding=\"async\" width=\"1024\" height=\"683\" data-id=\"714\" src=\"https:\/\/famelifemagazin.com\/wp-content\/uploads\/2024\/01\/PEUGEOT-Turkiye-Genel-Muduru-Gulin-Reyhanoglu-1-1024x683.jpg\" alt=\"\" class=\"wp-image-714\" srcset=\"https:\/\/famelifemagazin.com\/wp-content\/uploads\/2024\/01\/PEUGEOT-Turkiye-Genel-Muduru-Gulin-Reyhanoglu-1-1024x683.jpg 1024w, https:\/\/famelifemagazin.com\/wp-content\/uploads\/2024\/01\/PEUGEOT-Turkiye-Genel-Muduru-Gulin-Reyhanoglu-1-300x200.jpg 300w, https:\/\/famelifemagazin.com\/wp-content\/uploads\/2024\/01\/PEUGEOT-Turkiye-Genel-Muduru-Gulin-Reyhanoglu-1-768x512.jpg 768w, https:\/\/famelifemagazin.com\/wp-content\/uploads\/2024\/01\/PEUGEOT-Turkiye-Genel-Muduru-Gulin-Reyhanoglu-1-1536x1024.jpg 1536w, https:\/\/famelifemagazin.com\/wp-content\/uploads\/2024\/01\/PEUGEOT-Turkiye-Genel-Muduru-Gulin-Reyhanoglu-1-2048x1365.jpg 2048w\" sizes=\"auto, (max-width: 1024px) 100vw, 1024px\" \/><\/figure>\n\n\n\n<figure class=\"wp-block-image size-large\"><img loading=\"lazy\" decoding=\"async\" width=\"1024\" height=\"683\" data-id=\"715\" src=\"https:\/\/famelifemagazin.com\/wp-content\/uploads\/2024\/01\/PEUGEOT-Turkiye-Genel-Muduru-Gulin-Reyhanoglu-2-1024x683.jpg\" alt=\"\" class=\"wp-image-715\" srcset=\"https:\/\/famelifemagazin.com\/wp-content\/uploads\/2024\/01\/PEUGEOT-Turkiye-Genel-Muduru-Gulin-Reyhanoglu-2-1024x683.jpg 1024w, https:\/\/famelifemagazin.com\/wp-content\/uploads\/2024\/01\/PEUGEOT-Turkiye-Genel-Muduru-Gulin-Reyhanoglu-2-300x200.jpg 300w, https:\/\/famelifemagazin.com\/wp-content\/uploads\/2024\/01\/PEUGEOT-Turkiye-Genel-Muduru-Gulin-Reyhanoglu-2-768x512.jpg 768w, https:\/\/famelifemagazin.com\/wp-content\/uploads\/2024\/01\/PEUGEOT-Turkiye-Genel-Muduru-Gulin-Reyhanoglu-2-1536x1024.jpg 1536w, https:\/\/famelifemagazin.com\/wp-content\/uploads\/2024\/01\/PEUGEOT-Turkiye-Genel-Muduru-Gulin-Reyhanoglu-2-2048x1365.jpg 2048w\" sizes=\"auto, (max-width: 1024px) 100vw, 1024px\" \/><\/figure>\n\n\n\n<figure class=\"wp-block-image size-large\"><img loading=\"lazy\" decoding=\"async\" width=\"1024\" height=\"683\" data-id=\"711\" src=\"https:\/\/famelifemagazin.com\/wp-content\/uploads\/2024\/01\/PEUGEOT-SUV-3008-1024x683.jpg\" alt=\"\" class=\"wp-image-711\" srcset=\"https:\/\/famelifemagazin.com\/wp-content\/uploads\/2024\/01\/PEUGEOT-SUV-3008-1024x683.jpg 1024w, https:\/\/famelifemagazin.com\/wp-content\/uploads\/2024\/01\/PEUGEOT-SUV-3008-300x200.jpg 300w, https:\/\/famelifemagazin.com\/wp-content\/uploads\/2024\/01\/PEUGEOT-SUV-3008-768x512.jpg 768w, https:\/\/famelifemagazin.com\/wp-content\/uploads\/2024\/01\/PEUGEOT-SUV-3008-1536x1024.jpg 1536w, https:\/\/famelifemagazin.com\/wp-content\/uploads\/2024\/01\/PEUGEOT-SUV-3008-2048x1366.jpg 2048w\" sizes=\"auto, (max-width: 1024px) 100vw, 1024px\" \/><\/figure>\n\n\n\n<figure class=\"wp-block-image size-large\"><img loading=\"lazy\" decoding=\"async\" width=\"1024\" height=\"683\" data-id=\"713\" src=\"https:\/\/famelifemagazin.com\/wp-content\/uploads\/2024\/01\/PEUGEOT-Rifter-1024x683.jpg\" alt=\"\" class=\"wp-image-713\" srcset=\"https:\/\/famelifemagazin.com\/wp-content\/uploads\/2024\/01\/PEUGEOT-Rifter-1024x683.jpg 1024w, https:\/\/famelifemagazin.com\/wp-content\/uploads\/2024\/01\/PEUGEOT-Rifter-300x200.jpg 300w, https:\/\/famelifemagazin.com\/wp-content\/uploads\/2024\/01\/PEUGEOT-Rifter-768x512.jpg 768w, https:\/\/famelifemagazin.com\/wp-content\/uploads\/2024\/01\/PEUGEOT-Rifter-1536x1025.jpg 1536w, https:\/\/famelifemagazin.com\/wp-content\/uploads\/2024\/01\/PEUGEOT-Rifter-2048x1366.jpg 2048w\" sizes=\"auto, (max-width: 1024px) 100vw, 1024px\" \/><\/figure>\n\n\n\n<figure class=\"wp-block-image size-large\"><img loading=\"lazy\" decoding=\"async\" width=\"1024\" height=\"569\" data-id=\"712\" src=\"https:\/\/famelifemagazin.com\/wp-content\/uploads\/2024\/01\/PEUGEOT-408-1024x569.jpg\" alt=\"\" class=\"wp-image-712\" srcset=\"https:\/\/famelifemagazin.com\/wp-content\/uploads\/2024\/01\/PEUGEOT-408-1024x569.jpg 1024w, https:\/\/famelifemagazin.com\/wp-content\/uploads\/2024\/01\/PEUGEOT-408-300x167.jpg 300w, https:\/\/famelifemagazin.com\/wp-content\/uploads\/2024\/01\/PEUGEOT-408-768x427.jpg 768w, https:\/\/famelifemagazin.com\/wp-content\/uploads\/2024\/01\/PEUGEOT-408-1536x853.jpg 1536w, https:\/\/famelifemagazin.com\/wp-content\/uploads\/2024\/01\/PEUGEOT-408-2048x1138.jpg 2048w\" sizes=\"auto, (max-width: 1024px) 100vw, 1024px\" \/><\/figure>\n<\/figure>\n","protected":false},"excerpt":{"rendered":"<p>T\u00fcrkiye otomotiv pazar\u0131n\u0131n h\u0131zla y\u00fckselen markas\u0131 PEUGEOT, 2023\u2019te y\u00fckselen performans\u0131n\u0131 rekor sat\u0131\u015f ger\u00e7ekle\u015ftirerek ta\u00e7land\u0131rd\u0131. 2023\u2019\u00fc 78 bin 632 adetlik toplam sat\u0131\u015fla tamamlayan marka, bir \u00f6nceki y\u0131la g\u00f6re sat\u0131\u015flar\u0131n\u0131 y\u00fczde 141 art\u0131rarak dikkatleri \u00fczerine \u00e7ekti. 2023\u2019te ger\u00e7ekle\u015ftirdi\u011fi 48 bin 201 adetlik SUV sat\u0131\u015f\u0131yla liderli\u011fini kapt\u0131rmayan PEUGEOT T\u00fcrkiye, ticari ara\u00e7 pazar\u0131nda da ilk 3\u2019te yerini ald\u0131. 2023\u2019\u00fcn [&hellip;]<\/p>\n","protected":false},"author":1,"featured_media":714,"comment_status":"open","ping_status":"open","sticky":false,"template":"","format":"standard","meta":{"footnotes":""},"categories":[14,3],"tags":[],"class_list":["post-710","post","type-post","status-publish","format-standard","has-post-thumbnail","hentry","category-otomotiv","category-son-haberler"],"_links":{"self":[{"href":"https:\/\/famelifemagazin.com\/index.php?rest_route=\/wp\/v2\/posts\/710","targetHints":{"allow":["GET"]}}],"collection":[{"href":"https:\/\/famelifemagazin.com\/index.php?rest_route=\/wp\/v2\/posts"}],"about":[{"href":"https:\/\/famelifemagazin.com\/index.php?rest_route=\/wp\/v2\/types\/post"}],"author":[{"embeddable":true,"href":"https:\/\/famelifemagazin.com\/index.php?rest_route=\/wp\/v2\/users\/1"}],"replies":[{"embeddable":true,"href":"https:\/\/famelifemagazin.com\/index.php?rest_route=%2Fwp%2Fv2%2Fcomments&post=710"}],"version-history":[{"count":1,"href":"https:\/\/famelifemagazin.com\/index.php?rest_route=\/wp\/v2\/posts\/710\/revisions"}],"predecessor-version":[{"id":717,"href":"https:\/\/famelifemagazin.com\/index.php?rest_route=\/wp\/v2\/posts\/710\/revisions\/717"}],"wp:featuredmedia":[{"embeddable":true,"href":"https:\/\/famelifemagazin.com\/index.php?rest_route=\/wp\/v2\/media\/714"}],"wp:attachment":[{"href":"https:\/\/famelifemagazin.com\/index.php?rest_route=%2Fwp%2Fv2%2Fmedia&parent=710"}],"wp:term":[{"taxonomy":"category","embeddable":true,"href":"https:\/\/famelifemagazin.com\/index.php?rest_route=%2Fwp%2Fv2%2Fcategories&post=710"},{"taxonomy":"post_tag","embeddable":true,"href":"https:\/\/famelifemagazin.com\/index.php?rest_route=%2Fwp%2Fv2%2Ftags&post=710"}],"curies":[{"name":"wp","href":"https:\/\/api.w.org\/{rel}","templated":true}]}}