{"id":5995,"date":"2025-09-13T12:06:27","date_gmt":"2025-09-13T12:06:27","guid":{"rendered":"https:\/\/famelifemagazin.com\/?p=5995"},"modified":"2025-12-19T15:37:44","modified_gmt":"2025-12-19T15:37:44","slug":"bodrumda-perde-aciliyor-dunya-sinemasina-yeni-bir-bakis","status":"publish","type":"post","link":"https:\/\/famelifemagazin.com\/?p=5995","title":{"rendered":"BODRUM\u2019DA PERDE A\u00c7ILIYOR: D\u00dcNYA\u00a0 S\u0130NEMASINA YEN\u0130 B\u0130R BAKI\u015e!"},"content":{"rendered":"\n<p><strong>BODRUM ULUSLARARASI F\u0130LM FEST\u0130VAL\u0130 BA\u015eLIYOR!<\/strong><\/p>\n\n\n\n<p>3\u20138 Ekim 2025 tarihleri aras\u0131nda sinema, Ege k\u0131y\u0131lar\u0131na bir ba\u015fka yak\u0131\u015facak\u2026<\/p>\n\n\n\n<p>Bodrum, yepyeni bir uluslararas\u0131 festivalle d\u00fcnya sinemas\u0131na kap\u0131lar\u0131n\u0131 a\u00e7\u0131yor: Bodrum Uluslararas\u0131 Film Festivali (BIFF) ba\u015fl\u0131yor.<\/p>\n\n\n\n<p>Bodrum Sinema ve K\u00fclt\u00fcr Derne\u011fi taraf\u0131ndan, T.C. K\u00fclt\u00fcr ve Turizm Bakanl\u0131\u011f\u0131&#8217;n\u0131n deste\u011fiyle ve Mu\u011fla Valili\u011fi, Bodrum Belediyesi, Bodrum Kaymakaml\u0131\u011f\u0131, Mu\u011fla B\u00fcy\u00fck\u015fehir Belediyesi ve Kos Belediyesi\u2019nin i\u015f birli\u011fiyle ger\u00e7ekle\u015fen festival, Bodrum ile Kos Adas\u0131 aras\u0131nda sinema dolu bir k\u00f6pr\u00fc kuracak.<\/p>\n\n\n\n<p><strong>AKDEN\u0130Z\u2019DEN D\u00dcNYAYA A\u00c7ILAN B\u0130R PERDE!<\/strong><\/p>\n\n\n\n<p>12 y\u0131ll\u0131k Bodrum T\u00fcrk Filmleri Haftas\u0131 ve CineBodrum Sekt\u00f6r Zirvesi deneyiminden do\u011fan BIFF, sadece bir festival de\u011fil; izleyiciyle yap\u0131mc\u0131y\u0131, ke\u015fifle ustal\u0131\u011f\u0131, Akdeniz s\u0131cakl\u0131\u011f\u0131n\u0131 evrensel sinema diliyle bulu\u015fturan bir platform.<\/p>\n\n\n\n<p>Festivalin merkezinde uluslararas\u0131 uzun metraj film yar\u0131\u015fmas\u0131 yer al\u0131yor. Ayr\u0131ca T\u00fcrkiye-Yunanistan Sinema Bulu\u015fmas\u0131 ile iki kom\u015fu \u00fclkenin sinemac\u0131lar\u0131, ortak projelere ilham verecek i\u015f birlikleri i\u00e7in ayn\u0131 masada bulu\u015facak.<\/p>\n\n\n\n<p>BIFF\u2019in program\u0131, farkl\u0131 ya\u015f gruplar\u0131na ve sinema zevklerine hitap edecek \u015fekilde \u00f6zenle haz\u0131rland\u0131. \u0130nsan hik\u00e2yelerine odaklanan etkileyici filmler, ailece izlenebilecek yap\u0131mlar ve d\u00fcnya festivallerinden \u00f6d\u00fcllerle d\u00f6nen \u00e7arp\u0131c\u0131 \u00f6rnekler bir arada sunuluyor.<\/p>\n\n\n\n<p>Festivalde T\u00fcrkiye pr\u00f6miyerini yapacak 8 film yar\u0131\u015facak. Yar\u0131\u015fma d\u0131\u015f\u0131 b\u00f6l\u00fcmlerde ise y\u0131l\u0131n ses getiren, b\u00fcy\u00fck festivallerde \u00f6ne \u00e7\u0131kan, \u00e7o\u011fu T\u00fcrkiye&#8217;de ilk kez g\u00f6sterilecek filmler yer al\u0131yor.<\/p>\n\n\n\n<p>Film g\u00f6sterimleri Oasis Cinemarine sinemalar\u0131nda yap\u0131lacak. Ayr\u0131ca Bodrum Kalesi ve \u00e7e\u015fitli a\u00e7\u0131k hava noktalar\u0131nda \u00fccretsiz g\u00f6sterimler de olacak. Eyl\u00fcl ay\u0131nda a\u00e7\u0131klanacak bu program, Bodrum\u2019un sinema atmosferini soka\u011fa ta\u015f\u0131yacak.<\/p>\n\n\n\n<p><strong>T\u00dcRK\u0130YE YUNAN\u0130STAN ARASINDA S\u0130NEMA K\u00d6PR\u00dcS\u00dc!<\/strong><\/p>\n\n\n\n<p>Festivalin en dikkat \u00e7ekici b\u00f6l\u00fcmlerinden biri de T\u00fcrkiye-Yunanistan Sinema Bulu\u015fmas\u0131. Kos Belediyesi\u2019nin katk\u0131lar\u0131yla ger\u00e7ekle\u015fecek bu etkinlikte, iki \u00fclkeden \u00f6nemli yap\u0131mc\u0131 ve y\u00f6netmenler, ortak yap\u0131m projeleri i\u00e7in bir araya gelecek. Etkinli\u011fin koordinat\u00f6r\u00fc ise uluslararas\u0131 festivallerden bir\u00e7ok \u00f6d\u00fclle d\u00f6nen yap\u0131mc\u0131 Anna Maria Aslano\u011flu.<\/p>\n\n\n\n<p><strong>FEST\u0130VAL YEN\u0130, EK\u0130P TECR\u00dcBEL\u0130!<\/strong><\/p>\n\n\n\n<p>Festivalin direkt\u00f6rl\u00fc\u011f\u00fcn\u00fc Bodrum Sinema ve K\u00fclt\u00fcr Derne\u011fi Ba\u015fkan\u0131 Cenk Sezgin \u00fcstleniyor. Ba\u015fkan Yard\u0131mc\u0131s\u0131 Orhan Altun. Uluslararas\u0131 programlar i\u00e7in Katadrom Art Prod\u00fcksiyon ile i\u015f birli\u011fi yap\u0131ld\u0131. Program dan\u0131\u015fman\u0131, film ele\u015ftirmeni ve k\u00fcrat\u00f6r Alin Ta\u015f\u00e7\u0131yan. Dan\u0131\u015fmanlar aras\u0131nda ise yap\u0131mc\u0131 ve Festival Direkt\u00f6r\u00fc Elif Da\u011fdeviren ve Konsept Dan\u0131\u015fmanlar\u0131 Emrah &amp; J\u00fclide Akkurt bulunuyor.<\/p>\n\n\n\n<figure class=\"wp-block-gallery has-nested-images columns-default is-cropped wp-block-gallery-1 is-layout-flex wp-block-gallery-is-layout-flex\">\n<figure class=\"wp-block-image size-large\"><img loading=\"lazy\" decoding=\"async\" width=\"1024\" height=\"683\" data-id=\"5996\" src=\"https:\/\/famelifemagazin.com\/wp-content\/uploads\/2025\/09\/ONURGIZEMCENKSELMA-1024x683.jpeg\" alt=\"\" class=\"wp-image-5996\" srcset=\"https:\/\/famelifemagazin.com\/wp-content\/uploads\/2025\/09\/ONURGIZEMCENKSELMA-1024x683.jpeg 1024w, https:\/\/famelifemagazin.com\/wp-content\/uploads\/2025\/09\/ONURGIZEMCENKSELMA-300x200.jpeg 300w, https:\/\/famelifemagazin.com\/wp-content\/uploads\/2025\/09\/ONURGIZEMCENKSELMA-768x512.jpeg 768w, https:\/\/famelifemagazin.com\/wp-content\/uploads\/2025\/09\/ONURGIZEMCENKSELMA.jpeg 1280w\" sizes=\"auto, (max-width: 1024px) 100vw, 1024px\" \/><\/figure>\n\n\n\n<figure class=\"wp-block-image size-large\"><img loading=\"lazy\" decoding=\"async\" width=\"1024\" height=\"684\" data-id=\"6003\" src=\"https:\/\/famelifemagazin.com\/wp-content\/uploads\/2025\/09\/CENK-SEZGINMIHRIBAN-ER.GOKHAN-MUMCUj.pg_-1024x684.jpg\" alt=\"\" class=\"wp-image-6003\" srcset=\"https:\/\/famelifemagazin.com\/wp-content\/uploads\/2025\/09\/CENK-SEZGINMIHRIBAN-ER.GOKHAN-MUMCUj.pg_-1024x684.jpg 1024w, https:\/\/famelifemagazin.com\/wp-content\/uploads\/2025\/09\/CENK-SEZGINMIHRIBAN-ER.GOKHAN-MUMCUj.pg_-300x200.jpg 300w, https:\/\/famelifemagazin.com\/wp-content\/uploads\/2025\/09\/CENK-SEZGINMIHRIBAN-ER.GOKHAN-MUMCUj.pg_-768x513.jpg 768w\" sizes=\"auto, (max-width: 1024px) 100vw, 1024px\" \/><\/figure>\n\n\n\n<figure class=\"wp-block-image size-large\"><img loading=\"lazy\" decoding=\"async\" width=\"1024\" height=\"706\" data-id=\"6001\" src=\"https:\/\/famelifemagazin.com\/wp-content\/uploads\/2025\/09\/YILMAZ-ALGUL-VE-ESI-1024x706.jpg\" alt=\"\" class=\"wp-image-6001\" srcset=\"https:\/\/famelifemagazin.com\/wp-content\/uploads\/2025\/09\/YILMAZ-ALGUL-VE-ESI-1024x706.jpg 1024w, https:\/\/famelifemagazin.com\/wp-content\/uploads\/2025\/09\/YILMAZ-ALGUL-VE-ESI-300x207.jpg 300w, https:\/\/famelifemagazin.com\/wp-content\/uploads\/2025\/09\/YILMAZ-ALGUL-VE-ESI-768x529.jpg 768w, https:\/\/famelifemagazin.com\/wp-content\/uploads\/2025\/09\/YILMAZ-ALGUL-VE-ESI-1536x1059.jpg 1536w, https:\/\/famelifemagazin.com\/wp-content\/uploads\/2025\/09\/YILMAZ-ALGUL-VE-ESI-2048x1412.jpg 2048w\" sizes=\"auto, (max-width: 1024px) 100vw, 1024px\" \/><\/figure>\n\n\n\n<figure class=\"wp-block-image size-large\"><img loading=\"lazy\" decoding=\"async\" width=\"2560\" height=\"1709\" data-id=\"5999\" src=\"https:\/\/famelifemagazin.com\/wp-content\/uploads\/2025\/09\/CENK-SEZGINMATINA-VOUKELATOU-CHRISTODOULIDI-scaled.jpg\" alt=\"\" class=\"wp-image-5999\" srcset=\"https:\/\/famelifemagazin.com\/wp-content\/uploads\/2025\/09\/CENK-SEZGINMATINA-VOUKELATOU-CHRISTODOULIDI-scaled.jpg 2560w, https:\/\/famelifemagazin.com\/wp-content\/uploads\/2025\/09\/CENK-SEZGINMATINA-VOUKELATOU-CHRISTODOULIDI-300x200.jpg 300w\" sizes=\"auto, (max-width: 2560px) 100vw, 2560px\" \/><\/figure>\n\n\n\n<figure class=\"wp-block-image size-large\"><img loading=\"lazy\" decoding=\"async\" width=\"1024\" height=\"704\" data-id=\"6000\" src=\"https:\/\/famelifemagazin.com\/wp-content\/uploads\/2025\/09\/GOKHAN-MUMCUCEREN-AKSAN-1024x704.jpg\" alt=\"\" class=\"wp-image-6000\" srcset=\"https:\/\/famelifemagazin.com\/wp-content\/uploads\/2025\/09\/GOKHAN-MUMCUCEREN-AKSAN-1024x704.jpg 1024w, https:\/\/famelifemagazin.com\/wp-content\/uploads\/2025\/09\/GOKHAN-MUMCUCEREN-AKSAN-300x206.jpg 300w, https:\/\/famelifemagazin.com\/wp-content\/uploads\/2025\/09\/GOKHAN-MUMCUCEREN-AKSAN-768x528.jpg 768w, https:\/\/famelifemagazin.com\/wp-content\/uploads\/2025\/09\/GOKHAN-MUMCUCEREN-AKSAN-1536x1057.jpg 1536w, https:\/\/famelifemagazin.com\/wp-content\/uploads\/2025\/09\/GOKHAN-MUMCUCEREN-AKSAN-2048x1409.jpg 2048w\" sizes=\"auto, (max-width: 1024px) 100vw, 1024px\" \/><\/figure>\n<\/figure>\n\n\n\n<figure class=\"wp-block-gallery has-nested-images columns-default is-cropped wp-block-gallery-2 is-layout-flex wp-block-gallery-is-layout-flex\">\n<figure class=\"wp-block-image size-large\"><img loading=\"lazy\" decoding=\"async\" width=\"1024\" height=\"683\" data-id=\"5996\" src=\"https:\/\/famelifemagazin.com\/wp-content\/uploads\/2025\/09\/ONURGIZEMCENKSELMA-1024x683.jpeg\" alt=\"\" class=\"wp-image-5996\" srcset=\"https:\/\/famelifemagazin.com\/wp-content\/uploads\/2025\/09\/ONURGIZEMCENKSELMA-1024x683.jpeg 1024w, https:\/\/famelifemagazin.com\/wp-content\/uploads\/2025\/09\/ONURGIZEMCENKSELMA-300x200.jpeg 300w, https:\/\/famelifemagazin.com\/wp-content\/uploads\/2025\/09\/ONURGIZEMCENKSELMA-768x512.jpeg 768w, https:\/\/famelifemagazin.com\/wp-content\/uploads\/2025\/09\/ONURGIZEMCENKSELMA.jpeg 1280w\" sizes=\"auto, (max-width: 1024px) 100vw, 1024px\" \/><\/figure>\n\n\n\n<figure class=\"wp-block-image size-large\"><img loading=\"lazy\" decoding=\"async\" width=\"1024\" height=\"633\" data-id=\"5998\" src=\"https:\/\/famelifemagazin.com\/wp-content\/uploads\/2025\/09\/ONUR-YILMAZCENK-SEZGIN-1024x633.jpg\" alt=\"\" class=\"wp-image-5998\" srcset=\"https:\/\/famelifemagazin.com\/wp-content\/uploads\/2025\/09\/ONUR-YILMAZCENK-SEZGIN-1024x633.jpg 1024w, https:\/\/famelifemagazin.com\/wp-content\/uploads\/2025\/09\/ONUR-YILMAZCENK-SEZGIN-300x185.jpg 300w, https:\/\/famelifemagazin.com\/wp-content\/uploads\/2025\/09\/ONUR-YILMAZCENK-SEZGIN-768x475.jpg 768w\" sizes=\"auto, (max-width: 1024px) 100vw, 1024px\" \/><\/figure>\n<\/figure>\n\n\n<div class=\"wp-block-image\">\n<figure class=\"aligncenter size-large\"><img loading=\"lazy\" decoding=\"async\" width=\"582\" height=\"1024\" src=\"https:\/\/famelifemagazin.com\/wp-content\/uploads\/2025\/09\/BIFF-2025-582x1024.jpeg\" alt=\"\" class=\"wp-image-5997\" srcset=\"https:\/\/famelifemagazin.com\/wp-content\/uploads\/2025\/09\/BIFF-2025-582x1024.jpeg 582w, https:\/\/famelifemagazin.com\/wp-content\/uploads\/2025\/09\/BIFF-2025-171x300.jpeg 171w, https:\/\/famelifemagazin.com\/wp-content\/uploads\/2025\/09\/BIFF-2025-768x1351.jpeg 768w, https:\/\/famelifemagazin.com\/wp-content\/uploads\/2025\/09\/BIFF-2025.jpeg 809w\" sizes=\"auto, (max-width: 582px) 100vw, 582px\" \/><\/figure>\n<\/div>","protected":false},"excerpt":{"rendered":"<p>BODRUM ULUSLARARASI F\u0130LM FEST\u0130VAL\u0130 BA\u015eLIYOR! 3\u20138 Ekim 2025 tarihleri aras\u0131nda sinema, Ege k\u0131y\u0131lar\u0131na bir ba\u015fka yak\u0131\u015facak\u2026 Bodrum, yepyeni bir uluslararas\u0131 festivalle d\u00fcnya sinemas\u0131na kap\u0131lar\u0131n\u0131 a\u00e7\u0131yor: Bodrum Uluslararas\u0131 Film Festivali (BIFF) ba\u015fl\u0131yor. Bodrum Sinema ve K\u00fclt\u00fcr Derne\u011fi taraf\u0131ndan, T.C. K\u00fclt\u00fcr ve Turizm Bakanl\u0131\u011f\u0131&#8217;n\u0131n deste\u011fiyle ve Mu\u011fla Valili\u011fi, Bodrum Belediyesi, Bodrum Kaymakaml\u0131\u011f\u0131, Mu\u011fla B\u00fcy\u00fck\u015fehir Belediyesi ve Kos [&hellip;]<\/p>\n","protected":false},"author":1,"featured_media":5999,"comment_status":"open","ping_status":"open","sticky":false,"template":"","format":"standard","meta":{"footnotes":""},"categories":[20,3],"tags":[],"class_list":["post-5995","post","type-post","status-publish","format-standard","has-post-thumbnail","hentry","category-sinema-film-tv-dizi","category-son-haberler"],"_links":{"self":[{"href":"https:\/\/famelifemagazin.com\/index.php?rest_route=\/wp\/v2\/posts\/5995","targetHints":{"allow":["GET"]}}],"collection":[{"href":"https:\/\/famelifemagazin.com\/index.php?rest_route=\/wp\/v2\/posts"}],"about":[{"href":"https:\/\/famelifemagazin.com\/index.php?rest_route=\/wp\/v2\/types\/post"}],"author":[{"embeddable":true,"href":"https:\/\/famelifemagazin.com\/index.php?rest_route=\/wp\/v2\/users\/1"}],"replies":[{"embeddable":true,"href":"https:\/\/famelifemagazin.com\/index.php?rest_route=%2Fwp%2Fv2%2Fcomments&post=5995"}],"version-history":[{"count":1,"href":"https:\/\/famelifemagazin.com\/index.php?rest_route=\/wp\/v2\/posts\/5995\/revisions"}],"predecessor-version":[{"id":6004,"href":"https:\/\/famelifemagazin.com\/index.php?rest_route=\/wp\/v2\/posts\/5995\/revisions\/6004"}],"wp:featuredmedia":[{"embeddable":true,"href":"https:\/\/famelifemagazin.com\/index.php?rest_route=\/wp\/v2\/media\/5999"}],"wp:attachment":[{"href":"https:\/\/famelifemagazin.com\/index.php?rest_route=%2Fwp%2Fv2%2Fmedia&parent=5995"}],"wp:term":[{"taxonomy":"category","embeddable":true,"href":"https:\/\/famelifemagazin.com\/index.php?rest_route=%2Fwp%2Fv2%2Fcategories&post=5995"},{"taxonomy":"post_tag","embeddable":true,"href":"https:\/\/famelifemagazin.com\/index.php?rest_route=%2Fwp%2Fv2%2Ftags&post=5995"}],"curies":[{"name":"wp","href":"https:\/\/api.w.org\/{rel}","templated":true}]}}