{"id":5990,"date":"2025-09-13T11:59:05","date_gmt":"2025-09-13T11:59:05","guid":{"rendered":"https:\/\/famelifemagazin.com\/?p=5990"},"modified":"2025-12-19T15:38:09","modified_gmt":"2025-12-19T15:38:09","slug":"turk-guzellik-uzmani-kalici-makyaj-alaninda-dunyada-soz-sahibi-oldu","status":"publish","type":"post","link":"https:\/\/famelifemagazin.com\/?p=5990","title":{"rendered":"T\u00fcrk G\u00fczellik Uzman\u0131 Kal\u0131c\u0131 Makyaj Alan\u0131nda D\u00fcnyada S\u00f6z Sahibi Oldu&#8230;"},"content":{"rendered":"\n<p><strong>Ankara\u2019da kal\u0131c\u0131 makyaj sanat\u00e7\u0131s\u0131 Cansu Durkun Abal\u0131 taraf\u0131ndan kurulan Cansu Durkun Beauty Co. uluslararas\u0131 arenada ba\u015far\u0131lara imza at\u0131yor. Kal\u0131c\u0131 makyaj alan\u0131ndaki bir \u00e7ok yar\u0131\u015fma ve zirvede juri \u00fcyeli\u011fi yapan ve konu\u015fmac\u0131 olan sanat\u00e7\u0131, ayn\u0131 zamanda d\u00fcnya genelinde 160 milyon ki\u015finin m\u00fccadele etti\u011fi alopesi hastalar\u0131 i\u00e7in de \u00fccretsiz ka\u015f uygulamalar\u0131 ger\u00e7ekle\u015ftiriyor. Cansu Durkun Academy b\u00fcnyesinde kad\u0131nlara kal\u0131c\u0131 makyaj e\u011fitimi de veren kurum, yakla\u015f\u0131k 5 bin kad\u0131na yeni bir kariyer imkan\u0131 sunuyor.<\/strong><\/p>\n\n\n\n<p>T\u00fcrkiye, i\u015fg\u00fcc\u00fcne kat\u0131l\u0131m oran\u0131n\u0131 %53,5&#8217;e \u00e7\u0131kararak cinsiyet e\u015fitli\u011fine dayal\u0131 istihdam hedefine kararl\u0131 ad\u0131mlarla ilerliyor olsa da, yeterli h\u0131za ula\u015fam\u0131yor. \u0130\u015fg\u00fcc\u00fcne kat\u0131l\u0131m oran\u0131 erkeklerde %72 \u015feklinde \u00f6l\u00e7\u00fcl\u00fcrken, kad\u0131nlarda ise %36,8\u2019de kal\u0131yor. Binlerce kad\u0131n\u0131 meslek sahibi yaparak ekonomik ba\u011f\u0131ms\u0131zl\u0131klar\u0131n\u0131 kazand\u0131rmak i\u00e7in gelece\u011fin kal\u0131c\u0131 makyaj sanat\u00e7\u0131lar\u0131n\u0131 kurduklar\u0131 akademide yeti\u015ftiren Cansu Durkun, uzmanl\u0131\u011f\u0131n\u0131 sosyal sorumluluk projeleriyle toplumsal faydaya d\u00f6n\u00fc\u015ft\u00fcr\u00fcrken uluslararas\u0131 arenada ba\u015far\u0131lara da imza at\u0131yor.<\/p>\n\n\n\n<p>Kal\u0131c\u0131 Makyaj alan\u0131nda uluslararas\u0131 bilinirlik ve istihdam<\/p>\n\n\n\n<p>Hollanda, Almanya, Endonezya, Rusya, \u0130talya gibi bir\u00e7ok \u00fclkeden kal\u0131c\u0131 makyaj alan\u0131ndaki kongrelere konu\u015fmac\u0131 olarak kat\u0131lan ve e\u011fitimler veren Cansu Durkun Abal\u0131, T\u00fcrkiye\u2019yi uluslaras\u0131 arenada temsil ediyor. Pigmentoloji, renk teorisi ve n\u00f6tralizasyon alanlar\u0131nda uzmanla\u015fm\u0131\u015f; belgesel formatl\u0131 e\u011fitim videolar\u0131, canl\u0131 sahne demolar\u0131 ve panel\/moderasyon \u00e7al\u0131\u015fmalar\u0131yla tan\u0131nan Cansu Durkun, \u201c\u015eu ana kadar 5 bini a\u015fk\u0131n \u00f6\u011frenci yeti\u015ftirdik ve onlara mentorluk yapt\u0131k. <\/p>\n\n\n\n<p>Sekt\u00f6r\u00fcm\u00fczde yaratt\u0131\u011f\u0131m\u0131z ivme ve a\u00e7t\u0131\u011f\u0131m\u0131z istihdam alan\u0131yla uluslararas\u0131 arenada da \u00fclkemizi temsil etmeye ba\u015flad\u0131k. Non-Stop konu\u015fmac\u0131s\u0131 olarak yer ald\u0131\u011f\u0131m K\u00fcresel Ka\u015f Sanat\u00e7\u0131s\u0131 \u015eampiyonas\u0131 Browista\u2019n\u0131n 2024 D\u00fcnya \u015eampiyonas\u0131\u2019ndan sonra, bu y\u0131l da farkl\u0131 global organizasyonlarda \u00f6n safhalarda konumlanaca\u011f\u0131m\u201d dedi. <\/p>\n\n\n\n<p>\u00dcst \u00fcste \u00fc\u00e7 kez IGDESO \u2018\u00dcst\u00fcn Ba\u015far\u0131\u2019 \u00f6d\u00fcl\u00fcn\u00fcn sahibi olarak ge\u00e7mi\u015ften bug\u00fcne edindi\u011fi t\u00fcm bilgi ve deneyimleri \u00f6\u011frencilerine aktarmay\u0131 misyon edinen Kal\u0131c\u0131 Makyaj Sanat\u00e7\u0131s\u0131 ve E\u011fitmeni Cansu Durkun, 3-6 Ekim\u2019de Rotterdam&#8217;da ger\u00e7ekle\u015ftirilecek Eyebrow Festival YOU&#8217;da konu\u015fmac\u0131, j\u00fcri \u00fcyesi ve sunucu olarak sahne alacak. \u0130stanbul\u2019un ev sahipli\u011finde ger\u00e7ekle\u015fecek Worlds PMU etkinli\u011finde ise hem ana konu\u015fmac\u0131 hem de b\u00fcy\u00fck finalin j\u00fcri \u00fcyesi olarak g\u00f6rev yapacak. 2026\u2019da d\u00fczenlenecek PMU Endonesia\u2019n\u0131n da hem ortak organizat\u00f6r\u00fc hem de ana konu\u015fmac\u0131s\u0131 olarak konumlanacak.<\/p>\n\n\n\n<p>Alopesi hastalar\u0131 i\u00e7in \u00fccretsiz ka\u015f uygulamalar\u0131<\/p>\n\n\n\n<p>B\u00f6lgesel sa\u00e7 d\u00f6k\u00fclmelerine neden olan ve d\u00fcnya genelinde 160 milyon ki\u015finin m\u00fccadele etti\u011fi alopesi hastalar\u0131 i\u00e7in \u00fccretsiz ka\u015f uygulamalar\u0131 yapan Kal\u0131c\u0131 Makyaj Sanat\u00e7\u0131s\u0131 ve E\u011fitmeni Cansu Durkun, \u015fu a\u00e7\u0131klamada bulundu: \u201cAkademimizde yaln\u0131zca i\u015f d\u00fcnyas\u0131na kazand\u0131raca\u011f\u0131m\u0131z profesyoneller yeti\u015ftirmekle kalm\u0131yor, sosyal sorumluluk projelerimizle alopesi hastalar\u0131 i\u00e7in yeni bir umut kap\u0131s\u0131 a\u00e7mak i\u00e7in \u00e7abal\u0131yoruz. <\/p>\n\n\n\n<p>Bu hastal\u0131k nedeniyle ka\u015flar\u0131n\u0131 kaybedenlerin aynaya tekrar g\u00fcvenle bakabilmesi i\u00e7in yard\u0131mc\u0131 oluyoruz. B\u00f6ylece y\u00fczlerce insan\u0131n y\u00fcz\u00fcnde bir g\u00fcl\u00fcmseme sa\u011flamakla kalm\u0131yor, ayn\u0131 zamanda g\u00fczellik ve kal\u0131c\u0131 makyaj alan\u0131nda yaln\u0131zca teknik bilgi sunan bir kurum de\u011fil; ilham veren ve mesleki d\u00f6n\u00fc\u015f\u00fcm sa\u011flayan bir merkez oldu\u011fumuzu tescilliyoruz.\u201d<\/p>\n","protected":false},"excerpt":{"rendered":"<p>Ankara\u2019da kal\u0131c\u0131 makyaj sanat\u00e7\u0131s\u0131 Cansu Durkun Abal\u0131 taraf\u0131ndan kurulan Cansu Durkun Beauty Co. uluslararas\u0131 arenada ba\u015far\u0131lara imza at\u0131yor. Kal\u0131c\u0131 makyaj alan\u0131ndaki bir \u00e7ok yar\u0131\u015fma ve zirvede juri \u00fcyeli\u011fi yapan ve konu\u015fmac\u0131 olan sanat\u00e7\u0131, ayn\u0131 zamanda d\u00fcnya genelinde 160 milyon ki\u015finin m\u00fccadele etti\u011fi alopesi hastalar\u0131 i\u00e7in de \u00fccretsiz ka\u015f uygulamalar\u0131 ger\u00e7ekle\u015ftiriyor. Cansu Durkun Academy b\u00fcnyesinde kad\u0131nlara [&hellip;]<\/p>\n","protected":false},"author":1,"featured_media":5992,"comment_status":"open","ping_status":"open","sticky":false,"template":"","format":"standard","meta":{"footnotes":""},"categories":[5,3],"tags":[],"class_list":["post-5990","post","type-post","status-publish","format-standard","has-post-thumbnail","hentry","category-guzellik-estetik","category-son-haberler"],"_links":{"self":[{"href":"https:\/\/famelifemagazin.com\/index.php?rest_route=\/wp\/v2\/posts\/5990","targetHints":{"allow":["GET"]}}],"collection":[{"href":"https:\/\/famelifemagazin.com\/index.php?rest_route=\/wp\/v2\/posts"}],"about":[{"href":"https:\/\/famelifemagazin.com\/index.php?rest_route=\/wp\/v2\/types\/post"}],"author":[{"embeddable":true,"href":"https:\/\/famelifemagazin.com\/index.php?rest_route=\/wp\/v2\/users\/1"}],"replies":[{"embeddable":true,"href":"https:\/\/famelifemagazin.com\/index.php?rest_route=%2Fwp%2Fv2%2Fcomments&post=5990"}],"version-history":[{"count":1,"href":"https:\/\/famelifemagazin.com\/index.php?rest_route=\/wp\/v2\/posts\/5990\/revisions"}],"predecessor-version":[{"id":5993,"href":"https:\/\/famelifemagazin.com\/index.php?rest_route=\/wp\/v2\/posts\/5990\/revisions\/5993"}],"wp:featuredmedia":[{"embeddable":true,"href":"https:\/\/famelifemagazin.com\/index.php?rest_route=\/wp\/v2\/media\/5992"}],"wp:attachment":[{"href":"https:\/\/famelifemagazin.com\/index.php?rest_route=%2Fwp%2Fv2%2Fmedia&parent=5990"}],"wp:term":[{"taxonomy":"category","embeddable":true,"href":"https:\/\/famelifemagazin.com\/index.php?rest_route=%2Fwp%2Fv2%2Fcategories&post=5990"},{"taxonomy":"post_tag","embeddable":true,"href":"https:\/\/famelifemagazin.com\/index.php?rest_route=%2Fwp%2Fv2%2Ftags&post=5990"}],"curies":[{"name":"wp","href":"https:\/\/api.w.org\/{rel}","templated":true}]}}