{"id":5986,"date":"2025-07-25T12:40:58","date_gmt":"2025-07-25T12:40:58","guid":{"rendered":"https:\/\/famelifemagazin.com\/?p=5986"},"modified":"2025-07-25T12:40:59","modified_gmt":"2025-07-25T12:40:59","slug":"anastasiya-duzden-usta-isi-tekli","status":"publish","type":"post","link":"https:\/\/famelifemagazin.com\/?p=5986","title":{"rendered":"ANASTAS\u0130YA D\u00dcZ&#8217;DEN USTA \u0130\u015e\u0130 TEKL\u0130"},"content":{"rendered":"\n<p>K\u0131r\u0131m\u0131n Alu\u015fta \u015fehrinde d\u00fcnyaya gelen Anastasiya D\u00fcz, Sinema ve m\u00fczik \u00fczerine Lisans ve y\u00fcksek lisans e\u011fitimini Kiev\u2019de tamamlad\u0131. Uluslararas\u0131 bir\u00e7ok yar\u0131\u015fma ve festivalde boy g\u00f6steren Anastasiya D\u00fcz, ba\u015far\u0131lar\u0131yla alk\u0131\u015f almay\u0131 ba\u015fard\u0131. T\u00fcrkiye\u2019de \u201cO Ses\u201d \u015fark\u0131 yar\u0131\u015fmas\u0131 ile ad\u0131n\u0131 duyuran Anastasiya D\u00fcz, geni\u015f bir kitleden de taktir g\u00f6rd\u00fc. Yar\u0131\u015fma sonras\u0131 m\u00fczi\u011fe k\u0131sa bir ara veren usta yorumcu ihtisas\u0131n\u0131 yapt\u0131\u011f\u0131 sinema sekt\u00f6r\u00fcnde y\u00f6netmen olarak 10 film \u00e7ekti ve m\u00fczikteki ba\u015far\u0131s\u0131n\u0131 beyazperdede g\u00f6sterdi.<\/p>\n\n\n\n<p><strong>ANASTAS\u0130YA D\u00dcZ M\u00dcZ\u0130KTEN VAZGE\u00c7M\u0130YOR<\/strong><\/p>\n\n\n\n<p>M\u00fczikteki yorumcu olarak ba\u015far\u0131s\u0131n\u0131 kan\u0131tlam\u0131\u015f olan Anastasiya D\u00fcz, yine \u015fa\u015f\u0131rtt\u0131 ve Anonim bir t\u00fcrk\u00fc olan \u201cSivas Ellerinde Saz\u0131m \u00c7al\u0131n\u0131r\u201d isimli eseri, yeni bir anlay\u0131\u015fla Rock tarz\u0131na adapte ederek m\u00fczik severlere sundu. Rock Folk tarz\u0131ndaki Anastasiya D\u00fcz, yorumuyla, \u201cSivas Ellerinde Saz\u0131m \u00c7al\u0131n\u0131r\u201d isimli eserin aranj\u00f6r koltu\u011funa ba\u015far\u0131l\u0131 isim Ekrem D\u00fczg\u00fcno\u011flu oturdu. Klip \u015eile sahilinde yine Ekrem D\u00fczg\u00fcno\u011flu taraf\u0131ndan Anastasiya D\u00fcz performans\u0131 ile \u00e7ekildi.<\/p>\n\n\n\n<p><strong>T\u00dcRK K\u00dcLT\u00dcR VE GELENEKLER\u0130N\u0130 HIZLA \u00d6\u011eREN\u0130YORUM<\/strong><\/p>\n\n\n\n<p>Bir \u00fclkede sanat yap\u0131yorsan\u0131z k\u00fclt\u00fcrel anlamda ve gelenek g\u00f6renekleriyle tan\u0131mal\u0131s\u0131n\u0131z fikrini savunan Anastasiya D\u00fcz \u201cBir T\u00fcrk ile evliyim, e\u015fim bana destek oluyor ve bu \u00fclkenin t\u00fcm k\u00fclt\u00fcrel yap\u0131lar\u0131 hakk\u0131nda bilgi sahibiyim t\u00fcm benli\u011fimle ya\u015fayarak \u00f6\u011freniyorum\u201d dedi.<\/p>\n\n\n\n<p>ANASTAS\u0130YA D\u00dcZ YORUMUYLA \u201cS\u0130VAS ELLER\u0130NDE SAZIM \u00c7ALINIR\u201d KL\u0130P L\u0130NK<\/p>\n\n\n\n<figure class=\"wp-block-embed is-type-video is-provider-youtube wp-block-embed-youtube wp-embed-aspect-16-9 wp-has-aspect-ratio\"><div class=\"wp-block-embed__wrapper\">\n<iframe loading=\"lazy\" title=\"Anastasiya D\u00fcz - Sivas Ellerinde Saz\u0131m \u00c7al\u0131n\u0131r (Official Video)\" width=\"696\" height=\"392\" src=\"https:\/\/www.youtube.com\/embed\/dJJPiNY581M?feature=oembed\" frameborder=\"0\" allow=\"accelerometer; autoplay; clipboard-write; encrypted-media; gyroscope; picture-in-picture; web-share\" referrerpolicy=\"strict-origin-when-cross-origin\" allowfullscreen><\/iframe>\n<\/div><\/figure>\n","protected":false},"excerpt":{"rendered":"<p>K\u0131r\u0131m\u0131n Alu\u015fta \u015fehrinde d\u00fcnyaya gelen Anastasiya D\u00fcz, Sinema ve m\u00fczik \u00fczerine Lisans ve y\u00fcksek lisans e\u011fitimini Kiev\u2019de tamamlad\u0131. Uluslararas\u0131 bir\u00e7ok yar\u0131\u015fma ve festivalde boy g\u00f6steren Anastasiya D\u00fcz, ba\u015far\u0131lar\u0131yla alk\u0131\u015f almay\u0131 ba\u015fard\u0131. T\u00fcrkiye\u2019de \u201cO Ses\u201d \u015fark\u0131 yar\u0131\u015fmas\u0131 ile ad\u0131n\u0131 duyuran Anastasiya D\u00fcz, geni\u015f bir kitleden de taktir g\u00f6rd\u00fc. Yar\u0131\u015fma sonras\u0131 m\u00fczi\u011fe k\u0131sa bir ara veren usta [&hellip;]<\/p>\n","protected":false},"author":1,"featured_media":5987,"comment_status":"open","ping_status":"open","sticky":false,"template":"","format":"standard","meta":{"footnotes":""},"categories":[7,3],"tags":[],"class_list":["post-5986","post","type-post","status-publish","format-standard","has-post-thumbnail","hentry","category-muzik","category-son-haberler"],"_links":{"self":[{"href":"https:\/\/famelifemagazin.com\/index.php?rest_route=\/wp\/v2\/posts\/5986","targetHints":{"allow":["GET"]}}],"collection":[{"href":"https:\/\/famelifemagazin.com\/index.php?rest_route=\/wp\/v2\/posts"}],"about":[{"href":"https:\/\/famelifemagazin.com\/index.php?rest_route=\/wp\/v2\/types\/post"}],"author":[{"embeddable":true,"href":"https:\/\/famelifemagazin.com\/index.php?rest_route=\/wp\/v2\/users\/1"}],"replies":[{"embeddable":true,"href":"https:\/\/famelifemagazin.com\/index.php?rest_route=%2Fwp%2Fv2%2Fcomments&post=5986"}],"version-history":[{"count":1,"href":"https:\/\/famelifemagazin.com\/index.php?rest_route=\/wp\/v2\/posts\/5986\/revisions"}],"predecessor-version":[{"id":5988,"href":"https:\/\/famelifemagazin.com\/index.php?rest_route=\/wp\/v2\/posts\/5986\/revisions\/5988"}],"wp:featuredmedia":[{"embeddable":true,"href":"https:\/\/famelifemagazin.com\/index.php?rest_route=\/wp\/v2\/media\/5987"}],"wp:attachment":[{"href":"https:\/\/famelifemagazin.com\/index.php?rest_route=%2Fwp%2Fv2%2Fmedia&parent=5986"}],"wp:term":[{"taxonomy":"category","embeddable":true,"href":"https:\/\/famelifemagazin.com\/index.php?rest_route=%2Fwp%2Fv2%2Fcategories&post=5986"},{"taxonomy":"post_tag","embeddable":true,"href":"https:\/\/famelifemagazin.com\/index.php?rest_route=%2Fwp%2Fv2%2Ftags&post=5986"}],"curies":[{"name":"wp","href":"https:\/\/api.w.org\/{rel}","templated":true}]}}