{"id":5981,"date":"2025-07-25T12:31:29","date_gmt":"2025-07-25T12:31:29","guid":{"rendered":"https:\/\/famelifemagazin.com\/?p=5981"},"modified":"2025-07-25T12:31:30","modified_gmt":"2025-07-25T12:31:30","slug":"isindeki-basarisi-ve-guzelligiyle-buyuluyor","status":"publish","type":"post","link":"https:\/\/famelifemagazin.com\/?p=5981","title":{"rendered":"\u0130\u015findeki Ba\u015far\u0131s\u0131 ve G\u00fczelli\u011fiyle B\u00fcy\u00fcl\u00fcyor&#8230;"},"content":{"rendered":"\n<p>\u0130\u015f d\u00fcnyas\u0131n\u0131n sevilen ismi Bilge Kuru, bu yaz da Bodrum\u2019da ba\u015far\u0131lar\u0131yla g\u00f6z dolduruyor. Global markalar\u0131n dan\u0131\u015fmanl\u0131\u011f\u0131n\u0131 \u00fcstlenen Kuru, ger\u00e7ekle\u015ftirdi\u011fi se\u00e7kin etkinlikler ve projelerle ad\u0131ndan s\u00f6z ettiriyor.<\/p>\n\n\n\n<p>Bilge Kuru, sadece i\u015f d\u00fcnyas\u0131ndaki ba\u015far\u0131s\u0131yla de\u011fil, g\u00fczelli\u011fi ve zarif tarz\u0131yla da dikkatleri \u00e7ekiyor. Yo\u011fun temposuna ra\u011fmen \u00e7ocuklar\u0131 ve dostlar\u0131yla vakit ge\u00e7irmeyi ihmal etmeyen Bilge Kuru, bu yaz\u0131n en \u00f6zel etkinliklerine imzas\u0131n\u0131 atmaya devam edecek.<\/p>\n\n\n\n<figure class=\"wp-block-gallery has-nested-images columns-default is-cropped wp-block-gallery-1 is-layout-flex wp-block-gallery-is-layout-flex\">\n<figure class=\"wp-block-image size-large\"><img loading=\"lazy\" decoding=\"async\" width=\"768\" height=\"1024\" data-id=\"5982\" src=\"https:\/\/famelifemagazin.com\/wp-content\/uploads\/2025\/07\/Bilge-Kuru-2-768x1024.jpg\" alt=\"\" class=\"wp-image-5982\" srcset=\"https:\/\/famelifemagazin.com\/wp-content\/uploads\/2025\/07\/Bilge-Kuru-2-768x1024.jpg 768w, https:\/\/famelifemagazin.com\/wp-content\/uploads\/2025\/07\/Bilge-Kuru-2-225x300.jpg 225w, https:\/\/famelifemagazin.com\/wp-content\/uploads\/2025\/07\/Bilge-Kuru-2-1152x1536.jpg 1152w, https:\/\/famelifemagazin.com\/wp-content\/uploads\/2025\/07\/Bilge-Kuru-2-1536x2048.jpg 1536w, https:\/\/famelifemagazin.com\/wp-content\/uploads\/2025\/07\/Bilge-Kuru-2-scaled.jpg 1920w\" sizes=\"auto, (max-width: 768px) 100vw, 768px\" \/><\/figure>\n\n\n\n<figure class=\"wp-block-image size-large\"><img loading=\"lazy\" decoding=\"async\" width=\"832\" height=\"1024\" data-id=\"5983\" src=\"https:\/\/famelifemagazin.com\/wp-content\/uploads\/2025\/07\/Bilge-Kuru-1-832x1024.jpg\" alt=\"\" class=\"wp-image-5983\" srcset=\"https:\/\/famelifemagazin.com\/wp-content\/uploads\/2025\/07\/Bilge-Kuru-1-832x1024.jpg 832w, https:\/\/famelifemagazin.com\/wp-content\/uploads\/2025\/07\/Bilge-Kuru-1-244x300.jpg 244w\" sizes=\"auto, (max-width: 832px) 100vw, 832px\" \/><\/figure>\n<\/figure>\n\n\n<div class=\"wp-block-image\">\n<figure class=\"aligncenter size-large is-resized\"><img loading=\"lazy\" decoding=\"async\" width=\"663\" height=\"1024\" src=\"https:\/\/famelifemagazin.com\/wp-content\/uploads\/2025\/07\/Bilge-Kuru-3-663x1024.jpg\" alt=\"\" class=\"wp-image-5984\" style=\"width:435px;height:auto\" srcset=\"https:\/\/famelifemagazin.com\/wp-content\/uploads\/2025\/07\/Bilge-Kuru-3-663x1024.jpg 663w, https:\/\/famelifemagazin.com\/wp-content\/uploads\/2025\/07\/Bilge-Kuru-3-194x300.jpg 194w, https:\/\/famelifemagazin.com\/wp-content\/uploads\/2025\/07\/Bilge-Kuru-3-768x1187.jpg 768w, https:\/\/famelifemagazin.com\/wp-content\/uploads\/2025\/07\/Bilge-Kuru-3-994x1536.jpg 994w, https:\/\/famelifemagazin.com\/wp-content\/uploads\/2025\/07\/Bilge-Kuru-3-1325x2048.jpg 1325w, https:\/\/famelifemagazin.com\/wp-content\/uploads\/2025\/07\/Bilge-Kuru-3-scaled.jpg 1656w\" sizes=\"auto, (max-width: 663px) 100vw, 663px\" \/><\/figure>\n<\/div>","protected":false},"excerpt":{"rendered":"<p>\u0130\u015f d\u00fcnyas\u0131n\u0131n sevilen ismi Bilge Kuru, bu yaz da Bodrum\u2019da ba\u015far\u0131lar\u0131yla g\u00f6z dolduruyor. Global markalar\u0131n dan\u0131\u015fmanl\u0131\u011f\u0131n\u0131 \u00fcstlenen Kuru, ger\u00e7ekle\u015ftirdi\u011fi se\u00e7kin etkinlikler ve projelerle ad\u0131ndan s\u00f6z ettiriyor. Bilge Kuru, sadece i\u015f d\u00fcnyas\u0131ndaki ba\u015far\u0131s\u0131yla de\u011fil, g\u00fczelli\u011fi ve zarif tarz\u0131yla da dikkatleri \u00e7ekiyor. Yo\u011fun temposuna ra\u011fmen \u00e7ocuklar\u0131 ve dostlar\u0131yla vakit ge\u00e7irmeyi ihmal etmeyen Bilge Kuru, bu yaz\u0131n en [&hellip;]<\/p>\n","protected":false},"author":1,"featured_media":5984,"comment_status":"open","ping_status":"open","sticky":false,"template":"","format":"standard","meta":{"footnotes":""},"categories":[4,3],"tags":[],"class_list":["post-5981","post","type-post","status-publish","format-standard","has-post-thumbnail","hentry","category-magazin","category-son-haberler"],"_links":{"self":[{"href":"https:\/\/famelifemagazin.com\/index.php?rest_route=\/wp\/v2\/posts\/5981","targetHints":{"allow":["GET"]}}],"collection":[{"href":"https:\/\/famelifemagazin.com\/index.php?rest_route=\/wp\/v2\/posts"}],"about":[{"href":"https:\/\/famelifemagazin.com\/index.php?rest_route=\/wp\/v2\/types\/post"}],"author":[{"embeddable":true,"href":"https:\/\/famelifemagazin.com\/index.php?rest_route=\/wp\/v2\/users\/1"}],"replies":[{"embeddable":true,"href":"https:\/\/famelifemagazin.com\/index.php?rest_route=%2Fwp%2Fv2%2Fcomments&post=5981"}],"version-history":[{"count":1,"href":"https:\/\/famelifemagazin.com\/index.php?rest_route=\/wp\/v2\/posts\/5981\/revisions"}],"predecessor-version":[{"id":5985,"href":"https:\/\/famelifemagazin.com\/index.php?rest_route=\/wp\/v2\/posts\/5981\/revisions\/5985"}],"wp:featuredmedia":[{"embeddable":true,"href":"https:\/\/famelifemagazin.com\/index.php?rest_route=\/wp\/v2\/media\/5984"}],"wp:attachment":[{"href":"https:\/\/famelifemagazin.com\/index.php?rest_route=%2Fwp%2Fv2%2Fmedia&parent=5981"}],"wp:term":[{"taxonomy":"category","embeddable":true,"href":"https:\/\/famelifemagazin.com\/index.php?rest_route=%2Fwp%2Fv2%2Fcategories&post=5981"},{"taxonomy":"post_tag","embeddable":true,"href":"https:\/\/famelifemagazin.com\/index.php?rest_route=%2Fwp%2Fv2%2Ftags&post=5981"}],"curies":[{"name":"wp","href":"https:\/\/api.w.org\/{rel}","templated":true}]}}