{"id":5977,"date":"2025-07-25T12:18:54","date_gmt":"2025-07-25T12:18:54","guid":{"rendered":"https:\/\/famelifemagazin.com\/?p=5977"},"modified":"2025-07-25T12:35:29","modified_gmt":"2025-07-25T12:35:29","slug":"deha-haktandan-yaza-damga-vuracak-yeni-single-izim-sende","status":"publish","type":"post","link":"https:\/\/famelifemagazin.com\/?p=5977","title":{"rendered":"DEHA HAKTAN\u2019DAN YAZA DAMGA VURACAK YEN\u0130 SINGLE; \u201c\u0130Z\u0130M SENDE\u201d"},"content":{"rendered":"\n<p>DEHA HAKTAN\u2019DAN YAZA DAMGA VURACAK YEN\u0130 SINGLE \u201c\u0130Z\u0130M SENDE\u201d<\/p>\n\n\n\n<p>A\u015fkta gurur tan\u0131mayan, \u00e7eli\u015fkili ama masum duygular\u0131n sesi\u2026<\/p>\n\n\n\n<p>Pop m\u00fczi\u011fin duygusal ama g\u00fc\u00e7l\u00fc sesi Deha, 29 Temmuz\u2019da yay\u0131mlanacak yepyeni tekli \u00e7al\u0131\u015fmas\u0131 \u201c\u0130zim Sende\u201d ile dinleyicisinin kar\u015f\u0131s\u0131na \u00e7\u0131k\u0131yor. Hareketli altyap\u0131s\u0131yla dikkat \u00e7eken par\u00e7a, a\u015fk\u0131n en masum ama en karma\u015f\u0131k hallerini cesurca dile getiriyor.<\/p>\n\n\n\n<p>\u201c\u0130zim Sende\u201d, bir yandan \u201cgel\u201d derken bir yandan da \u201cgit\u201d diyen o i\u00e7sel \u00e7eli\u015fkiyi, gururu bir kenara b\u0131rakan saf duygularla anlat\u0131yor. Deha\u2019n\u0131n vokaliyle hayat bulan bu yeni \u015fark\u0131, a\u015fk\u0131n kalpte b\u0131rakt\u0131\u011f\u0131 izleri hem ritmik hem de duygusal bir dille ifade ediyor.<\/p>\n\n\n\n<p>S\u00f6zlerinde bar\u0131nd\u0131rd\u0131\u011f\u0131 g\u00fc\u00e7l\u00fc temayla dinleyeni i\u00e7ine \u00e7eken \u015fark\u0131, yaz\u0131n enerjisini ta\u015f\u0131yan pop altyap\u0131s\u0131yla kolayca ak\u0131lda kal\u0131yor. Deha\u2019n\u0131n sahici yorumu ve etkileyici performans\u0131yla&nbsp;\u201c\u0130zim Sende\u201d, listelerde kal\u0131c\u0131 olmaya aday.<\/p>\n\n\n\n<p>Ayn\u0131 g\u00fcn yay\u0131mlanacak olan klibiyle de dikkat \u00e7ekecek par\u00e7a, g\u00f6rsel anlat\u0131m\u0131yla \u015fark\u0131n\u0131n duygusal \u00e7at\u0131\u015fmas\u0131n\u0131 tamaml\u0131yor. Klibin detaylar\u0131 da en az \u015fark\u0131 kadar konu\u015fulacak!<\/p>\n\n\n\n<p>Deha Haktan\u2019\u0131n yeni teklisi \u201c\u0130zim Sende\u201d 29 Temmuz\u2019da t\u00fcm dijital platformlarda ve video klibiyle yay\u0131nda olacak!<\/p>\n\n\n<div class=\"wp-block-image\">\n<figure class=\"aligncenter size-large is-resized\"><img loading=\"lazy\" decoding=\"async\" width=\"704\" height=\"1024\" src=\"https:\/\/famelifemagazin.com\/wp-content\/uploads\/2025\/07\/Deha-2-704x1024.jpeg\" alt=\"\" class=\"wp-image-5978\" style=\"width:600px;height:auto\" srcset=\"https:\/\/famelifemagazin.com\/wp-content\/uploads\/2025\/07\/Deha-2-704x1024.jpeg 704w, https:\/\/famelifemagazin.com\/wp-content\/uploads\/2025\/07\/Deha-2-206x300.jpeg 206w, https:\/\/famelifemagazin.com\/wp-content\/uploads\/2025\/07\/Deha-2-768x1117.jpeg 768w, https:\/\/famelifemagazin.com\/wp-content\/uploads\/2025\/07\/Deha-2.jpeg 880w\" sizes=\"auto, (max-width: 704px) 100vw, 704px\" \/><\/figure>\n<\/div>","protected":false},"excerpt":{"rendered":"<p>DEHA HAKTAN\u2019DAN YAZA DAMGA VURACAK YEN\u0130 SINGLE \u201c\u0130Z\u0130M SENDE\u201d A\u015fkta gurur tan\u0131mayan, \u00e7eli\u015fkili ama masum duygular\u0131n sesi\u2026 Pop m\u00fczi\u011fin duygusal ama g\u00fc\u00e7l\u00fc sesi Deha, 29 Temmuz\u2019da yay\u0131mlanacak yepyeni tekli \u00e7al\u0131\u015fmas\u0131 \u201c\u0130zim Sende\u201d ile dinleyicisinin kar\u015f\u0131s\u0131na \u00e7\u0131k\u0131yor. Hareketli altyap\u0131s\u0131yla dikkat \u00e7eken par\u00e7a, a\u015fk\u0131n en masum ama en karma\u015f\u0131k hallerini cesurca dile getiriyor. \u201c\u0130zim Sende\u201d, bir yandan [&hellip;]<\/p>\n","protected":false},"author":1,"featured_media":5979,"comment_status":"open","ping_status":"open","sticky":false,"template":"","format":"standard","meta":{"footnotes":""},"categories":[7,3],"tags":[],"class_list":["post-5977","post","type-post","status-publish","format-standard","has-post-thumbnail","hentry","category-muzik","category-son-haberler"],"_links":{"self":[{"href":"https:\/\/famelifemagazin.com\/index.php?rest_route=\/wp\/v2\/posts\/5977","targetHints":{"allow":["GET"]}}],"collection":[{"href":"https:\/\/famelifemagazin.com\/index.php?rest_route=\/wp\/v2\/posts"}],"about":[{"href":"https:\/\/famelifemagazin.com\/index.php?rest_route=\/wp\/v2\/types\/post"}],"author":[{"embeddable":true,"href":"https:\/\/famelifemagazin.com\/index.php?rest_route=\/wp\/v2\/users\/1"}],"replies":[{"embeddable":true,"href":"https:\/\/famelifemagazin.com\/index.php?rest_route=%2Fwp%2Fv2%2Fcomments&post=5977"}],"version-history":[{"count":1,"href":"https:\/\/famelifemagazin.com\/index.php?rest_route=\/wp\/v2\/posts\/5977\/revisions"}],"predecessor-version":[{"id":5980,"href":"https:\/\/famelifemagazin.com\/index.php?rest_route=\/wp\/v2\/posts\/5977\/revisions\/5980"}],"wp:featuredmedia":[{"embeddable":true,"href":"https:\/\/famelifemagazin.com\/index.php?rest_route=\/wp\/v2\/media\/5979"}],"wp:attachment":[{"href":"https:\/\/famelifemagazin.com\/index.php?rest_route=%2Fwp%2Fv2%2Fmedia&parent=5977"}],"wp:term":[{"taxonomy":"category","embeddable":true,"href":"https:\/\/famelifemagazin.com\/index.php?rest_route=%2Fwp%2Fv2%2Fcategories&post=5977"},{"taxonomy":"post_tag","embeddable":true,"href":"https:\/\/famelifemagazin.com\/index.php?rest_route=%2Fwp%2Fv2%2Ftags&post=5977"}],"curies":[{"name":"wp","href":"https:\/\/api.w.org\/{rel}","templated":true}]}}