{"id":5913,"date":"2025-07-09T16:04:07","date_gmt":"2025-07-09T16:04:07","guid":{"rendered":"https:\/\/famelifemagazin.com\/?p=5913"},"modified":"2025-07-09T16:21:07","modified_gmt":"2025-07-09T16:21:07","slug":"fame-model-of-turkey-aday-basvurulari-basladi","status":"publish","type":"post","link":"https:\/\/famelifemagazin.com\/?p=5913","title":{"rendered":"Fame Model Of Turkey Aday Ba\u015fvurular\u0131 Ba\u015flad\u0131&#8230;"},"content":{"rendered":"\n<p><strong>Sevgili gen\u00e7ler sizlere bir m\u00fcjdemiz var. Bu sene \u00fclkemizin de bulundu\u011fu \u015fartlar d\u00fc\u015f\u00fcn\u00fclerek Ba\u015fkanl\u0131\u011f\u0131mda yap\u0131lan toplant\u0131 ile 2025\/2026 Fame Model Of Turkey yar\u0131\u015fmas\u0131 i\u00e7in adaylardan ba\u015fvuru \u00fccreti al\u0131nmayacakt\u0131r.<\/strong><\/p>\n\n\n\n<h6 class=\"wp-block-heading has-text-align-left\">Kurucu Ba\u015fkan Ruhi An\u0131lan<\/h6>\n\n\n<div class=\"wp-block-image\">\n<figure class=\"aligncenter size-full is-resized\"><img loading=\"lazy\" decoding=\"async\" width=\"720\" height=\"761\" src=\"https:\/\/famelifemagazin.com\/wp-content\/uploads\/2025\/07\/d756d309-2c4c-4956-be38-ea76e3dd02a6.jpg\" alt=\"\" class=\"wp-image-5914\" style=\"width:370px;height:auto\" srcset=\"https:\/\/famelifemagazin.com\/wp-content\/uploads\/2025\/07\/d756d309-2c4c-4956-be38-ea76e3dd02a6.jpg 720w, https:\/\/famelifemagazin.com\/wp-content\/uploads\/2025\/07\/d756d309-2c4c-4956-be38-ea76e3dd02a6-284x300.jpg 284w\" sizes=\"auto, (max-width: 720px) 100vw, 720px\" \/><\/figure>\n<\/div>\n\n\n<figure class=\"wp-block-image size-full is-resized\"><img loading=\"lazy\" decoding=\"async\" width=\"704\" height=\"410\" src=\"https:\/\/famelifemagazin.com\/wp-content\/uploads\/2025\/07\/20242.png\" alt=\"\" class=\"wp-image-5916\" style=\"width:807px;height:auto\" srcset=\"https:\/\/famelifemagazin.com\/wp-content\/uploads\/2025\/07\/20242.png 704w, https:\/\/famelifemagazin.com\/wp-content\/uploads\/2025\/07\/20242-300x175.png 300w\" sizes=\"auto, (max-width: 704px) 100vw, 704px\" \/><\/figure>\n\n\n\n<p><strong>Fame Model Of Turkey Kat\u0131l\u0131m Ba\u015fvurular\u0131 \u0130\u00e7in\u2026<\/strong><\/p>\n\n\n\n<p><strong>T.C vatanda\u015f\u0131 olmak,<\/strong><\/p>\n\n\n\n<p><strong>Erkek adaylar; ya\u015f 18\/26 ya\u015f aras\u0131 ayakkab\u0131s\u0131z boy 182 cm ve \u00fcst\u00fc modellik, mankenlik ve oyunculuk kriterlerine ve g\u00f6rselli\u011fine uygun olmak, 2 adet k\u0131yafetli boy ve 1 adet mayolu boy son haliyle \u00e7ekilmi\u015f fotograf ile ba\u015fvuru kabul edilecektir.<\/strong><\/p>\n\n\n\n<p><strong>Kad\u0131n adaylar; ya\u015f 18\/26 ya\u015f aras\u0131 ayakkab\u0131s\u0131z boy 172 cm ve \u00fcst\u00fc&nbsp;modellik, mankenlik ve oyunculuk kriterlerine&nbsp;ve g\u00f6rselli\u011fine uygun olmak, 2 adet k\u0131yafetli boy ve 1 adet mayolu boy son haliyle \u00e7ekilmi\u015f fotograf ile ba\u015fvuru kabul edilecektir.<\/strong><\/p>\n\n\n\n<p><strong>18 Ya\u015f\u0131ndan K\u00fc\u00e7\u00fck Adaylar Ailelerinden Alacaklar\u0131 Muvafakatname \u0130le Yar\u0131\u015fma Aday&nbsp;Ba\u015fvurusunda Bulunabilinirler\u2026<\/strong><\/p>\n\n\n\n<h2 class=\"wp-block-heading has-text-align-center\"><a href=\"https:\/\/www.famemodelturkiye.com\/?p=930\">ADAY BA\u015eVURU FORMU \u0130\u00c7\u0130N TIKLA<\/a><\/h2>\n","protected":false},"excerpt":{"rendered":"<p>Sevgili gen\u00e7ler sizlere bir m\u00fcjdemiz var. Bu sene \u00fclkemizin de bulundu\u011fu \u015fartlar d\u00fc\u015f\u00fcn\u00fclerek Ba\u015fkanl\u0131\u011f\u0131mda yap\u0131lan toplant\u0131 ile 2025\/2026 Fame Model Of Turkey yar\u0131\u015fmas\u0131 i\u00e7in adaylardan ba\u015fvuru \u00fccreti al\u0131nmayacakt\u0131r. Kurucu Ba\u015fkan Ruhi An\u0131lan Fame Model Of Turkey Kat\u0131l\u0131m Ba\u015fvurular\u0131 \u0130\u00e7in\u2026 T.C vatanda\u015f\u0131 olmak, Erkek adaylar; ya\u015f 18\/26 ya\u015f aras\u0131 ayakkab\u0131s\u0131z boy 182 cm ve \u00fcst\u00fc modellik, [&hellip;]<\/p>\n","protected":false},"author":1,"featured_media":5916,"comment_status":"open","ping_status":"open","sticky":false,"template":"","format":"standard","meta":{"footnotes":""},"categories":[4,3],"tags":[],"class_list":["post-5913","post","type-post","status-publish","format-standard","has-post-thumbnail","hentry","category-magazin","category-son-haberler"],"_links":{"self":[{"href":"https:\/\/famelifemagazin.com\/index.php?rest_route=\/wp\/v2\/posts\/5913","targetHints":{"allow":["GET"]}}],"collection":[{"href":"https:\/\/famelifemagazin.com\/index.php?rest_route=\/wp\/v2\/posts"}],"about":[{"href":"https:\/\/famelifemagazin.com\/index.php?rest_route=\/wp\/v2\/types\/post"}],"author":[{"embeddable":true,"href":"https:\/\/famelifemagazin.com\/index.php?rest_route=\/wp\/v2\/users\/1"}],"replies":[{"embeddable":true,"href":"https:\/\/famelifemagazin.com\/index.php?rest_route=%2Fwp%2Fv2%2Fcomments&post=5913"}],"version-history":[{"count":5,"href":"https:\/\/famelifemagazin.com\/index.php?rest_route=\/wp\/v2\/posts\/5913\/revisions"}],"predecessor-version":[{"id":5922,"href":"https:\/\/famelifemagazin.com\/index.php?rest_route=\/wp\/v2\/posts\/5913\/revisions\/5922"}],"wp:featuredmedia":[{"embeddable":true,"href":"https:\/\/famelifemagazin.com\/index.php?rest_route=\/wp\/v2\/media\/5916"}],"wp:attachment":[{"href":"https:\/\/famelifemagazin.com\/index.php?rest_route=%2Fwp%2Fv2%2Fmedia&parent=5913"}],"wp:term":[{"taxonomy":"category","embeddable":true,"href":"https:\/\/famelifemagazin.com\/index.php?rest_route=%2Fwp%2Fv2%2Fcategories&post=5913"},{"taxonomy":"post_tag","embeddable":true,"href":"https:\/\/famelifemagazin.com\/index.php?rest_route=%2Fwp%2Fv2%2Ftags&post=5913"}],"curies":[{"name":"wp","href":"https:\/\/api.w.org\/{rel}","templated":true}]}}