{"id":5907,"date":"2025-07-09T15:26:41","date_gmt":"2025-07-09T15:26:41","guid":{"rendered":"https:\/\/famelifemagazin.com\/?p=5907"},"modified":"2025-07-09T15:28:44","modified_gmt":"2025-07-09T15:28:44","slug":"nihan-akindan-3-gun-3-gece-dogum-gununu-kutladi","status":"publish","type":"post","link":"https:\/\/famelifemagazin.com\/?p=5907","title":{"rendered":"Nihan Ak\u0131n\u2019dan 3 G\u00fcn 3 Gece Do\u011fum G\u00fcn\u00fcn\u00fc Kutlad\u0131!"},"content":{"rendered":"\n<p><strong>Y\u00fcz\u00fc\u011f\u00fc G\u00f6ren \u201cGizlice Evlendi mi?\u201d Diye Sordu! Teknede D\u00fc\u011f\u00fcn Yeme\u011fi \u0130ddias\u0131!<\/strong><\/p>\n\n\n\n<p>\u00dcnl\u00fc \u015fark\u0131c\u0131 Nihan Ak\u0131n, do\u011fum g\u00fcn\u00fcn\u00fc ve ge\u00e7ti\u011fimiz g\u00fcnlerde yay\u0131nlam\u0131\u015f oldu\u011fu yeni \u015fark\u0131s\u0131 \u2018\u2019Dar Buralar\u2019\u2019\u0131n ba\u015far\u0131s\u0131n\u0131 Bodrum\u2019da tam \u00fc\u00e7 g\u00fcn s\u00fcren kutlamalarla ta\u00e7land\u0131rd\u0131.<\/p>\n\n\n\n<p>\u0130lk g\u00fcn Yal\u0131kavak Magi Beach\u2019te sahne alan Nihan Ak\u0131n, hem do\u011fum g\u00fcn\u00fcn\u00fc hem de sevenleriyle olan ba\u011f\u0131n\u0131 kutlad\u0131. Sahnedeki ne\u015fesiyle dikkat \u00e7eken sanat\u00e7\u0131, gece boyunca enerjisiyle izleyenleri b\u00fcy\u00fcledi.<br>\u0130kinci g\u00fcn ise uzun s\u00fcredir ni\u015fanl\u0131 oldu\u011fu Enis T\u00fcnay ile romantik bir ak\u015fam yeme\u011findeydi. Yal\u0131kavak\u2019\u0131n pop\u00fcler \u0130talyan restoran\u0131 Xenza\u2019da ba\u015f ba\u015fa yemek yiyen \u00e7ift, objektiflere samimi pozlar verdi.<br>As\u0131l bomba ise \u00fc\u00e7\u00fcnc\u00fc g\u00fcn patlad\u0131! <\/p>\n\n\n\n<p>Nihan Ak\u0131n, yak\u0131n dostlar\u0131yla birlikte \u00e7\u0131kt\u0131\u011f\u0131 ni\u015fanl\u0131s\u0131n\u0131n teknesinde \u015f\u0131k bir masa kurdurdu. Kutlama, adeta \u201cd\u00fc\u011f\u00fcn yeme\u011fi\u201d havas\u0131nda ge\u00e7ti. Sosyal medyada \u201cTeknede nik\u00e2h m\u0131 k\u0131y\u0131ld\u0131?\u201d yorumlar\u0131 havada u\u00e7u\u015ftu.<\/p>\n\n\n\n<p>G\u00f6zlerden ka\u00e7mayan detay ise sol elindeki \u0131\u015f\u0131lt\u0131l\u0131 y\u00fcz\u00fckt\u00fc. \u201cNihan Ak\u0131n ve Enis T\u00fcnay gizlice evlendi mi?\u201d sorusu ak\u0131llara d\u00fc\u015ft\u00fc.&nbsp;<\/p>\n\n\n\n<p>\u00c7iftten hen\u00fcz resmi bir a\u00e7\u0131klama gelmedi ama iddialar \u015fimdiden kulaktan kula\u011fa yay\u0131l\u0131yor\u2026<\/p>\n\n\n\n<figure class=\"wp-block-gallery has-nested-images columns-default is-cropped wp-block-gallery-1 is-layout-flex wp-block-gallery-is-layout-flex\">\n<figure class=\"wp-block-image size-large\"><img loading=\"lazy\" decoding=\"async\" width=\"768\" height=\"1024\" data-id=\"5910\" src=\"https:\/\/famelifemagazin.com\/wp-content\/uploads\/2025\/07\/NIHAN-AKIN2-768x1024.jpg\" alt=\"\" class=\"wp-image-5910\" srcset=\"https:\/\/famelifemagazin.com\/wp-content\/uploads\/2025\/07\/NIHAN-AKIN2-768x1024.jpg 768w, https:\/\/famelifemagazin.com\/wp-content\/uploads\/2025\/07\/NIHAN-AKIN2-225x300.jpg 225w, https:\/\/famelifemagazin.com\/wp-content\/uploads\/2025\/07\/NIHAN-AKIN2-1152x1536.jpg 1152w, https:\/\/famelifemagazin.com\/wp-content\/uploads\/2025\/07\/NIHAN-AKIN2-1536x2048.jpg 1536w, https:\/\/famelifemagazin.com\/wp-content\/uploads\/2025\/07\/NIHAN-AKIN2-scaled.jpg 1920w\" sizes=\"auto, (max-width: 768px) 100vw, 768px\" \/><\/figure>\n\n\n\n<figure class=\"wp-block-image size-large\"><img loading=\"lazy\" decoding=\"async\" width=\"576\" height=\"1024\" data-id=\"5909\" src=\"https:\/\/famelifemagazin.com\/wp-content\/uploads\/2025\/07\/NIHAN-AKIN-576x1024.jpg\" alt=\"\" class=\"wp-image-5909\" srcset=\"https:\/\/famelifemagazin.com\/wp-content\/uploads\/2025\/07\/NIHAN-AKIN-576x1024.jpg 576w, https:\/\/famelifemagazin.com\/wp-content\/uploads\/2025\/07\/NIHAN-AKIN-169x300.jpg 169w, https:\/\/famelifemagazin.com\/wp-content\/uploads\/2025\/07\/NIHAN-AKIN-768x1364.jpg 768w, https:\/\/famelifemagazin.com\/wp-content\/uploads\/2025\/07\/NIHAN-AKIN-865x1536.jpg 865w, https:\/\/famelifemagazin.com\/wp-content\/uploads\/2025\/07\/NIHAN-AKIN-1153x2048.jpg 1153w, https:\/\/famelifemagazin.com\/wp-content\/uploads\/2025\/07\/NIHAN-AKIN.jpg 1320w\" sizes=\"auto, (max-width: 576px) 100vw, 576px\" \/><\/figure>\n<\/figure>\n\n\n<div class=\"wp-block-image\">\n<figure class=\"aligncenter size-large\"><img loading=\"lazy\" decoding=\"async\" width=\"768\" height=\"1024\" src=\"https:\/\/famelifemagazin.com\/wp-content\/uploads\/2025\/07\/NIHAN-AKINENIS-TUNAY-768x1024.jpg\" alt=\"\" class=\"wp-image-5908\" srcset=\"https:\/\/famelifemagazin.com\/wp-content\/uploads\/2025\/07\/NIHAN-AKINENIS-TUNAY-768x1024.jpg 768w, https:\/\/famelifemagazin.com\/wp-content\/uploads\/2025\/07\/NIHAN-AKINENIS-TUNAY-225x300.jpg 225w, https:\/\/famelifemagazin.com\/wp-content\/uploads\/2025\/07\/NIHAN-AKINENIS-TUNAY-1152x1536.jpg 1152w, https:\/\/famelifemagazin.com\/wp-content\/uploads\/2025\/07\/NIHAN-AKINENIS-TUNAY-1536x2048.jpg 1536w, https:\/\/famelifemagazin.com\/wp-content\/uploads\/2025\/07\/NIHAN-AKINENIS-TUNAY-scaled.jpg 1920w\" sizes=\"auto, (max-width: 768px) 100vw, 768px\" \/><\/figure>\n<\/div>","protected":false},"excerpt":{"rendered":"<p>Y\u00fcz\u00fc\u011f\u00fc G\u00f6ren \u201cGizlice Evlendi mi?\u201d Diye Sordu! Teknede D\u00fc\u011f\u00fcn Yeme\u011fi \u0130ddias\u0131! \u00dcnl\u00fc \u015fark\u0131c\u0131 Nihan Ak\u0131n, do\u011fum g\u00fcn\u00fcn\u00fc ve ge\u00e7ti\u011fimiz g\u00fcnlerde yay\u0131nlam\u0131\u015f oldu\u011fu yeni \u015fark\u0131s\u0131 \u2018\u2019Dar Buralar\u2019\u2019\u0131n ba\u015far\u0131s\u0131n\u0131 Bodrum\u2019da tam \u00fc\u00e7 g\u00fcn s\u00fcren kutlamalarla ta\u00e7land\u0131rd\u0131. \u0130lk g\u00fcn Yal\u0131kavak Magi Beach\u2019te sahne alan Nihan Ak\u0131n, hem do\u011fum g\u00fcn\u00fcn\u00fc hem de sevenleriyle olan ba\u011f\u0131n\u0131 kutlad\u0131. Sahnedeki ne\u015fesiyle dikkat [&hellip;]<\/p>\n","protected":false},"author":1,"featured_media":5909,"comment_status":"open","ping_status":"open","sticky":false,"template":"","format":"standard","meta":{"footnotes":""},"categories":[4,3],"tags":[],"class_list":["post-5907","post","type-post","status-publish","format-standard","has-post-thumbnail","hentry","category-magazin","category-son-haberler"],"_links":{"self":[{"href":"https:\/\/famelifemagazin.com\/index.php?rest_route=\/wp\/v2\/posts\/5907","targetHints":{"allow":["GET"]}}],"collection":[{"href":"https:\/\/famelifemagazin.com\/index.php?rest_route=\/wp\/v2\/posts"}],"about":[{"href":"https:\/\/famelifemagazin.com\/index.php?rest_route=\/wp\/v2\/types\/post"}],"author":[{"embeddable":true,"href":"https:\/\/famelifemagazin.com\/index.php?rest_route=\/wp\/v2\/users\/1"}],"replies":[{"embeddable":true,"href":"https:\/\/famelifemagazin.com\/index.php?rest_route=%2Fwp%2Fv2%2Fcomments&post=5907"}],"version-history":[{"count":1,"href":"https:\/\/famelifemagazin.com\/index.php?rest_route=\/wp\/v2\/posts\/5907\/revisions"}],"predecessor-version":[{"id":5911,"href":"https:\/\/famelifemagazin.com\/index.php?rest_route=\/wp\/v2\/posts\/5907\/revisions\/5911"}],"wp:featuredmedia":[{"embeddable":true,"href":"https:\/\/famelifemagazin.com\/index.php?rest_route=\/wp\/v2\/media\/5909"}],"wp:attachment":[{"href":"https:\/\/famelifemagazin.com\/index.php?rest_route=%2Fwp%2Fv2%2Fmedia&parent=5907"}],"wp:term":[{"taxonomy":"category","embeddable":true,"href":"https:\/\/famelifemagazin.com\/index.php?rest_route=%2Fwp%2Fv2%2Fcategories&post=5907"},{"taxonomy":"post_tag","embeddable":true,"href":"https:\/\/famelifemagazin.com\/index.php?rest_route=%2Fwp%2Fv2%2Ftags&post=5907"}],"curies":[{"name":"wp","href":"https:\/\/api.w.org\/{rel}","templated":true}]}}