{"id":5902,"date":"2025-07-09T15:23:48","date_gmt":"2025-07-09T15:23:48","guid":{"rendered":"https:\/\/famelifemagazin.com\/?p=5902"},"modified":"2025-07-09T15:29:02","modified_gmt":"2025-07-09T15:29:02","slug":"unlu-radyocu-aytek-teoman-eylul-askina-konuk-oldu","status":"publish","type":"post","link":"https:\/\/famelifemagazin.com\/?p=5902","title":{"rendered":"\u00dcNL\u00dc RADYOCU AYTEK TEOMAN, EYL\u00dcL A\u015eKINA KONUK OLDU&#8230;"},"content":{"rendered":"\n<p><strong>\u201cHIRSIM BO\u015eA G\u0130TMED\u0130\u201d<\/strong><\/p>\n\n\n\n<p>T\u00fcrkiye Haber Portal\u0131 internet siteleri ve Youtube kanal\u0131nda yay\u0131nlanmakta olan Eyl\u00fcl A\u015fk\u0131n\u2019\u0131n sundu\u011fu Eyl\u00fcl A\u015fk\u0131n \u0130le\u2019nin yeni b\u00f6l\u00fcmde konu\u011fu, Mandal Radyo\u2019nun kurucusu, DJ ve radyocu Aytek Teoman oldu. <\/p>\n\n\n\n<p>S\u00f6z yazar\u0131, menajer ve yap\u0131mc\u0131 Mehmet Teoman ve \u015fark\u0131c\u0131 Nesli \u00d6zsoy\u2019un o\u011flu olarak d\u00fcnyaya gelen Aytek Teoman, \u00e7ocuklu\u011funa dair; \u201cAsl\u0131nda ben ne annemle ne de babamla ayn\u0131 evde ya\u015famad\u0131m, anneannem ve day\u0131m ile, Ankara\u2019da, Ankara k\u00fclt\u00fcr\u00fcyle b\u00fcy\u00fcd\u00fcm\u201d dedi. <\/p>\n\n\n\n<p>2019\u2019da kurdu\u011fu Mandal Radyo ile radyoculuk alan\u0131nda ba\u015far\u0131dan ba\u015far\u0131ya ko\u015fmaya devam eden Aytek Teoman, \u201cRadyoculuk bu \u00e7a\u011fda \u00e7\u0131lg\u0131nl\u0131k!\u201d vurgusunu yapt\u0131. Aytek Teoman, \u201cHerkesin telefonuna bakt\u0131\u011f\u0131, kimsenin Instagram\u2019dan \u00e7\u0131kamad\u0131\u011f\u0131 bir \u00e7a\u011fda radyoculuk \u00e7\u0131lg\u0131nl\u0131k! Biz radyoyu ya\u015fatmaya \u00e7al\u0131\u015f\u0131yoruz.\u201d derken, g\u00fcn\u00fcm\u00fczde radyo yay\u0131nc\u0131l\u0131\u011f\u0131nda dinleyici ile ve dinleyiciler aras\u0131nda duygusal birli\u011fi yakalaman\u0131n zorluklar\u0131na da dikkat \u00e7ekti.\u00a0 Sohbetin ustalar\u0131 Eyl\u00fcl A\u015fk\u0131n ve Aytek Teoman bulu\u015fmas\u0131, Eyl\u00fcl A\u015fk\u0131n \u0130le program\u0131n\u0131n izleyicilerinin bu b\u00f6l\u00fcmde, radyo d\u00fcnyas\u0131n\u0131n do\u011frular\u0131yla ve yanl\u0131\u015flar\u0131yla masaya yat\u0131r\u0131lmas\u0131na tan\u0131kl\u0131k etti.<\/p>\n\n\n\n<p><strong>EYL\u00dcL A\u015eKIN \u0130LE PROGRAMI AYTEK TEOMAN SOHBET L\u0130NK<\/strong><\/p>\n\n\n\n<figure class=\"wp-block-embed is-type-video is-provider-youtube wp-block-embed-youtube wp-embed-aspect-16-9 wp-has-aspect-ratio\"><div class=\"wp-block-embed__wrapper\">\n<iframe loading=\"lazy\" title=\"Aytek Teoman, Eyl\u00fcl A\u015fk\u0131n \u0130le... \u00d6zel S\u00f6yle\u015fi, 89. B\u00f6l\u00fcm\" width=\"696\" height=\"392\" src=\"https:\/\/www.youtube.com\/embed\/6oG2vrI32JY?feature=oembed\" frameborder=\"0\" allow=\"accelerometer; autoplay; clipboard-write; encrypted-media; gyroscope; picture-in-picture; web-share\" referrerpolicy=\"strict-origin-when-cross-origin\" allowfullscreen><\/iframe>\n<\/div><\/figure>\n\n\n\n<figure class=\"wp-block-gallery has-nested-images columns-default is-cropped wp-block-gallery-1 is-layout-flex wp-block-gallery-is-layout-flex\">\n<figure class=\"wp-block-image size-large\"><img loading=\"lazy\" decoding=\"async\" width=\"1024\" height=\"682\" data-id=\"5903\" src=\"https:\/\/famelifemagazin.com\/wp-content\/uploads\/2025\/07\/EYLUL-ASKIN-Aytek-Teoman-1024x682.jpg\" alt=\"\" class=\"wp-image-5903\" srcset=\"https:\/\/famelifemagazin.com\/wp-content\/uploads\/2025\/07\/EYLUL-ASKIN-Aytek-Teoman-1024x682.jpg 1024w, https:\/\/famelifemagazin.com\/wp-content\/uploads\/2025\/07\/EYLUL-ASKIN-Aytek-Teoman-300x200.jpg 300w, https:\/\/famelifemagazin.com\/wp-content\/uploads\/2025\/07\/EYLUL-ASKIN-Aytek-Teoman-768x512.jpg 768w, https:\/\/famelifemagazin.com\/wp-content\/uploads\/2025\/07\/EYLUL-ASKIN-Aytek-Teoman-1536x1024.jpg 1536w, https:\/\/famelifemagazin.com\/wp-content\/uploads\/2025\/07\/EYLUL-ASKIN-Aytek-Teoman-2048x1365.jpg 2048w\" sizes=\"auto, (max-width: 1024px) 100vw, 1024px\" \/><\/figure>\n\n\n\n<figure class=\"wp-block-image size-large\"><img loading=\"lazy\" decoding=\"async\" width=\"1024\" height=\"682\" data-id=\"5904\" src=\"https:\/\/famelifemagazin.com\/wp-content\/uploads\/2025\/07\/Aytek-Teoman-Eylul-Askin-2-1024x682.jpg\" alt=\"\" class=\"wp-image-5904\" srcset=\"https:\/\/famelifemagazin.com\/wp-content\/uploads\/2025\/07\/Aytek-Teoman-Eylul-Askin-2-1024x682.jpg 1024w, https:\/\/famelifemagazin.com\/wp-content\/uploads\/2025\/07\/Aytek-Teoman-Eylul-Askin-2-300x200.jpg 300w, https:\/\/famelifemagazin.com\/wp-content\/uploads\/2025\/07\/Aytek-Teoman-Eylul-Askin-2-768x512.jpg 768w, https:\/\/famelifemagazin.com\/wp-content\/uploads\/2025\/07\/Aytek-Teoman-Eylul-Askin-2-1536x1023.jpg 1536w, https:\/\/famelifemagazin.com\/wp-content\/uploads\/2025\/07\/Aytek-Teoman-Eylul-Askin-2-2048x1364.jpg 2048w\" sizes=\"auto, (max-width: 1024px) 100vw, 1024px\" \/><\/figure>\n<\/figure>\n\n\n\n<figure class=\"wp-block-image size-large\"><img loading=\"lazy\" decoding=\"async\" width=\"1024\" height=\"682\" src=\"https:\/\/famelifemagazin.com\/wp-content\/uploads\/2025\/07\/Aytek-Teoman-Eylul-Askin-1024x682.jpg\" alt=\"\" class=\"wp-image-5905\" srcset=\"https:\/\/famelifemagazin.com\/wp-content\/uploads\/2025\/07\/Aytek-Teoman-Eylul-Askin-1024x682.jpg 1024w, https:\/\/famelifemagazin.com\/wp-content\/uploads\/2025\/07\/Aytek-Teoman-Eylul-Askin-300x200.jpg 300w, https:\/\/famelifemagazin.com\/wp-content\/uploads\/2025\/07\/Aytek-Teoman-Eylul-Askin-768x512.jpg 768w, https:\/\/famelifemagazin.com\/wp-content\/uploads\/2025\/07\/Aytek-Teoman-Eylul-Askin-1536x1023.jpg 1536w, https:\/\/famelifemagazin.com\/wp-content\/uploads\/2025\/07\/Aytek-Teoman-Eylul-Askin-2048x1364.jpg 2048w\" sizes=\"auto, (max-width: 1024px) 100vw, 1024px\" \/><\/figure>\n","protected":false},"excerpt":{"rendered":"<p>\u201cHIRSIM BO\u015eA G\u0130TMED\u0130\u201d T\u00fcrkiye Haber Portal\u0131 internet siteleri ve Youtube kanal\u0131nda yay\u0131nlanmakta olan Eyl\u00fcl A\u015fk\u0131n\u2019\u0131n sundu\u011fu Eyl\u00fcl A\u015fk\u0131n \u0130le\u2019nin yeni b\u00f6l\u00fcmde konu\u011fu, Mandal Radyo\u2019nun kurucusu, DJ ve radyocu Aytek Teoman oldu. S\u00f6z yazar\u0131, menajer ve yap\u0131mc\u0131 Mehmet Teoman ve \u015fark\u0131c\u0131 Nesli \u00d6zsoy\u2019un o\u011flu olarak d\u00fcnyaya gelen Aytek Teoman, \u00e7ocuklu\u011funa dair; \u201cAsl\u0131nda ben ne annemle ne [&hellip;]<\/p>\n","protected":false},"author":1,"featured_media":5904,"comment_status":"open","ping_status":"open","sticky":false,"template":"","format":"standard","meta":{"footnotes":""},"categories":[4,3],"tags":[],"class_list":["post-5902","post","type-post","status-publish","format-standard","has-post-thumbnail","hentry","category-magazin","category-son-haberler"],"_links":{"self":[{"href":"https:\/\/famelifemagazin.com\/index.php?rest_route=\/wp\/v2\/posts\/5902","targetHints":{"allow":["GET"]}}],"collection":[{"href":"https:\/\/famelifemagazin.com\/index.php?rest_route=\/wp\/v2\/posts"}],"about":[{"href":"https:\/\/famelifemagazin.com\/index.php?rest_route=\/wp\/v2\/types\/post"}],"author":[{"embeddable":true,"href":"https:\/\/famelifemagazin.com\/index.php?rest_route=\/wp\/v2\/users\/1"}],"replies":[{"embeddable":true,"href":"https:\/\/famelifemagazin.com\/index.php?rest_route=%2Fwp%2Fv2%2Fcomments&post=5902"}],"version-history":[{"count":1,"href":"https:\/\/famelifemagazin.com\/index.php?rest_route=\/wp\/v2\/posts\/5902\/revisions"}],"predecessor-version":[{"id":5906,"href":"https:\/\/famelifemagazin.com\/index.php?rest_route=\/wp\/v2\/posts\/5902\/revisions\/5906"}],"wp:featuredmedia":[{"embeddable":true,"href":"https:\/\/famelifemagazin.com\/index.php?rest_route=\/wp\/v2\/media\/5904"}],"wp:attachment":[{"href":"https:\/\/famelifemagazin.com\/index.php?rest_route=%2Fwp%2Fv2%2Fmedia&parent=5902"}],"wp:term":[{"taxonomy":"category","embeddable":true,"href":"https:\/\/famelifemagazin.com\/index.php?rest_route=%2Fwp%2Fv2%2Fcategories&post=5902"},{"taxonomy":"post_tag","embeddable":true,"href":"https:\/\/famelifemagazin.com\/index.php?rest_route=%2Fwp%2Fv2%2Ftags&post=5902"}],"curies":[{"name":"wp","href":"https:\/\/api.w.org\/{rel}","templated":true}]}}