{"id":5866,"date":"2025-05-03T08:08:22","date_gmt":"2025-05-03T08:08:22","guid":{"rendered":"https:\/\/famelifemagazin.com\/?p=5866"},"modified":"2025-05-03T08:22:30","modified_gmt":"2025-05-03T08:22:30","slug":"safiye-doganaydan-klasik-sarkiya-modern-dokunuslar","status":"publish","type":"post","link":"https:\/\/famelifemagazin.com\/?p=5866","title":{"rendered":"SAF\u0130YE DO\u011eANAY&#8217;DAN KLAS\u0130K \u015eARKIYA MODERN DOKUNU\u015eLAR&#8230;"},"content":{"rendered":"\n<p class=\"wp-embed-aspect-16-9 wp-has-aspect-ratio\">Usta yorumcu Safiye Do\u011fanay, s\u00f6z ve m\u00fczi\u011fi kendisine ait \u015fark\u0131larla sevenlerinin kar\u015f\u0131s\u0131na \u00e7\u0131kmay\u0131 adet edinmi\u015fti ki, son tekli \u00e7al\u0131\u015fmas\u0131nda bu adeti bozdu. Anonim eser olan \u201cKarad\u0131r Ka\u015flar\u0131n\u201d isimli t\u00fcrk\u00fcye katt\u0131\u011f\u0131 yorumla ve tarz\u0131ndan uzakla\u015fmayarak tekrar g\u00fcndeme ta\u015f\u0131mas\u0131yla takdir toplad\u0131. <\/p>\n\n\n\n<p class=\"wp-embed-aspect-16-9 wp-has-aspect-ratio\">\u015eeker M\u00fczik etiketiyle Safiye Do\u011fanay sevenlerine ula\u015fan \u201cKarad\u0131r Ka\u015flar\u0131n\u201d isimli eserin aranj\u00f6r koltu\u011funa son d\u00f6nem yapt\u0131\u011f\u0131 i\u015flerle h\u0131zl\u0131 \u00e7\u0131k\u0131\u015f yakalayan gen\u00e7 isimlerden O\u011fulcan Mo\u011folkanl\u0131 oturdu. Gen\u00e7 m\u00fczisyenlerin farkl\u0131 bir bak\u0131\u015f sergiledi\u011fini dile getiren Safiye Do\u011fanay, sevgili O\u011fulcan Mo\u011folkanl\u0131 modern bak\u0131\u015f\u0131n\u0131 \u00f6z\u00fcnden uzakla\u015fmadan esere adapte etti vurgusunu yapt\u0131. <\/p>\n\n\n\n<p class=\"wp-embed-aspect-16-9 wp-has-aspect-ratio\">\u015eahin Yi\u011fit y\u00f6netmenli\u011finde Safiye Do\u011fanay yorumuyla \u201cKarad\u0131r Ka\u015flar\u0131n\u201d isimli esere klip \u00e7ekilirken teknolojinin yine son imkanlar\u0131 kullan\u0131ld\u0131. Yapay zek\u00e2 ile desteklenen klip \u00e7al\u0131\u015fmas\u0131n\u0131n yapay zek\u00e2 y\u00f6netmenli\u011fini&nbsp;Emre Altay \u00fcstlendi. M\u00fczikal alt yap\u0131s\u0131nda gen\u00e7 aranj\u00f6r\u00fcn dokunu\u015flar\u0131, klip \u00e7al\u0131\u015fmas\u0131nda ba\u015far\u0131l\u0131 y\u00f6netmenle teknolojinin imkanlar\u0131 Safiye Do\u011fanay yorumuyla klasikle\u015fmi\u015f eseri estetikle gen\u00e7le\u015ftirdi.<\/p>\n\n\n\n<p>SAF\u0130YE DO\u011eANAY YORUMUYLA \u201cKarad\u0131r Ka\u015flar\u0131n\u201d KL\u0130P L\u0130NK<\/p>\n\n\n\n<figure class=\"wp-block-embed is-type-video is-provider-youtube wp-block-embed-youtube wp-embed-aspect-16-9 wp-has-aspect-ratio\"><div class=\"wp-block-embed__wrapper\">\n<iframe loading=\"lazy\" title=\"Safiye Do\u011fanay - Karad\u0131r Ka\u015flar\u0131n\" width=\"696\" height=\"392\" src=\"https:\/\/www.youtube.com\/embed\/OiIRahP0oc4?feature=oembed\" frameborder=\"0\" allow=\"accelerometer; autoplay; clipboard-write; encrypted-media; gyroscope; picture-in-picture; web-share\" referrerpolicy=\"strict-origin-when-cross-origin\" allowfullscreen><\/iframe>\n<\/div><\/figure>\n\n\n\n<figure class=\"wp-block-gallery has-nested-images columns-default is-cropped wp-block-gallery-1 is-layout-flex wp-block-gallery-is-layout-flex\">\n<figure class=\"wp-block-image size-large\"><img loading=\"lazy\" decoding=\"async\" width=\"683\" height=\"1024\" data-id=\"5877\" src=\"https:\/\/famelifemagazin.com\/wp-content\/uploads\/2025\/05\/SAFIYE-DOGANAY-K-2-683x1024.jpeg\" alt=\"\" class=\"wp-image-5877\" srcset=\"https:\/\/famelifemagazin.com\/wp-content\/uploads\/2025\/05\/SAFIYE-DOGANAY-K-2-683x1024.jpeg 683w, https:\/\/famelifemagazin.com\/wp-content\/uploads\/2025\/05\/SAFIYE-DOGANAY-K-2-200x300.jpeg 200w, https:\/\/famelifemagazin.com\/wp-content\/uploads\/2025\/05\/SAFIYE-DOGANAY-K-2-768x1152.jpeg 768w, https:\/\/famelifemagazin.com\/wp-content\/uploads\/2025\/05\/SAFIYE-DOGANAY-K-2-1024x1536.jpeg 1024w, https:\/\/famelifemagazin.com\/wp-content\/uploads\/2025\/05\/SAFIYE-DOGANAY-K-2-1365x2048.jpeg 1365w, https:\/\/famelifemagazin.com\/wp-content\/uploads\/2025\/05\/SAFIYE-DOGANAY-K-2-scaled.jpeg 1706w\" sizes=\"auto, (max-width: 683px) 100vw, 683px\" \/><\/figure>\n\n\n\n<figure class=\"wp-block-image size-large\"><img loading=\"lazy\" decoding=\"async\" width=\"683\" height=\"1024\" data-id=\"5878\" src=\"https:\/\/famelifemagazin.com\/wp-content\/uploads\/2025\/05\/SAFIYE-DOGANAY-K1-683x1024.jpeg\" alt=\"\" class=\"wp-image-5878\" srcset=\"https:\/\/famelifemagazin.com\/wp-content\/uploads\/2025\/05\/SAFIYE-DOGANAY-K1-683x1024.jpeg 683w, https:\/\/famelifemagazin.com\/wp-content\/uploads\/2025\/05\/SAFIYE-DOGANAY-K1-200x300.jpeg 200w, https:\/\/famelifemagazin.com\/wp-content\/uploads\/2025\/05\/SAFIYE-DOGANAY-K1-768x1152.jpeg 768w, https:\/\/famelifemagazin.com\/wp-content\/uploads\/2025\/05\/SAFIYE-DOGANAY-K1-1024x1536.jpeg 1024w, https:\/\/famelifemagazin.com\/wp-content\/uploads\/2025\/05\/SAFIYE-DOGANAY-K1-1365x2048.jpeg 1365w, https:\/\/famelifemagazin.com\/wp-content\/uploads\/2025\/05\/SAFIYE-DOGANAY-K1-scaled.jpeg 1706w\" sizes=\"auto, (max-width: 683px) 100vw, 683px\" \/><\/figure>\n<\/figure>\n\n\n\n<p><\/p>\n","protected":false},"excerpt":{"rendered":"<p>Usta yorumcu Safiye Do\u011fanay, s\u00f6z ve m\u00fczi\u011fi kendisine ait \u015fark\u0131larla sevenlerinin kar\u015f\u0131s\u0131na \u00e7\u0131kmay\u0131 adet edinmi\u015fti ki, son tekli \u00e7al\u0131\u015fmas\u0131nda bu adeti bozdu. Anonim eser olan \u201cKarad\u0131r Ka\u015flar\u0131n\u201d isimli t\u00fcrk\u00fcye katt\u0131\u011f\u0131 yorumla ve tarz\u0131ndan uzakla\u015fmayarak tekrar g\u00fcndeme ta\u015f\u0131mas\u0131yla takdir toplad\u0131. \u015eeker M\u00fczik etiketiyle Safiye Do\u011fanay sevenlerine ula\u015fan \u201cKarad\u0131r Ka\u015flar\u0131n\u201d isimli eserin aranj\u00f6r koltu\u011funa son d\u00f6nem yapt\u0131\u011f\u0131 [&hellip;]<\/p>\n","protected":false},"author":1,"featured_media":5867,"comment_status":"open","ping_status":"open","sticky":false,"template":"","format":"standard","meta":{"footnotes":""},"categories":[7,3],"tags":[],"class_list":["post-5866","post","type-post","status-publish","format-standard","has-post-thumbnail","hentry","category-muzik","category-son-haberler"],"_links":{"self":[{"href":"https:\/\/famelifemagazin.com\/index.php?rest_route=\/wp\/v2\/posts\/5866","targetHints":{"allow":["GET"]}}],"collection":[{"href":"https:\/\/famelifemagazin.com\/index.php?rest_route=\/wp\/v2\/posts"}],"about":[{"href":"https:\/\/famelifemagazin.com\/index.php?rest_route=\/wp\/v2\/types\/post"}],"author":[{"embeddable":true,"href":"https:\/\/famelifemagazin.com\/index.php?rest_route=\/wp\/v2\/users\/1"}],"replies":[{"embeddable":true,"href":"https:\/\/famelifemagazin.com\/index.php?rest_route=%2Fwp%2Fv2%2Fcomments&post=5866"}],"version-history":[{"count":2,"href":"https:\/\/famelifemagazin.com\/index.php?rest_route=\/wp\/v2\/posts\/5866\/revisions"}],"predecessor-version":[{"id":5879,"href":"https:\/\/famelifemagazin.com\/index.php?rest_route=\/wp\/v2\/posts\/5866\/revisions\/5879"}],"wp:featuredmedia":[{"embeddable":true,"href":"https:\/\/famelifemagazin.com\/index.php?rest_route=\/wp\/v2\/media\/5867"}],"wp:attachment":[{"href":"https:\/\/famelifemagazin.com\/index.php?rest_route=%2Fwp%2Fv2%2Fmedia&parent=5866"}],"wp:term":[{"taxonomy":"category","embeddable":true,"href":"https:\/\/famelifemagazin.com\/index.php?rest_route=%2Fwp%2Fv2%2Fcategories&post=5866"},{"taxonomy":"post_tag","embeddable":true,"href":"https:\/\/famelifemagazin.com\/index.php?rest_route=%2Fwp%2Fv2%2Ftags&post=5866"}],"curies":[{"name":"wp","href":"https:\/\/api.w.org\/{rel}","templated":true}]}}