{"id":5729,"date":"2025-03-24T11:10:35","date_gmt":"2025-03-24T11:10:35","guid":{"rendered":"https:\/\/famelifemagazin.com\/?p=5729"},"modified":"2025-03-24T11:10:35","modified_gmt":"2025-03-24T11:10:35","slug":"seda-yukselden-unutulmaz-gece","status":"publish","type":"post","link":"https:\/\/famelifemagazin.com\/?p=5729","title":{"rendered":"SEDA Y\u00dcKSEL\u2019DEN UNUTULMAZ GECE!"},"content":{"rendered":"\n<p><strong>SEDA Y\u00dcKSEL &#8221;T\u00dcRK SANAT M\u00dcZ\u0130\u011e\u0130 HER ZAMAN KALICIDIR&#8221;<\/strong><\/p>\n\n\n\n<p>T\u00fcrk sanat m\u00fczi\u011finin gen\u00e7 ve ba\u015far\u0131l\u0131 isimlerinden Seda Y\u00fcksel, ge\u00e7ti\u011fimiz ak\u015fam \u0130stanbul Etiler La Boucherie\u2019de muhte\u015fem bir konsere imza att\u0131! Sahneye k\u0131rm\u0131z\u0131 elbisesiyle adeta bir y\u0131ld\u0131z gibi \u00e7\u0131kan g\u00fczel sanat\u00e7\u0131, zarafeti ve g\u00fc\u00e7l\u00fc sesiyle izleyenleri b\u00fcy\u00fcledi.<\/p>\n\n\n\n<p>Birbirinden \u00f6zel eserleri seslendiren Seda Y\u00fcksel, sanat m\u00fczi\u011fine olan sevgisini \u015fu s\u00f6zlerle dile getirdi: \u201cB\u00f6yle gen\u00e7 bir ismin T\u00fcrk sanat m\u00fczi\u011fine y\u00f6nelmesine \u015fa\u015f\u0131rabilirsiniz. \u015eu an gen\u00e7lerin \u00e7o\u011fu rap veya pop m\u00fczi\u011fe ilgi g\u00f6steriyor. Her m\u00fczik t\u00fcr\u00fc de\u011ferlidir ama T\u00fcrk sanat m\u00fczi\u011fi her zaman kal\u0131c\u0131 olacakt\u0131r.\u201d<\/p>\n\n\n\n<p>Yakla\u015f\u0131k iki saat boyunca sahnede kalan ba\u015far\u0131l\u0131 sanat\u00e7\u0131, performans\u0131yla izleyenlere tam anlam\u0131yla bir m\u00fczik ziyafeti sundu. Gecenin s\u00fcrprizi ise ikinci b\u00f6l\u00fcmde ya\u015fand\u0131! Y\u00fcksel, ni\u015fanl\u0131s\u0131 ve T\u00fcrk pop m\u00fczi\u011finin sevilen isimlerinden Alex ile sahneye \u00e7\u0131karak romantik d\u00fcetleriyle izleyicileri mest etti.<\/p>\n\n\n\n<p>Muhte\u015fem uyumlar\u0131yla b\u00fcy\u00fck alk\u0131\u015f alan ikili, geceyi unutulmaz k\u0131larken hayranlar\u0131ndan tam not ald\u0131. Seda Y\u00fcksel\u2019in b\u00fcy\u00fcleyici sahnesi, uzun s\u00fcre konu\u015fulacak gibi g\u00f6r\u00fcn\u00fcyor!<\/p>\n\n\n\n<figure class=\"wp-block-gallery has-nested-images columns-default is-cropped wp-block-gallery-1 is-layout-flex wp-block-gallery-is-layout-flex\">\n<figure class=\"wp-block-image size-large\"><img loading=\"lazy\" decoding=\"async\" width=\"511\" height=\"768\" data-id=\"5731\" src=\"https:\/\/famelifemagazin.com\/wp-content\/uploads\/2025\/03\/Seda-Yuksel0-Copy.jpg\" alt=\"\" class=\"wp-image-5731\" srcset=\"https:\/\/famelifemagazin.com\/wp-content\/uploads\/2025\/03\/Seda-Yuksel0-Copy.jpg 511w, https:\/\/famelifemagazin.com\/wp-content\/uploads\/2025\/03\/Seda-Yuksel0-Copy-200x300.jpg 200w\" sizes=\"auto, (max-width: 511px) 100vw, 511px\" \/><\/figure>\n\n\n\n<figure class=\"wp-block-image size-large\"><img loading=\"lazy\" decoding=\"async\" width=\"491\" height=\"768\" data-id=\"5730\" src=\"https:\/\/famelifemagazin.com\/wp-content\/uploads\/2025\/03\/Seda-Yuksel1-Copy.jpg\" alt=\"\" class=\"wp-image-5730\" srcset=\"https:\/\/famelifemagazin.com\/wp-content\/uploads\/2025\/03\/Seda-Yuksel1-Copy.jpg 491w, https:\/\/famelifemagazin.com\/wp-content\/uploads\/2025\/03\/Seda-Yuksel1-Copy-192x300.jpg 192w\" sizes=\"auto, (max-width: 491px) 100vw, 491px\" \/><\/figure>\n<\/figure>\n\n\n\n<p><\/p>\n","protected":false},"excerpt":{"rendered":"<p>SEDA Y\u00dcKSEL &#8221;T\u00dcRK SANAT M\u00dcZ\u0130\u011e\u0130 HER ZAMAN KALICIDIR&#8221; T\u00fcrk sanat m\u00fczi\u011finin gen\u00e7 ve ba\u015far\u0131l\u0131 isimlerinden Seda Y\u00fcksel, ge\u00e7ti\u011fimiz ak\u015fam \u0130stanbul Etiler La Boucherie\u2019de muhte\u015fem bir konsere imza att\u0131! Sahneye k\u0131rm\u0131z\u0131 elbisesiyle adeta bir y\u0131ld\u0131z gibi \u00e7\u0131kan g\u00fczel sanat\u00e7\u0131, zarafeti ve g\u00fc\u00e7l\u00fc sesiyle izleyenleri b\u00fcy\u00fcledi. Birbirinden \u00f6zel eserleri seslendiren Seda Y\u00fcksel, sanat m\u00fczi\u011fine olan sevgisini \u015fu [&hellip;]<\/p>\n","protected":false},"author":1,"featured_media":5732,"comment_status":"open","ping_status":"open","sticky":false,"template":"","format":"standard","meta":{"footnotes":""},"categories":[7,3],"tags":[],"class_list":["post-5729","post","type-post","status-publish","format-standard","has-post-thumbnail","hentry","category-muzik","category-son-haberler"],"_links":{"self":[{"href":"https:\/\/famelifemagazin.com\/index.php?rest_route=\/wp\/v2\/posts\/5729","targetHints":{"allow":["GET"]}}],"collection":[{"href":"https:\/\/famelifemagazin.com\/index.php?rest_route=\/wp\/v2\/posts"}],"about":[{"href":"https:\/\/famelifemagazin.com\/index.php?rest_route=\/wp\/v2\/types\/post"}],"author":[{"embeddable":true,"href":"https:\/\/famelifemagazin.com\/index.php?rest_route=\/wp\/v2\/users\/1"}],"replies":[{"embeddable":true,"href":"https:\/\/famelifemagazin.com\/index.php?rest_route=%2Fwp%2Fv2%2Fcomments&post=5729"}],"version-history":[{"count":1,"href":"https:\/\/famelifemagazin.com\/index.php?rest_route=\/wp\/v2\/posts\/5729\/revisions"}],"predecessor-version":[{"id":5733,"href":"https:\/\/famelifemagazin.com\/index.php?rest_route=\/wp\/v2\/posts\/5729\/revisions\/5733"}],"wp:featuredmedia":[{"embeddable":true,"href":"https:\/\/famelifemagazin.com\/index.php?rest_route=\/wp\/v2\/media\/5732"}],"wp:attachment":[{"href":"https:\/\/famelifemagazin.com\/index.php?rest_route=%2Fwp%2Fv2%2Fmedia&parent=5729"}],"wp:term":[{"taxonomy":"category","embeddable":true,"href":"https:\/\/famelifemagazin.com\/index.php?rest_route=%2Fwp%2Fv2%2Fcategories&post=5729"},{"taxonomy":"post_tag","embeddable":true,"href":"https:\/\/famelifemagazin.com\/index.php?rest_route=%2Fwp%2Fv2%2Ftags&post=5729"}],"curies":[{"name":"wp","href":"https:\/\/api.w.org\/{rel}","templated":true}]}}