{"id":5487,"date":"2025-03-03T12:05:19","date_gmt":"2025-03-03T12:05:19","guid":{"rendered":"https:\/\/famelifemagazin.com\/?p=5487"},"modified":"2025-03-03T12:05:19","modified_gmt":"2025-03-03T12:05:19","slug":"latin-popun-krali-enrique-iglesias","status":"publish","type":"post","link":"https:\/\/famelifemagazin.com\/?p=5487","title":{"rendered":"Latin Pop\u2019un Kral\u0131 Enrique Iglesias,"},"content":{"rendered":"\n<p><strong>Latin Pop\u2019un kral\u0131 Enrique Iglesias, Rixos Radamis Sharm El Sheikh\u2019te unutulmaz bir konsere imza atacak!<\/strong><\/p>\n\n\n\n<p>D\u00fcnya \u00e7ap\u0131nda milyonlarca hayran\u0131 pe\u015finden s\u00fcr\u00fckleyen, Grammy \u00f6d\u00fcll\u00fc Enrique Iglesias, 3 May\u0131s 2025\u2019te Rixos Radamis Sharm El Sheikh\u2019te sahne al\u0131yor! Latin m\u00fczi\u011fin kral\u0131, ilk kez Sharm El Sheikh\u2019e gelerek e\u015fsiz performans\u0131yla izleyenlere unutulmaz bir gece ya\u015fatacak. Latin pop kral\u0131 ilk kez M\u0131s\u0131r\u2019da konser verecek.<\/p>\n\n\n\n<p>70 milyondan fazla alb\u00fcm sat\u0131\u015f\u0131, say\u0131s\u0131z liste ba\u015f\u0131 hit ve sahnedeki benzersiz enerjisiyle Enrique Iglesias, m\u00fczik d\u00fcnyas\u0131n\u0131n en b\u00fcy\u00fck efsanelerinden biri olmaya devam ediyor. Latin Billboard \u00d6d\u00fclleri taraf\u0131ndan \u2018T\u00fcm Zamanlar\u0131n En \u0130yi Latin Sanat\u00e7\u0131s\u0131\u2019 se\u00e7ilen Iglesias, bu \u00f6zel gece i\u00e7in en sevilen \u015fark\u0131lar\u0131n\u0131 Rixos misafirleriyle bulu\u015fturacak.<\/p>\n\n\n\n<p>Bu gece tarihe ge\u00e7ecek!<\/p>\n\n\n\n<p>Sadece Rixos Radamis Sharm El Sheikh ve Rixos Premium Seagate misafirlerine \u00f6zel olarak ger\u00e7ekle\u015fecek bu dev konser, K\u0131z\u0131ldeniz\u2019in e\u015fsiz manzaras\u0131 e\u015fli\u011finde, Rixos Radamis\u2019in b\u00fcy\u00fcleyici a\u00e7\u0131k hava sahnesinde hayat bulacak. G\u00f6ky\u00fcz\u00fcn\u00fc m\u00fczik ve \u0131\u015f\u0131k \u015fovlar\u0131 ayd\u0131nlat\u0131rken, konuklar d\u00fcnya standartlar\u0131nda bir konser deneyimi ya\u015fayacak.<\/p>\n\n\n\n<p>Rixos Hotels M\u0131s\u0131r CEO\u2019su Erkan Y\u0131ld\u0131r\u0131m, yakla\u015fan konserle ilgili \u015fu ifadeleri kulland\u0131:<\/p>\n\n\n\n<p>\u201cRixos M\u0131s\u0131r otelleri olarak misafirlerimize sadece l\u00fcks bir konaklama sunmuyor, ayn\u0131 zamanda d\u00fcnyan\u0131n en iyi sanat\u00e7\u0131lar\u0131n\u0131 a\u011f\u0131rlayarak unutulmaz deneyimler ya\u015fat\u0131yoruz. Bu konser, Rixos\u2019un e\u011flence d\u00fcnyas\u0131ndaki \u00f6nc\u00fcl\u00fc\u011f\u00fcn\u00fc bir kez daha kan\u0131tlayacak.\u201d<\/p>\n\n\n\n<p>Rixos: E\u011flencenin ve l\u00fcks\u00fcn kusursuz bulu\u015fmas\u0131<\/p>\n\n\n\n<p>Rixos Radamis Sharm El Sheikh, d\u00fcnya standartlar\u0131nda misafirperverli\u011fi, kusursuz hizmet anlay\u0131\u015f\u0131 ve l\u00fcks konaklama se\u00e7enekleriyle bu b\u00fcy\u00fck konser i\u00e7in misafirlerine unutulmaz bir ambiyans sunacak.<\/p>\n\n\n\n<p><\/p>\n","protected":false},"excerpt":{"rendered":"<p>Latin Pop\u2019un kral\u0131 Enrique Iglesias, Rixos Radamis Sharm El Sheikh\u2019te unutulmaz bir konsere imza atacak! D\u00fcnya \u00e7ap\u0131nda milyonlarca hayran\u0131 pe\u015finden s\u00fcr\u00fckleyen, Grammy \u00f6d\u00fcll\u00fc Enrique Iglesias, 3 May\u0131s 2025\u2019te Rixos Radamis Sharm El Sheikh\u2019te sahne al\u0131yor! Latin m\u00fczi\u011fin kral\u0131, ilk kez Sharm El Sheikh\u2019e gelerek e\u015fsiz performans\u0131yla izleyenlere unutulmaz bir gece ya\u015fatacak. Latin pop kral\u0131 ilk [&hellip;]<\/p>\n","protected":false},"author":1,"featured_media":5488,"comment_status":"open","ping_status":"open","sticky":false,"template":"","format":"standard","meta":{"footnotes":""},"categories":[7,3],"tags":[],"class_list":["post-5487","post","type-post","status-publish","format-standard","has-post-thumbnail","hentry","category-muzik","category-son-haberler"],"_links":{"self":[{"href":"https:\/\/famelifemagazin.com\/index.php?rest_route=\/wp\/v2\/posts\/5487","targetHints":{"allow":["GET"]}}],"collection":[{"href":"https:\/\/famelifemagazin.com\/index.php?rest_route=\/wp\/v2\/posts"}],"about":[{"href":"https:\/\/famelifemagazin.com\/index.php?rest_route=\/wp\/v2\/types\/post"}],"author":[{"embeddable":true,"href":"https:\/\/famelifemagazin.com\/index.php?rest_route=\/wp\/v2\/users\/1"}],"replies":[{"embeddable":true,"href":"https:\/\/famelifemagazin.com\/index.php?rest_route=%2Fwp%2Fv2%2Fcomments&post=5487"}],"version-history":[{"count":1,"href":"https:\/\/famelifemagazin.com\/index.php?rest_route=\/wp\/v2\/posts\/5487\/revisions"}],"predecessor-version":[{"id":5489,"href":"https:\/\/famelifemagazin.com\/index.php?rest_route=\/wp\/v2\/posts\/5487\/revisions\/5489"}],"wp:featuredmedia":[{"embeddable":true,"href":"https:\/\/famelifemagazin.com\/index.php?rest_route=\/wp\/v2\/media\/5488"}],"wp:attachment":[{"href":"https:\/\/famelifemagazin.com\/index.php?rest_route=%2Fwp%2Fv2%2Fmedia&parent=5487"}],"wp:term":[{"taxonomy":"category","embeddable":true,"href":"https:\/\/famelifemagazin.com\/index.php?rest_route=%2Fwp%2Fv2%2Fcategories&post=5487"},{"taxonomy":"post_tag","embeddable":true,"href":"https:\/\/famelifemagazin.com\/index.php?rest_route=%2Fwp%2Fv2%2Ftags&post=5487"}],"curies":[{"name":"wp","href":"https:\/\/api.w.org\/{rel}","templated":true}]}}