{"id":5457,"date":"2025-03-01T04:45:11","date_gmt":"2025-03-01T04:45:11","guid":{"rendered":"https:\/\/famelifemagazin.com\/?p=5457"},"modified":"2025-03-01T04:45:12","modified_gmt":"2025-03-01T04:45:12","slug":"nihan-akindan-anlamli-destek","status":"publish","type":"post","link":"https:\/\/famelifemagazin.com\/?p=5457","title":{"rendered":"N\u0130HAN AKIN&#8217;DAN ANLAMLI DESTEK!"},"content":{"rendered":"\n<p><strong>ALI\u015eVER\u0130\u015e ETK\u0130NL\u0130\u011e\u0130NDE &#8221;BALON&#8221;LAR HAVADA U\u00c7U\u015eTU!..<\/strong><\/p>\n\n\n\n<p><strong>KIZ \u00c7OCUKLARI \u0130\u00c7\u0130N SAHNEDEYD\u0130!<\/strong><\/p>\n\n\n\n<p>Ge\u00e7ti\u011fimiz g\u00fcn, \u0130stanbul\u2019un en prestijli otellerinden biri olan Swiss Otel\u2019de unutulmaz bir etkinlik ger\u00e7ekle\u015fti. Brand\u2019s &amp; More\u2019un d\u00fczenledi\u011fi al\u0131\u015fveri\u015f etkinli\u011fi, \u00fcnl\u00fc isimlerin kat\u0131l\u0131m\u0131yla adeta \u015f\u0131kl\u0131k ve zarafetin bulu\u015fma noktas\u0131 oldu. Etkinlik, kat\u0131l\u0131mc\u0131lara sadece al\u0131\u015fveri\u015f yapma imk\u00e2n\u0131 sunmakla kalmad\u0131, ayn\u0131 zamanda sosyal sorumluluk anlam\u0131nda da b\u00fcy\u00fck bir katk\u0131 sa\u011flad\u0131.<\/p>\n\n\n\n<p>Etkinlik, \u00f6zellikle k\u0131z \u00e7ocuklar\u0131n\u0131n e\u011fitimine destek olmak ad\u0131na ger\u00e7ekle\u015ftirilen ba\u011f\u0131\u015flarla dikkat \u00e7ekti. Kat\u0131l\u0131mc\u0131lar, al\u0131\u015fveri\u015f yaparak derneklere katk\u0131da bulunarak, k\u0131z \u00e7ocuklar\u0131n\u0131n e\u011fitimine \u0131\u015f\u0131k tuttular.<\/p>\n\n\n\n<p>G\u00fcn boyu s\u00fcren bu etkileyici etkinlikte, g\u00fczel sanat\u00e7\u0131 Nihan Ak\u0131n da sahne alarak kat\u0131l\u0131mc\u0131lara unutulmaz bir m\u00fczik ziyafeti sundu. En son yay\u0131mlad\u0131\u011f\u0131 &#8220;Balon&#8221; adl\u0131 \u015fark\u0131s\u0131yla sahneye \u00e7\u0131kan Nihan Ak\u0131n, performans\u0131yla etkinli\u011fe damgas\u0131n\u0131 vurdu. \u015eark\u0131c\u0131, elinde balonlarla sahneye \u00e7\u0131karak etkinli\u011fe imzas\u0131n\u0131 atan isimlerden biri oldu.<\/p>\n\n\n\n<p>Etkinlik boyunca dostlar\u0131yla sohbet eden, al\u0131\u015fveri\u015f yapan ve bol bol foto\u011fraf \u00e7ektiren Nihan Ak\u0131n, hem kat\u0131l\u0131mc\u0131lara keyifli anlar ya\u015fatt\u0131 hem de etkinli\u011fin sosyal sorumluluk y\u00f6n\u00fcn\u00fc peki\u015ftiren bir fig\u00fcr haline geldi.<\/p>\n\n\n\n<p>Brand\u2019s &amp; More\u2019un bu anlaml\u0131 etkinli\u011fi, \u015f\u0131kl\u0131\u011f\u0131, e\u011flenceyi ve yard\u0131mla\u015fmay\u0131 bir arada sundu.<\/p>\n\n\n\n<figure class=\"wp-block-gallery has-nested-images columns-default is-cropped wp-block-gallery-1 is-layout-flex wp-block-gallery-is-layout-flex\">\n<figure class=\"wp-block-image size-large\"><img loading=\"lazy\" decoding=\"async\" width=\"768\" height=\"1024\" data-id=\"5459\" src=\"https:\/\/famelifemagazin.com\/wp-content\/uploads\/2025\/03\/FEYZA-CIVELEK-768x1024.jpeg\" alt=\"\" class=\"wp-image-5459\" srcset=\"https:\/\/famelifemagazin.com\/wp-content\/uploads\/2025\/03\/FEYZA-CIVELEK-768x1024.jpeg 768w, https:\/\/famelifemagazin.com\/wp-content\/uploads\/2025\/03\/FEYZA-CIVELEK-225x300.jpeg 225w, https:\/\/famelifemagazin.com\/wp-content\/uploads\/2025\/03\/FEYZA-CIVELEK-1152x1536.jpeg 1152w, https:\/\/famelifemagazin.com\/wp-content\/uploads\/2025\/03\/FEYZA-CIVELEK-1536x2048.jpeg 1536w, https:\/\/famelifemagazin.com\/wp-content\/uploads\/2025\/03\/FEYZA-CIVELEK-scaled.jpeg 1920w\" sizes=\"auto, (max-width: 768px) 100vw, 768px\" \/><\/figure>\n\n\n\n<figure class=\"wp-block-image size-large\"><img loading=\"lazy\" decoding=\"async\" width=\"471\" height=\"1024\" data-id=\"5458\" src=\"https:\/\/famelifemagazin.com\/wp-content\/uploads\/2025\/03\/NIHAN-AKIN-471x1024.jpeg\" alt=\"\" class=\"wp-image-5458\" srcset=\"https:\/\/famelifemagazin.com\/wp-content\/uploads\/2025\/03\/NIHAN-AKIN-471x1024.jpeg 471w, https:\/\/famelifemagazin.com\/wp-content\/uploads\/2025\/03\/NIHAN-AKIN-138x300.jpeg 138w, https:\/\/famelifemagazin.com\/wp-content\/uploads\/2025\/03\/NIHAN-AKIN-768x1669.jpeg 768w, https:\/\/famelifemagazin.com\/wp-content\/uploads\/2025\/03\/NIHAN-AKIN-707x1536.jpeg 707w, https:\/\/famelifemagazin.com\/wp-content\/uploads\/2025\/03\/NIHAN-AKIN-943x2048.jpeg 943w, https:\/\/famelifemagazin.com\/wp-content\/uploads\/2025\/03\/NIHAN-AKIN-scaled.jpeg 1178w\" sizes=\"auto, (max-width: 471px) 100vw, 471px\" \/><\/figure>\n<\/figure>\n\n\n\n<figure class=\"wp-block-image size-large\"><img loading=\"lazy\" decoding=\"async\" width=\"701\" height=\"1024\" src=\"https:\/\/famelifemagazin.com\/wp-content\/uploads\/2025\/03\/ASLI-OZDEMIR-701x1024.jpeg\" alt=\"\" class=\"wp-image-5460\" srcset=\"https:\/\/famelifemagazin.com\/wp-content\/uploads\/2025\/03\/ASLI-OZDEMIR-701x1024.jpeg 701w, https:\/\/famelifemagazin.com\/wp-content\/uploads\/2025\/03\/ASLI-OZDEMIR-205x300.jpeg 205w, https:\/\/famelifemagazin.com\/wp-content\/uploads\/2025\/03\/ASLI-OZDEMIR-768x1122.jpeg 768w, https:\/\/famelifemagazin.com\/wp-content\/uploads\/2025\/03\/ASLI-OZDEMIR-1052x1536.jpeg 1052w, https:\/\/famelifemagazin.com\/wp-content\/uploads\/2025\/03\/ASLI-OZDEMIR.jpeg 1402w\" sizes=\"auto, (max-width: 701px) 100vw, 701px\" \/><\/figure>\n","protected":false},"excerpt":{"rendered":"<p>ALI\u015eVER\u0130\u015e ETK\u0130NL\u0130\u011e\u0130NDE &#8221;BALON&#8221;LAR HAVADA U\u00c7U\u015eTU!.. KIZ \u00c7OCUKLARI \u0130\u00c7\u0130N SAHNEDEYD\u0130! Ge\u00e7ti\u011fimiz g\u00fcn, \u0130stanbul\u2019un en prestijli otellerinden biri olan Swiss Otel\u2019de unutulmaz bir etkinlik ger\u00e7ekle\u015fti. Brand\u2019s &amp; More\u2019un d\u00fczenledi\u011fi al\u0131\u015fveri\u015f etkinli\u011fi, \u00fcnl\u00fc isimlerin kat\u0131l\u0131m\u0131yla adeta \u015f\u0131kl\u0131k ve zarafetin bulu\u015fma noktas\u0131 oldu. Etkinlik, kat\u0131l\u0131mc\u0131lara sadece al\u0131\u015fveri\u015f yapma imk\u00e2n\u0131 sunmakla kalmad\u0131, ayn\u0131 zamanda sosyal sorumluluk anlam\u0131nda da b\u00fcy\u00fck bir [&hellip;]<\/p>\n","protected":false},"author":1,"featured_media":5459,"comment_status":"open","ping_status":"open","sticky":false,"template":"","format":"standard","meta":{"footnotes":""},"categories":[3,8],"tags":[],"class_list":["post-5457","post","type-post","status-publish","format-standard","has-post-thumbnail","hentry","category-son-haberler","category-sosyal-projeler"],"_links":{"self":[{"href":"https:\/\/famelifemagazin.com\/index.php?rest_route=\/wp\/v2\/posts\/5457","targetHints":{"allow":["GET"]}}],"collection":[{"href":"https:\/\/famelifemagazin.com\/index.php?rest_route=\/wp\/v2\/posts"}],"about":[{"href":"https:\/\/famelifemagazin.com\/index.php?rest_route=\/wp\/v2\/types\/post"}],"author":[{"embeddable":true,"href":"https:\/\/famelifemagazin.com\/index.php?rest_route=\/wp\/v2\/users\/1"}],"replies":[{"embeddable":true,"href":"https:\/\/famelifemagazin.com\/index.php?rest_route=%2Fwp%2Fv2%2Fcomments&post=5457"}],"version-history":[{"count":1,"href":"https:\/\/famelifemagazin.com\/index.php?rest_route=\/wp\/v2\/posts\/5457\/revisions"}],"predecessor-version":[{"id":5461,"href":"https:\/\/famelifemagazin.com\/index.php?rest_route=\/wp\/v2\/posts\/5457\/revisions\/5461"}],"wp:featuredmedia":[{"embeddable":true,"href":"https:\/\/famelifemagazin.com\/index.php?rest_route=\/wp\/v2\/media\/5459"}],"wp:attachment":[{"href":"https:\/\/famelifemagazin.com\/index.php?rest_route=%2Fwp%2Fv2%2Fmedia&parent=5457"}],"wp:term":[{"taxonomy":"category","embeddable":true,"href":"https:\/\/famelifemagazin.com\/index.php?rest_route=%2Fwp%2Fv2%2Fcategories&post=5457"},{"taxonomy":"post_tag","embeddable":true,"href":"https:\/\/famelifemagazin.com\/index.php?rest_route=%2Fwp%2Fv2%2Ftags&post=5457"}],"curies":[{"name":"wp","href":"https:\/\/api.w.org\/{rel}","templated":true}]}}