{"id":5414,"date":"2025-02-26T13:53:35","date_gmt":"2025-02-26T13:53:35","guid":{"rendered":"https:\/\/famelifemagazin.com\/?p=5414"},"modified":"2025-02-26T13:57:55","modified_gmt":"2025-02-26T13:57:55","slug":"calvin-klein-turkiyede-hali-sektorune-yeni-bir-soluk-getiriyor","status":"publish","type":"post","link":"https:\/\/famelifemagazin.com\/?p=5414","title":{"rendered":"Calvin Klein, T\u00fcrkiye\u2019de Hal\u0131 Sekt\u00f6r\u00fcne Yeni Bir Soluk Getiriyor"},"content":{"rendered":"\n<p><strong>T\u00fcrkiye\u2019nin k\u00f6kl\u00fc hal\u0131 \u00fcreticilerinden Koza Hal\u0131, yenilik\u00e7i vizyonu ve 60 y\u0131l\u0131 a\u015fk\u0131n tecr\u00fcbesiyle d\u00fcnya \u00e7ap\u0131nda bir marka olan Calvin Klein\u2019\u0131n hal\u0131 koleksiyonlar\u0131n\u0131n T\u00fcrkiye\u2019deki \u00fcretim ve sat\u0131\u015f faaliyetlerini ger\u00e7ekle\u015ftirecek tek resmi yetkili oldu. 24-27 \u015eubat 2025 tarihlerinde Antalya Titanic Deluxe Golf Belek\u2019te ger\u00e7ekle\u015fen Calvin Klein Vision Lansman\u0131 ile \u00e7al\u0131\u015fmalar\u0131na g\u00fczel bir ba\u015flang\u0131\u00e7 yapan Koza Hal\u0131, T\u00fcrkiye\u2019nin d\u00f6rt bir yan\u0131ndan gelen bayilerin ve i\u015f ortaklar\u0131n\u0131n kat\u0131l\u0131m\u0131yla b\u00fcy\u00fck bir heyecana ev sahipli\u011fi yapt\u0131.<\/strong><\/p>\n\n\n\n<p>Koza Hal\u0131\u2019n\u0131n 60 y\u0131ll\u0131k k\u00f6kl\u00fc deneyimiyle Calvin Klein markas\u0131n\u0131n modern ve yenilik\u00e7i \u00e7izgisinin bulu\u015ftu\u011fu bu k\u0131ymetli hamle sekt\u00f6r i\u00e7in \u00f6nemli bir d\u00f6n\u00fcm noktas\u0131 olarak de\u011ferlendirildi. Koza Hal\u0131 \u0130cra Kurulu Ba\u015fkan\u0131 \u0130brahim Cingisiz, global bir marka olan Calvin Klein\u2019in hal\u0131 koleksiyonlar\u0131n\u0131 T\u00fcrk t\u00fcketicisi ile bulu\u015fturman\u0131n heyecan\u0131n\u0131 ya\u015fad\u0131klar\u0131n\u0131 s\u00f6yledi.<\/p>\n\n\n\n<p>Koza Hal\u0131 \u0130cra Kurulu Ba\u015fkan\u0131 \u0130brahim Cingisiz, lansmanda yapt\u0131\u011f\u0131 konu\u015fmada \u015funlar\u0131 ifade etti:<\/p>\n\n\n\n<p>\u201cBug\u00fcn yaln\u0131zca yeni koleksiyonlar\u0131m\u0131z\u0131n tan\u0131t\u0131m\u0131n\u0131 yapm\u0131yor, ayn\u0131 zamanda sekt\u00f6rde fark yaratacak yepyeni bir markay\u0131 \u00fclkemize kazand\u0131rman\u0131n gururunu ya\u015f\u0131yoruz. Calvin Klein ve Koza Hal\u0131 koleksiyonlar\u0131, yenilik\u00e7i \u00fcretim teknikleri, \u00fcst\u00fcn malzeme kalitesi ve trendlere y\u00f6n veren tasar\u0131mlar\u0131yla sekt\u00f6rde devrim yaratacak. Bayilerimiz, bu iki markay\u0131 b\u00fcnyesinde bar\u0131nd\u0131rarak \u00e7ok daha geni\u015f bir m\u00fc\u015fteri kitlesine hitap edebilecek. Bu birliktelik hem i\u00e7 piyasada hem de ihracatta rekabet g\u00fcc\u00fcm\u00fcz\u00fc art\u0131rarak bizi liderli\u011fe ta\u015f\u0131yacak.\u201d<\/p>\n\n\n\n<p>Calvin Klein prestijini temsil edecek \u00e7ok g\u00fc\u00e7l\u00fc 16 yeni koleksiyon haz\u0131rlad\u0131klar\u0131n\u0131 belirten Cingisiz, 150\u2019ye yak\u0131n farkl\u0131 desenle bu kaliteyi ya\u015fam alanlar\u0131na ta\u015f\u0131mak i\u00e7in sab\u0131rs\u0131zland\u0131klar\u0131n\u0131 ekledi.<\/p>\n\n\n\n<p><strong>Koza Hal\u0131, 42 Koleksiyon ve 100\u2019lerce Desenden Olu\u015fan Se\u00e7kisiyle G\u00fcc\u00fcn\u00fc Ortaya Koyuyor<\/strong><\/p>\n\n\n\n<p>Koza Hal\u0131, Calvin Klein yeni koleksiyonlar\u0131n\u0131n yan\u0131 s\u0131ra kendi \u00f6zg\u00fcn koleksiyonlar\u0131n\u0131 da bayileri ile bulu\u015fturdu. Modern tasar\u0131mlar, kaliteli dokular ve yenilik\u00e7i \u00fcretim teknikleriyle 7\u2019si yeni 26 koleksiyonla be\u011feniye \u00e7\u0131kan Koza Hal\u0131; \u015eimal, Nazende, Sedef, Nostalgia, Koza Luna, Koza Nomad ve Mirage ismini verdi\u011fi geleneksel ve modern \u00e7izgilerin ba\u015far\u0131yla harmanland\u0131\u011f\u0131 yeni koleksiyonlarla estetik, kalite ve yenilik\u00e7ilik konusunda bayilere ve t\u00fcketicilere geni\u015f bir stil se\u00e7kisi sunuyor. Koza Hal\u0131, Calvin Klein\u2019la birlikte 42 koleksiyon ve y\u00fczlerce desenden olu\u015fan g\u00fc\u00e7l\u00fc se\u00e7kisi ile T\u00fcrkiye pazar\u0131nda yenilik\u00e7i bir d\u00f6n\u00fc\u015f\u00fcm ve g\u00fc\u00e7l\u00fc bir konum elde etmeyi hedefliyor. Bayilere \u00f6zel avantajl\u0131 i\u015f birliklerinin sunuldu\u011fu, 1200\u2019den fazla misafirin a\u011f\u0131rland\u0131\u011f\u0131 b\u00fcy\u00fck lansmanda T\u00fcrkiye\u2019nin farkl\u0131 b\u00f6lgelerde Calvin Klein markas\u0131n\u0131 temsil edecek bayiler de a\u00e7\u0131kland\u0131.<\/p>\n\n\n\n<p>Koza Hal\u0131, bir d\u00fcnya markas\u0131 olan Calvin Klein ile yapt\u0131\u011f\u0131 bu g\u00fc\u00e7l\u00fc at\u0131l\u0131m ve kalitesini k\u00f6klerinden alan kendi koleksiyonlar\u0131 ile T\u00fcrkiye pazar\u0131nda yenilik\u00e7i bir d\u00f6n\u00fc\u015f\u00fcm ve g\u00fc\u00e7l\u00fc bir konum elde etmeyi hedefliyor. Bayilere \u00f6zel avantajl\u0131 i\u015f birliklerinin sunuldu\u011fu lansmanda, farkl\u0131 b\u00f6lgelerde Calvin Klein markas\u0131n\u0131 temsil edecek yeni bayiler de a\u00e7\u0131kland\u0131.<\/p>\n\n\n\n<p>Bu prestijli lansmanda Calvin Klein temsilcisi Steven Peykar da, Koza Hal\u0131 ile yapt\u0131klar\u0131 i\u015f birli\u011finden duydu\u011fu memnuniyeti ifade ederek \u015funlar\u0131 s\u00f6yledi:<\/p>\n\n\n\n<p>\u201cCalvin Klein olarak, ev modas\u0131 ve ev tekstili alan\u0131nda d\u00fcnya \u00e7ap\u0131nda \u00f6nc\u00fc bir markay\u0131z. Koza Hal\u0131 ile ger\u00e7ekle\u015ftirdi\u011fimiz bu i\u015f birli\u011finin hepimiz i\u00e7in \u00e7ok verimli olaca\u011f\u0131na inan\u0131yorum. Moda ve tasar\u0131m anlay\u0131\u015f\u0131m\u0131z\u0131 yans\u0131tan yeni koleksiyonumuz, sadelik ve \u015f\u0131kl\u0131\u011f\u0131 bir araya getiren benzersiz par\u00e7alar sunuyor. Lansman\u0131n\u0131 yapt\u0131\u011f\u0131m\u0131z koleksiyonlar, Calvin Klein\u2019in \u015fimdiye kadar geli\u015ftirdi\u011fi en \u00f6zel tasar\u0131mlar aras\u0131nda yer al\u0131yor.\u201d<\/p>\n\n\n\n<p>Koza Hal\u0131, Calvin Klein koleksiyonlar\u0131yla sekt\u00f6rde fark yaratmaya ve t\u00fcketicilere kaliteli, \u015f\u0131k ve modern tasar\u0131mlar sunmaya devam edecek. Koza Hal\u0131 ve Calvin Klein koleksiyonlar\u0131 \u00e7ok yak\u0131nda&nbsp;<a href=\"https:\/\/r.eposta.basinlistem.com\/tr\/cl\/8lj8LEVUo8DQU9z3U_yuFPotXcVgG-LSMRvqjFUOEapa4dSF4-LfsmVhXd3VrW0KPVXBQw5JZXOTO3gXkAEFPmkU3tr3_rRDLsC8rjakDEDv7a-58v2F4ZUIpZcPFd18IoAumJw-xCXZ3jXQej9cHMMeyrolniPfQMuvqn6Oc49QszjvV5l1ufjTMSf8Me5f1CAEtbfPrIEF3pL4thDOsGVUbxt7RdqUWrY2UMrAC3hdov_X_EQT3qaZQfACmjG5\" target=\"_blank\" rel=\"noreferrer noopener\">www.kozahome.com<\/a>&nbsp;ve t\u00fcm yetkili bayilerde sat\u0131\u015fta olacak.<\/p>\n\n\n\n<figure class=\"wp-block-gallery has-nested-images columns-default is-cropped wp-block-gallery-1 is-layout-flex wp-block-gallery-is-layout-flex\">\n<figure class=\"wp-block-image size-large\"><img loading=\"lazy\" decoding=\"async\" width=\"819\" height=\"1024\" data-id=\"5415\" src=\"https:\/\/famelifemagazin.com\/wp-content\/uploads\/2025\/02\/Calvin-Klein-temsilcisi_Steven-Peykar_093301325-819x1024.jpg\" alt=\"\" class=\"wp-image-5415\" srcset=\"https:\/\/famelifemagazin.com\/wp-content\/uploads\/2025\/02\/Calvin-Klein-temsilcisi_Steven-Peykar_093301325-819x1024.jpg 819w, https:\/\/famelifemagazin.com\/wp-content\/uploads\/2025\/02\/Calvin-Klein-temsilcisi_Steven-Peykar_093301325-240x300.jpg 240w, https:\/\/famelifemagazin.com\/wp-content\/uploads\/2025\/02\/Calvin-Klein-temsilcisi_Steven-Peykar_093301325-768x960.jpg 768w, https:\/\/famelifemagazin.com\/wp-content\/uploads\/2025\/02\/Calvin-Klein-temsilcisi_Steven-Peykar_093301325.jpg 1080w\" sizes=\"auto, (max-width: 819px) 100vw, 819px\" \/><\/figure>\n\n\n\n<figure class=\"wp-block-image size-large\"><img loading=\"lazy\" decoding=\"async\" width=\"819\" height=\"1024\" data-id=\"5416\" src=\"https:\/\/famelifemagazin.com\/wp-content\/uploads\/2025\/02\/Koza-Hali-Icra-Kurulu-Baskani-Ibrahim-Cingisiz_093301245-819x1024.jpg\" alt=\"\" class=\"wp-image-5416\" srcset=\"https:\/\/famelifemagazin.com\/wp-content\/uploads\/2025\/02\/Koza-Hali-Icra-Kurulu-Baskani-Ibrahim-Cingisiz_093301245-819x1024.jpg 819w, https:\/\/famelifemagazin.com\/wp-content\/uploads\/2025\/02\/Koza-Hali-Icra-Kurulu-Baskani-Ibrahim-Cingisiz_093301245-240x300.jpg 240w, https:\/\/famelifemagazin.com\/wp-content\/uploads\/2025\/02\/Koza-Hali-Icra-Kurulu-Baskani-Ibrahim-Cingisiz_093301245-768x960.jpg 768w, https:\/\/famelifemagazin.com\/wp-content\/uploads\/2025\/02\/Koza-Hali-Icra-Kurulu-Baskani-Ibrahim-Cingisiz_093301245.jpg 1080w\" sizes=\"auto, (max-width: 819px) 100vw, 819px\" \/><\/figure>\n<\/figure>\n\n\n\n<figure class=\"wp-block-image size-large\"><img loading=\"lazy\" decoding=\"async\" width=\"1024\" height=\"537\" src=\"https:\/\/famelifemagazin.com\/wp-content\/uploads\/2025\/02\/Lansman_gorsel_093301151-1024x537.jpg\" alt=\"\" class=\"wp-image-5417\" srcset=\"https:\/\/famelifemagazin.com\/wp-content\/uploads\/2025\/02\/Lansman_gorsel_093301151-1024x537.jpg 1024w, https:\/\/famelifemagazin.com\/wp-content\/uploads\/2025\/02\/Lansman_gorsel_093301151-300x157.jpg 300w, https:\/\/famelifemagazin.com\/wp-content\/uploads\/2025\/02\/Lansman_gorsel_093301151-768x402.jpg 768w, https:\/\/famelifemagazin.com\/wp-content\/uploads\/2025\/02\/Lansman_gorsel_093301151.jpg 1080w\" sizes=\"auto, (max-width: 1024px) 100vw, 1024px\" \/><\/figure>\n\n\n\n<figure class=\"wp-block-image size-large\"><img loading=\"lazy\" decoding=\"async\" width=\"1024\" height=\"537\" src=\"https:\/\/famelifemagazin.com\/wp-content\/uploads\/2025\/02\/Koza_Bayiler_093301388-1-1024x537.jpg\" alt=\"\" class=\"wp-image-5419\" srcset=\"https:\/\/famelifemagazin.com\/wp-content\/uploads\/2025\/02\/Koza_Bayiler_093301388-1-1024x537.jpg 1024w, https:\/\/famelifemagazin.com\/wp-content\/uploads\/2025\/02\/Koza_Bayiler_093301388-1-300x157.jpg 300w, https:\/\/famelifemagazin.com\/wp-content\/uploads\/2025\/02\/Koza_Bayiler_093301388-1-768x402.jpg 768w, https:\/\/famelifemagazin.com\/wp-content\/uploads\/2025\/02\/Koza_Bayiler_093301388-1.jpg 1080w\" sizes=\"auto, (max-width: 1024px) 100vw, 1024px\" \/><\/figure>\n","protected":false},"excerpt":{"rendered":"<p>T\u00fcrkiye\u2019nin k\u00f6kl\u00fc hal\u0131 \u00fcreticilerinden Koza Hal\u0131, yenilik\u00e7i vizyonu ve 60 y\u0131l\u0131 a\u015fk\u0131n tecr\u00fcbesiyle d\u00fcnya \u00e7ap\u0131nda bir marka olan Calvin Klein\u2019\u0131n hal\u0131 koleksiyonlar\u0131n\u0131n T\u00fcrkiye\u2019deki \u00fcretim ve sat\u0131\u015f faaliyetlerini ger\u00e7ekle\u015ftirecek tek resmi yetkili oldu. 24-27 \u015eubat 2025 tarihlerinde Antalya Titanic Deluxe Golf Belek\u2019te ger\u00e7ekle\u015fen Calvin Klein Vision Lansman\u0131 ile \u00e7al\u0131\u015fmalar\u0131na g\u00fczel bir ba\u015flang\u0131\u00e7 yapan Koza Hal\u0131, T\u00fcrkiye\u2019nin [&hellip;]<\/p>\n","protected":false},"author":1,"featured_media":5417,"comment_status":"open","ping_status":"open","sticky":false,"template":"","format":"standard","meta":{"footnotes":""},"categories":[18,3],"tags":[],"class_list":["post-5414","post","type-post","status-publish","format-standard","has-post-thumbnail","hentry","category-sirketler-is-hayati","category-son-haberler"],"_links":{"self":[{"href":"https:\/\/famelifemagazin.com\/index.php?rest_route=\/wp\/v2\/posts\/5414","targetHints":{"allow":["GET"]}}],"collection":[{"href":"https:\/\/famelifemagazin.com\/index.php?rest_route=\/wp\/v2\/posts"}],"about":[{"href":"https:\/\/famelifemagazin.com\/index.php?rest_route=\/wp\/v2\/types\/post"}],"author":[{"embeddable":true,"href":"https:\/\/famelifemagazin.com\/index.php?rest_route=\/wp\/v2\/users\/1"}],"replies":[{"embeddable":true,"href":"https:\/\/famelifemagazin.com\/index.php?rest_route=%2Fwp%2Fv2%2Fcomments&post=5414"}],"version-history":[{"count":2,"href":"https:\/\/famelifemagazin.com\/index.php?rest_route=\/wp\/v2\/posts\/5414\/revisions"}],"predecessor-version":[{"id":5420,"href":"https:\/\/famelifemagazin.com\/index.php?rest_route=\/wp\/v2\/posts\/5414\/revisions\/5420"}],"wp:featuredmedia":[{"embeddable":true,"href":"https:\/\/famelifemagazin.com\/index.php?rest_route=\/wp\/v2\/media\/5417"}],"wp:attachment":[{"href":"https:\/\/famelifemagazin.com\/index.php?rest_route=%2Fwp%2Fv2%2Fmedia&parent=5414"}],"wp:term":[{"taxonomy":"category","embeddable":true,"href":"https:\/\/famelifemagazin.com\/index.php?rest_route=%2Fwp%2Fv2%2Fcategories&post=5414"},{"taxonomy":"post_tag","embeddable":true,"href":"https:\/\/famelifemagazin.com\/index.php?rest_route=%2Fwp%2Fv2%2Ftags&post=5414"}],"curies":[{"name":"wp","href":"https:\/\/api.w.org\/{rel}","templated":true}]}}