{"id":5404,"date":"2025-02-26T10:05:28","date_gmt":"2025-02-26T10:05:28","guid":{"rendered":"https:\/\/famelifemagazin.com\/?p=5404"},"modified":"2025-02-26T10:05:28","modified_gmt":"2025-02-26T10:05:28","slug":"emre-altug-album-hazirliginda","status":"publish","type":"post","link":"https:\/\/famelifemagazin.com\/?p=5404","title":{"rendered":"EMRE ALTU\u011e ALB\u00dcM HAZIRLI\u011eINDA!"},"content":{"rendered":"\n<p>Ge\u00e7ti\u011fimiz g\u00fcnlerde Zorlu PSM Turkcell Sahnesi&#8217;nde T\u00fcrk Pop M\u00fczi\u011finin 70 y\u0131ll\u0131k tarihini konu alan m\u00fczikal &#8216;B\u0130R POP MASALI&#8217; ile sevenleriyle bulu\u015fan Emre Altu\u011f sahne performans\u0131 ve sunumuyla b\u00fcy\u00fcledi. Sahnesine tenor Murat Karahan ve Kamuran Akkor konuk oldu ve izleyiciler nostaljik anlar ya\u015fad\u0131.<\/p>\n\n\n\n<p>Neyleyim, A\u015fk-\u0131 K\u0131yamet, Bu Kadar M\u0131?, Su Gibisin, Kap\u0131\u015f Kap\u0131\u015f, S\u0131cak gibi T\u00fcrk Pop M\u00fczi\u011fine iz b\u0131rakan eserler kazand\u0131rm\u0131\u015f olan sanat\u00e7\u0131 dinleyicileriyle yeni bir alb\u00fcmde bulu\u015fmaya haz\u0131rlan\u0131yor.<\/p>\n\n\n\n<p>Aktif konserleriyle, Yal\u0131\u00e7apk\u0131n\u0131 dizisiyle ve &#8216;Bir Pop Masal\u0131&#8217; m\u00fczikali ile sevenleriyle bulu\u015fmaya devam eden Emre Altu\u011f, haftan\u0131n 3 g\u00fcn\u00fc \u00fcretim i\u00e7in m\u00fczik prod\u00fcksiyon ekibiyle bir araya geliyor.<\/p>\n\n\n\n<p>22 Music Entertainment yap\u0131m\u0131nda Volga Tam\u00f6z prod\u00fckt\u00f6rl\u00fc\u011f\u00fcnde G\u00fclsen Karatoprak idari yap\u0131mc\u0131l\u0131\u011f\u0131nda uzun s\u00fcredir kampta olan sanat\u00e7\u0131n\u0131n alb\u00fcm \u00fcretim s\u00fcreci devam ediyor.<\/p>\n\n\n\n<p><\/p>\n","protected":false},"excerpt":{"rendered":"<p>Ge\u00e7ti\u011fimiz g\u00fcnlerde Zorlu PSM Turkcell Sahnesi&#8217;nde T\u00fcrk Pop M\u00fczi\u011finin 70 y\u0131ll\u0131k tarihini konu alan m\u00fczikal &#8216;B\u0130R POP MASALI&#8217; ile sevenleriyle bulu\u015fan Emre Altu\u011f sahne performans\u0131 ve sunumuyla b\u00fcy\u00fcledi. Sahnesine tenor Murat Karahan ve Kamuran Akkor konuk oldu ve izleyiciler nostaljik anlar ya\u015fad\u0131. Neyleyim, A\u015fk-\u0131 K\u0131yamet, Bu Kadar M\u0131?, Su Gibisin, Kap\u0131\u015f Kap\u0131\u015f, S\u0131cak gibi T\u00fcrk [&hellip;]<\/p>\n","protected":false},"author":1,"featured_media":5405,"comment_status":"open","ping_status":"open","sticky":false,"template":"","format":"standard","meta":{"footnotes":""},"categories":[4,3],"tags":[],"class_list":["post-5404","post","type-post","status-publish","format-standard","has-post-thumbnail","hentry","category-magazin","category-son-haberler"],"_links":{"self":[{"href":"https:\/\/famelifemagazin.com\/index.php?rest_route=\/wp\/v2\/posts\/5404","targetHints":{"allow":["GET"]}}],"collection":[{"href":"https:\/\/famelifemagazin.com\/index.php?rest_route=\/wp\/v2\/posts"}],"about":[{"href":"https:\/\/famelifemagazin.com\/index.php?rest_route=\/wp\/v2\/types\/post"}],"author":[{"embeddable":true,"href":"https:\/\/famelifemagazin.com\/index.php?rest_route=\/wp\/v2\/users\/1"}],"replies":[{"embeddable":true,"href":"https:\/\/famelifemagazin.com\/index.php?rest_route=%2Fwp%2Fv2%2Fcomments&post=5404"}],"version-history":[{"count":1,"href":"https:\/\/famelifemagazin.com\/index.php?rest_route=\/wp\/v2\/posts\/5404\/revisions"}],"predecessor-version":[{"id":5406,"href":"https:\/\/famelifemagazin.com\/index.php?rest_route=\/wp\/v2\/posts\/5404\/revisions\/5406"}],"wp:featuredmedia":[{"embeddable":true,"href":"https:\/\/famelifemagazin.com\/index.php?rest_route=\/wp\/v2\/media\/5405"}],"wp:attachment":[{"href":"https:\/\/famelifemagazin.com\/index.php?rest_route=%2Fwp%2Fv2%2Fmedia&parent=5404"}],"wp:term":[{"taxonomy":"category","embeddable":true,"href":"https:\/\/famelifemagazin.com\/index.php?rest_route=%2Fwp%2Fv2%2Fcategories&post=5404"},{"taxonomy":"post_tag","embeddable":true,"href":"https:\/\/famelifemagazin.com\/index.php?rest_route=%2Fwp%2Fv2%2Ftags&post=5404"}],"curies":[{"name":"wp","href":"https:\/\/api.w.org\/{rel}","templated":true}]}}