{"id":5400,"date":"2025-02-24T12:44:00","date_gmt":"2025-02-24T12:44:00","guid":{"rendered":"https:\/\/famelifemagazin.com\/?p=5400"},"modified":"2025-02-24T12:44:01","modified_gmt":"2025-02-24T12:44:01","slug":"15-uluslararasi-mucevher-tasarim-yarismasinin-finalistleri-secildi","status":"publish","type":"post","link":"https:\/\/famelifemagazin.com\/?p=5400","title":{"rendered":"15. ULUSLARARASI M\u00dcCEVHER TASARIM YARI\u015eMASI\u2019NIN F\u0130NAL\u0130STLER\u0130 SE\u00c7\u0130LD\u0130&#8230;"},"content":{"rendered":"\n<p><strong>GEN\u00c7 YETENEKLER \u2018EFSANELER\u2019DEN \u0130LHAM ALAN TASARIMLARIYLA F\u0130NALE B\u0130R ADIM DAHA YAKLA\u015eTI<\/strong>&#8230;<\/p>\n\n\n\n<p>T\u00fcrk m\u00fccevher end\u00fcstrisinin global alandaki potansiyelini art\u0131rmak ve yenilik\u00e7i bak\u0131\u015f a\u00e7\u0131lar\u0131 kazand\u0131rmak amac\u0131yla her y\u0131l d\u00fczenlenen Uluslararas\u0131 M\u00fccevher Tasar\u0131m Yar\u0131\u015fmas\u0131, bu y\u0131l 15. kez ger\u00e7ekle\u015ftiriliyor.<\/p>\n\n\n\n<p>&#8220;Efsaneler&#8221; temas\u0131yla d\u00fczenlenen prestijli yar\u0131\u015fmaya, ulusal ve uluslararas\u0131 tasar\u0131mc\u0131lar taraf\u0131ndan toplamda 320 ba\u015fvuru yap\u0131ld\u0131. Ba\u015fvurular, alan\u0131nda uzman j\u00fcri \u00fcyeleri taraf\u0131ndan titizlikle de\u011ferlendirildi ve binlerce y\u0131ll\u0131k efsanelerden ilham alan 320 tasar\u0131m aras\u0131ndan s\u0131yr\u0131lan en iyi 10 eser finale ad\u0131n\u0131 yazd\u0131rd\u0131.<\/p>\n\n\n\n<p>Gen\u00e7 yeteneklerin tasar\u0131mlar\u0131n\u0131 sergileme ve \u00fcretme f\u0131rsat\u0131 buldu\u011fu \u00f6nemli bir platform olan M\u00fccevher Tasar\u0131m Yar\u0131\u015fmas\u0131\u2019n\u0131n kazananlar\u0131, 18 Nisan 2025 Cuma g\u00fcn\u00fc ger\u00e7ekle\u015fecek \u00f6d\u00fcl t\u00f6reninde belli olacak. Yar\u0131\u015fman\u0131n birincisi 150.000 TL, ikincisi 100.000 TL, \u00fc\u00e7\u00fcnc\u00fcs\u00fc ise 50.000 TL ile \u00f6d\u00fcllendirilecek. Ayr\u0131ca, yar\u0131\u015fman\u0131n ilk 10 finalistine 5 gram alt\u0131n \u00f6d\u00fcl\u00fc verilecek.<\/p>\n\n\n\n<p>Bu \u00f6d\u00fcller, tasar\u0131m d\u00fcnyas\u0131nda ad\u0131n\u0131 duyurmak isteyen gen\u00e7 yetenekler i\u00e7in b\u00fcy\u00fck bir f\u0131rsat sunarken, T\u00fcrk m\u00fccevher tasar\u0131m\u0131na katk\u0131 sa\u011flayacak yarat\u0131c\u0131 isimlerin ortaya \u00e7\u0131kmas\u0131na ve m\u00fccevher sekt\u00f6r\u00fcnde fark yaratmas\u0131na olanak tan\u0131yacak.<\/p>\n\n\n\n<p><strong>J\u00fcri \u00dcyeleri B\u00fcy\u00fck Bir \u00d6zenle De\u011ferlendirdi<\/strong><\/p>\n\n\n\n<p>J\u00fcri \u00fcyeli\u011fini, Fiore Doro Kurucusu \u015eermin Ko\u00e7 , Sina P\u0131rlanta Y\u00f6netim Kurulu Ba\u015fkan\u0131 Ali Bar\u0131\u015f Lek, Lizay P\u0131rlanta Genel M\u00fcd\u00fcr\u00fc \u00c7a\u011fatay Serbes \u00d6\u011fretim G\u00f6revlisi Aliye Kurnaz, Dr. \u00d6\u011fretim \u00dcyesi Ayhan En\u015fici,Prof. Dr. Sibel K\u0131l\u0131\u00e7, Sadekar Yavuz Y\u0131ld\u0131z ,Sadekar Raffi \u015eadyan\u2019\u0131n Stilist ve Sanat Y\u00f6netmeni Agata Jankowiak ,Spiker Nur Tu\u011fba Naml\u0131 ,Moda Tasar\u0131mc\u0131 Yasemin Tatl\u0131ses\u2019in yapt\u0131\u011f\u0131 yar\u0131\u015fmada, her bir tasar\u0131m b\u00fcy\u00fck bir titizlikle incelenerek de\u011ferlendirildi.<\/p>\n\n\n\n<p><strong>Finale Kalan Yar\u0131\u015fmac\u0131lar<\/strong><\/p>\n\n\n\n<p>Birbirinden yarat\u0131c\u0131 tasar\u0131mlar\u0131yla 15. Uluslararas\u0131 M\u00fccevher Tasar\u0131m Yar\u0131\u015fmas\u0131&#8217;nda finale ad\u0131n\u0131 yazd\u0131ran yar\u0131\u015fmac\u0131lar; Ceren Incedursun, Damla Demirci, Derya Kazan, Dilara Tolu, Eda Ya\u015fa, Gamze Saydam, G\u00f6zde Metin, Sena Nur \u00c7etinkaya, Ye\u015fim S\u00f6nmez ve Zeynep Uzun oldu. \u015eu an, finalist eserler \u00fcretim sponsoru aray\u0131\u015f\u0131nda ve sponsor olacak firmalar, \u00fcrettikleri finalist eserlerle birlikte yar\u0131\u015fman\u0131n t\u00fcm s\u00fcre\u00e7lerinde yer alacak, markalar\u0131n\u0131 geni\u015f kitlelere duyurma f\u0131rsat\u0131n\u0131 yakalayacaklar.<\/p>\n\n\n\n<figure class=\"wp-block-gallery has-nested-images columns-default is-cropped wp-block-gallery-1 is-layout-flex wp-block-gallery-is-layout-flex\">\n<figure class=\"wp-block-image size-large\"><img loading=\"lazy\" decoding=\"async\" width=\"1024\" height=\"489\" data-id=\"5402\" src=\"https:\/\/famelifemagazin.com\/wp-content\/uploads\/2025\/02\/afis-2-1-1024x489.jpg\" alt=\"\" class=\"wp-image-5402\" srcset=\"https:\/\/famelifemagazin.com\/wp-content\/uploads\/2025\/02\/afis-2-1-1024x489.jpg 1024w, https:\/\/famelifemagazin.com\/wp-content\/uploads\/2025\/02\/afis-2-1-300x143.jpg 300w, https:\/\/famelifemagazin.com\/wp-content\/uploads\/2025\/02\/afis-2-1-768x367.jpg 768w, https:\/\/famelifemagazin.com\/wp-content\/uploads\/2025\/02\/afis-2-1-1536x733.jpg 1536w, https:\/\/famelifemagazin.com\/wp-content\/uploads\/2025\/02\/afis-2-1-2048x978.jpg 2048w\" sizes=\"auto, (max-width: 1024px) 100vw, 1024px\" \/><figcaption class=\"wp-element-caption\">yatay_mu\u0308cevher_2024_KV<\/figcaption><\/figure>\n\n\n\n<figure class=\"wp-block-image size-large\"><img loading=\"lazy\" decoding=\"async\" width=\"1024\" height=\"477\" data-id=\"5401\" src=\"https:\/\/famelifemagazin.com\/wp-content\/uploads\/2025\/02\/afis-1-1-1024x477.jpg\" alt=\"\" class=\"wp-image-5401\" srcset=\"https:\/\/famelifemagazin.com\/wp-content\/uploads\/2025\/02\/afis-1-1-1024x477.jpg 1024w, https:\/\/famelifemagazin.com\/wp-content\/uploads\/2025\/02\/afis-1-1-300x140.jpg 300w, https:\/\/famelifemagazin.com\/wp-content\/uploads\/2025\/02\/afis-1-1-768x358.jpg 768w, https:\/\/famelifemagazin.com\/wp-content\/uploads\/2025\/02\/afis-1-1-1536x715.jpg 1536w, https:\/\/famelifemagazin.com\/wp-content\/uploads\/2025\/02\/afis-1-1-2048x954.jpg 2048w\" sizes=\"auto, (max-width: 1024px) 100vw, 1024px\" \/><figcaption class=\"wp-element-caption\">yatay_mu\u0308cevher_2024_KV<\/figcaption><\/figure>\n<\/figure>\n","protected":false},"excerpt":{"rendered":"<p>GEN\u00c7 YETENEKLER \u2018EFSANELER\u2019DEN \u0130LHAM ALAN TASARIMLARIYLA F\u0130NALE B\u0130R ADIM DAHA YAKLA\u015eTI&#8230; T\u00fcrk m\u00fccevher end\u00fcstrisinin global alandaki potansiyelini art\u0131rmak ve yenilik\u00e7i bak\u0131\u015f a\u00e7\u0131lar\u0131 kazand\u0131rmak amac\u0131yla her y\u0131l d\u00fczenlenen Uluslararas\u0131 M\u00fccevher Tasar\u0131m Yar\u0131\u015fmas\u0131, bu y\u0131l 15. kez ger\u00e7ekle\u015ftiriliyor. &#8220;Efsaneler&#8221; temas\u0131yla d\u00fczenlenen prestijli yar\u0131\u015fmaya, ulusal ve uluslararas\u0131 tasar\u0131mc\u0131lar taraf\u0131ndan toplamda 320 ba\u015fvuru yap\u0131ld\u0131. Ba\u015fvurular, alan\u0131nda uzman j\u00fcri \u00fcyeleri [&hellip;]<\/p>\n","protected":false},"author":1,"featured_media":5398,"comment_status":"open","ping_status":"open","sticky":false,"template":"","format":"standard","meta":{"footnotes":""},"categories":[18,3],"tags":[],"class_list":["post-5400","post","type-post","status-publish","format-standard","has-post-thumbnail","hentry","category-sirketler-is-hayati","category-son-haberler"],"_links":{"self":[{"href":"https:\/\/famelifemagazin.com\/index.php?rest_route=\/wp\/v2\/posts\/5400","targetHints":{"allow":["GET"]}}],"collection":[{"href":"https:\/\/famelifemagazin.com\/index.php?rest_route=\/wp\/v2\/posts"}],"about":[{"href":"https:\/\/famelifemagazin.com\/index.php?rest_route=\/wp\/v2\/types\/post"}],"author":[{"embeddable":true,"href":"https:\/\/famelifemagazin.com\/index.php?rest_route=\/wp\/v2\/users\/1"}],"replies":[{"embeddable":true,"href":"https:\/\/famelifemagazin.com\/index.php?rest_route=%2Fwp%2Fv2%2Fcomments&post=5400"}],"version-history":[{"count":1,"href":"https:\/\/famelifemagazin.com\/index.php?rest_route=\/wp\/v2\/posts\/5400\/revisions"}],"predecessor-version":[{"id":5403,"href":"https:\/\/famelifemagazin.com\/index.php?rest_route=\/wp\/v2\/posts\/5400\/revisions\/5403"}],"wp:featuredmedia":[{"embeddable":true,"href":"https:\/\/famelifemagazin.com\/index.php?rest_route=\/wp\/v2\/media\/5398"}],"wp:attachment":[{"href":"https:\/\/famelifemagazin.com\/index.php?rest_route=%2Fwp%2Fv2%2Fmedia&parent=5400"}],"wp:term":[{"taxonomy":"category","embeddable":true,"href":"https:\/\/famelifemagazin.com\/index.php?rest_route=%2Fwp%2Fv2%2Fcategories&post=5400"},{"taxonomy":"post_tag","embeddable":true,"href":"https:\/\/famelifemagazin.com\/index.php?rest_route=%2Fwp%2Fv2%2Ftags&post=5400"}],"curies":[{"name":"wp","href":"https:\/\/api.w.org\/{rel}","templated":true}]}}