{"id":5395,"date":"2025-02-24T12:31:50","date_gmt":"2025-02-24T12:31:50","guid":{"rendered":"https:\/\/famelifemagazin.com\/?p=5395"},"modified":"2025-02-24T12:33:44","modified_gmt":"2025-02-24T12:33:44","slug":"turk-e-ticaret-dunyasinin-yildizlari-aciklandi","status":"publish","type":"post","link":"https:\/\/famelifemagazin.com\/?p=5395","title":{"rendered":"T\u00fcrk e-ticaret D\u00fcnyas\u0131n\u0131n Y\u0131ld\u0131zlar\u0131 A\u00e7\u0131kland\u0131&#8230;"},"content":{"rendered":"\n<p><strong>Yeni nesil e-ticaret altyap\u0131s\u0131 ikas, \u015eikayetvar\u2019\u0131n 10. kez d\u00fczenledi\u011fi A.C.E. Awards\u2019ta \u201cE-Ticaret Yaz\u0131l\u0131m Altyap\u0131s\u0131\u201d kategorisinde liderli\u011fi ifade eden \u201cDiamond\u201d \u00f6d\u00fcl\u00fcn\u00fcn sahibi oldu.<\/strong><\/p>\n\n\n\n<p>\u0130nternetten al\u0131\u015fveri\u015f yapanlar\u0131n say\u0131s\u0131n\u0131n 2026\u2019da 45 milyona ula\u015fmas\u0131 ve toplam n\u00fcfusun %70\u2019inden fazlas\u0131n\u0131 temsil etmesi beklenen T\u00fcrk e-ticaret pazar\u0131n\u0131n yeni nesil ve ba\u015far\u0131l\u0131 oyuncusu ikas \u00f6d\u00fcllendirildi. E-ticaret altyap\u0131s\u0131 sunan ikas, \u015eikayetvar\u2019\u0131n milyonlarca kullan\u0131c\u0131s\u0131n\u0131n de\u011ferlendirmelerine dayanarak 10. kez d\u00fczenledi\u011fi A.C.E. Awards\u2019ta \u201cE-Ticaret Yaz\u0131l\u0131m Altyap\u0131s\u0131\u201d kategorisinde, liderli\u011fi ifade eden \u201cDiamond\u201d \u00f6d\u00fcl\u00fcn\u00fcn sahibi oldu. Ba\u015far\u0131l\u0131 markalar\u0131n e-ticaret altyap\u0131s\u0131 ikas, m\u00fc\u015fteri memnuniyetini merkezine alan hizmet yakla\u015f\u0131m\u0131yla lay\u0131k g\u00f6r\u00fcld\u00fc\u011f\u00fc \u00f6d\u00fcl\u00fc, \u00c7\u0131ra\u011fan Saray\u0131\u2019nda ger\u00e7ekle\u015ftirilen t\u00f6rende ald\u0131.<\/p>\n\n\n\n<p>\u201cBu \u00f6d\u00fcl, m\u00fc\u015fteri odakl\u0131 yakla\u015f\u0131m\u0131m\u0131z\u0131n bir yans\u0131mas\u0131\u201d<\/p>\n\n\n\n<p>ikas Operasyon Y\u00f6neticisi Emine Ana\u00e7o\u011flu, konuya dair \u015fu a\u00e7\u0131klamada bulundu: \u201c\u015eikayetvar A.C.E. \u00d6d\u00fclleri\u2019nde m\u00fc\u015fteri memnuniyeti alan\u0131nda birinci olman\u0131n gururunu ya\u015f\u0131yoruz. Bu \u00f6d\u00fcl, benimsedi\u011fimiz \u00e7\u00f6z\u00fcm odakl\u0131 hizmet anlay\u0131\u015f\u0131m\u0131z\u0131n bir yans\u0131mas\u0131d\u0131r. M\u00fc\u015fteri memnuniyeti bizim i\u00e7in sadece bir sonu\u00e7 de\u011fil, s\u00fcrd\u00fcr\u00fclebilir b\u00fcy\u00fcmenin temel ta\u015f\u0131n\u0131 olu\u015fturuyor. Bu do\u011frultuda bir e-ticaret altyap\u0131s\u0131 olman\u0131n \u00f6tesine ge\u00e7erek, m\u00fc\u015fterilerimize de\u011fer katmay\u0131 ve onlar\u0131n ba\u015far\u0131lar\u0131na ortak olmay\u0131 hedefliyoruz. 7\/24 hizmet sunan m\u00fc\u015fteri destek ekiplerimiz ve \u00f6zel temsilcilerimizle onlar\u0131n e-ticaret s\u00fcre\u00e7lerini g\u00fc\u00e7lendirmek ve i\u015flerini b\u00fcy\u00fctmek i\u00e7in \u00e7al\u0131\u015f\u0131yoruz.\u201d<\/p>\n\n\n\n<p>\u201cT\u00fcrkiye\u2019yi temsil etme vizyonumuzu ileriye ta\u015f\u0131yaca\u011f\u0131z\u201d<\/p>\n\n\n\n<p>Kullan\u0131c\u0131lar\u0131ndan gelen geribildirimleri i\u015flerinin ayr\u0131lmaz bir par\u00e7as\u0131 olarak g\u00f6rd\u00fcklerinin alt\u0131n\u0131 \u00e7izen Emine Ana\u00e7o\u011flu, \u201cYeni \u00fcr\u00fcn ve hizmetlerimizi, ald\u0131\u011f\u0131m\u0131z geri bildirimlere istinaden m\u00fc\u015fterilerimizin ihtiya\u00e7lar\u0131na uygun \u015fekilde geli\u015ftiriyoruz. Kullan\u0131c\u0131lar\u0131m\u0131za yenilik\u00e7i altyap\u0131m\u0131zla h\u0131zl\u0131, kesintisiz ve g\u00fcvenilir e-ticaret \u00e7\u00f6z\u00fcmleri sunuyoruz. Bu sayede m\u00fc\u015fteri memnuniyetini en \u00fcst seviyeye \u00e7\u0131kar\u0131yoruz. <\/p>\n\n\n\n<p>\u00d6n\u00fcm\u00fczdeki s\u00fcre\u00e7te de kullan\u0131c\u0131lar\u0131m\u0131z\u0131 mutlu eden yenilik\u00e7i teknolojiler geli\u015ftirmeye devam edece\u011fiz. T\u00fcrkiye\u2019yi d\u00fcnya \u00e7ap\u0131nda temsil eden \u00f6nc\u00fc teknoloji \u015firketlerinden biri olma vizyonumuzu her ge\u00e7en g\u00fcn daha da ileriye ta\u015f\u0131yaca\u011f\u0131z\u201d ifadelerini kullanarak i\u015f s\u00fcre\u00e7leri hakk\u0131nda da detayl\u0131 bilgiler payla\u015ft\u0131.<\/p>\n\n\n\n<p>Buna g\u00f6re ikas, h\u0131zl\u0131 ve yenilik\u00e7i altyap\u0131s\u0131yla her \u00f6l\u00e7ekten \u015firketin hi\u00e7bir teknik bilgiye sahip olmadan e-ticaret sitesi kurup d\u00fcnyaya sat\u0131\u015f yapmas\u0131na olanak tan\u0131yor. Otomasyon ve pazarlama ara\u00e7lar\u0131yla kullan\u0131c\u0131lar\u0131na s\u0131radan bir e-ticaret sitesi olu\u015fturman\u0131n \u00f6tesinde ayr\u0131cal\u0131klar sunuyor. ABD merkezli, i\u015f yaz\u0131l\u0131m\u0131 alan\u0131nda kullan\u0131c\u0131 incelemelerini de\u011ferlendirme platformu G2 taraf\u0131ndan da d\u00fcnyan\u0131n en h\u0131zl\u0131 b\u00fcy\u00fcyen ve en kolay kullan\u0131lan e-ticaret altyap\u0131s\u0131 olarak g\u00f6sterilen \u015firket, T\u00fcrkiye\u2019den \u00e7\u0131km\u0131\u015f en iyi teknoloji \u015firketi olma yolundaki hedefine emin ad\u0131mlarla ilerliyor.<\/p>\n\n\n\n<p><\/p>\n","protected":false},"excerpt":{"rendered":"<p>Yeni nesil e-ticaret altyap\u0131s\u0131 ikas, \u015eikayetvar\u2019\u0131n 10. kez d\u00fczenledi\u011fi A.C.E. Awards\u2019ta \u201cE-Ticaret Yaz\u0131l\u0131m Altyap\u0131s\u0131\u201d kategorisinde liderli\u011fi ifade eden \u201cDiamond\u201d \u00f6d\u00fcl\u00fcn\u00fcn sahibi oldu. \u0130nternetten al\u0131\u015fveri\u015f yapanlar\u0131n say\u0131s\u0131n\u0131n 2026\u2019da 45 milyona ula\u015fmas\u0131 ve toplam n\u00fcfusun %70\u2019inden fazlas\u0131n\u0131 temsil etmesi beklenen T\u00fcrk e-ticaret pazar\u0131n\u0131n yeni nesil ve ba\u015far\u0131l\u0131 oyuncusu ikas \u00f6d\u00fcllendirildi. E-ticaret altyap\u0131s\u0131 sunan ikas, \u015eikayetvar\u2019\u0131n milyonlarca kullan\u0131c\u0131s\u0131n\u0131n [&hellip;]<\/p>\n","protected":false},"author":1,"featured_media":5396,"comment_status":"open","ping_status":"open","sticky":false,"template":"","format":"standard","meta":{"footnotes":""},"categories":[18,3],"tags":[],"class_list":["post-5395","post","type-post","status-publish","format-standard","has-post-thumbnail","hentry","category-sirketler-is-hayati","category-son-haberler"],"_links":{"self":[{"href":"https:\/\/famelifemagazin.com\/index.php?rest_route=\/wp\/v2\/posts\/5395","targetHints":{"allow":["GET"]}}],"collection":[{"href":"https:\/\/famelifemagazin.com\/index.php?rest_route=\/wp\/v2\/posts"}],"about":[{"href":"https:\/\/famelifemagazin.com\/index.php?rest_route=\/wp\/v2\/types\/post"}],"author":[{"embeddable":true,"href":"https:\/\/famelifemagazin.com\/index.php?rest_route=\/wp\/v2\/users\/1"}],"replies":[{"embeddable":true,"href":"https:\/\/famelifemagazin.com\/index.php?rest_route=%2Fwp%2Fv2%2Fcomments&post=5395"}],"version-history":[{"count":1,"href":"https:\/\/famelifemagazin.com\/index.php?rest_route=\/wp\/v2\/posts\/5395\/revisions"}],"predecessor-version":[{"id":5397,"href":"https:\/\/famelifemagazin.com\/index.php?rest_route=\/wp\/v2\/posts\/5395\/revisions\/5397"}],"wp:featuredmedia":[{"embeddable":true,"href":"https:\/\/famelifemagazin.com\/index.php?rest_route=\/wp\/v2\/media\/5396"}],"wp:attachment":[{"href":"https:\/\/famelifemagazin.com\/index.php?rest_route=%2Fwp%2Fv2%2Fmedia&parent=5395"}],"wp:term":[{"taxonomy":"category","embeddable":true,"href":"https:\/\/famelifemagazin.com\/index.php?rest_route=%2Fwp%2Fv2%2Fcategories&post=5395"},{"taxonomy":"post_tag","embeddable":true,"href":"https:\/\/famelifemagazin.com\/index.php?rest_route=%2Fwp%2Fv2%2Ftags&post=5395"}],"curies":[{"name":"wp","href":"https:\/\/api.w.org\/{rel}","templated":true}]}}