{"id":5390,"date":"2025-02-24T11:31:57","date_gmt":"2025-02-24T11:31:57","guid":{"rendered":"https:\/\/famelifemagazin.com\/?p=5390"},"modified":"2025-02-24T11:31:58","modified_gmt":"2025-02-24T11:31:58","slug":"ds-automobiles-ciddeden-mukemmel-bir-zafer","status":"publish","type":"post","link":"https:\/\/famelifemagazin.com\/?p=5390","title":{"rendered":"DS AUTOMOBILES, C\u0130DDE\u2019DEN M\u00dcKEMMEL B\u0130R ZAFER&#8230;"},"content":{"rendered":"\n<p>DS AUTOMOBILES, C\u0130DDE\u2019DEN M\u00dcKEMMEL B\u0130R ZAFERLE D\u00d6NERKEN HER \u0130K\u0130 G\u00dcNDE DE PUAN KAZANMAYI BA\u015eARDI!<\/p>\n\n\n\n<p><strong>DS Automobiles ve pilotlar\u0131, ABB FIA Formula E D\u00fcnya \u015eampiyonas\u0131\u2019nda sezonun d\u00f6rd\u00fcnc\u00fc yar\u0131\u015f\u0131 i\u00e7in Cidde\u2019de piste \u00e7\u0131kt\u0131. Cidde\u2019de d\u00fczenlenen ve atmosferiyle m\u00fckemmel bir seyir zevki sunan Cidde E-PRIX\u2019sinde DS Automobiles ad\u0131na daha fazla puan kazanan Jean-\u00c9ric Vergne, podyum i\u00e7in verdi\u011fi uzun s\u00fcreli m\u00fccadeleden sonra yar\u0131\u015f\u0131 yedinci s\u0131rada tamamlad\u0131. <\/strong><\/p>\n\n\n\n<p><strong>Maximilian G\u00fcnther ise bir \u00f6nceki etapta m\u00fckemmel bir performans sergileyerek sezonun ilk galibiyetini DS Automobiles\u2019e getirmi\u015f oldu. B\u00f6ylece DS Automobiles sezona \u00e7ok g\u00fc\u00e7l\u00fc bir ba\u015flang\u0131\u00e7 yaparak hem pilot kadrosu, hem teknolojileri hem de stratejik yeteneklerini kan\u0131tlam\u0131\u015f oldu!<\/strong><\/p>\n\n\n\n<figure class=\"wp-block-gallery has-nested-images columns-default is-cropped wp-block-gallery-1 is-layout-flex wp-block-gallery-is-layout-flex\">\n<figure class=\"wp-block-image size-large\"><img loading=\"lazy\" decoding=\"async\" width=\"1024\" height=\"683\" data-id=\"5391\" src=\"https:\/\/famelifemagazin.com\/wp-content\/uploads\/2025\/02\/Maximilian-Gunther-1024x683.jpeg\" alt=\"\" class=\"wp-image-5391\" srcset=\"https:\/\/famelifemagazin.com\/wp-content\/uploads\/2025\/02\/Maximilian-Gunther-1024x683.jpeg 1024w, https:\/\/famelifemagazin.com\/wp-content\/uploads\/2025\/02\/Maximilian-Gunther-300x200.jpeg 300w, https:\/\/famelifemagazin.com\/wp-content\/uploads\/2025\/02\/Maximilian-Gunther-768x512.jpeg 768w, https:\/\/famelifemagazin.com\/wp-content\/uploads\/2025\/02\/Maximilian-Gunther-1536x1024.jpeg 1536w, https:\/\/famelifemagazin.com\/wp-content\/uploads\/2025\/02\/Maximilian-Gunther-2048x1365.jpeg 2048w\" sizes=\"auto, (max-width: 1024px) 100vw, 1024px\" \/><\/figure>\n\n\n\n<figure class=\"wp-block-image size-large\"><img loading=\"lazy\" decoding=\"async\" width=\"1024\" height=\"683\" data-id=\"5392\" src=\"https:\/\/famelifemagazin.com\/wp-content\/uploads\/2025\/02\/DS-Automobiles-1024x683.jpeg\" alt=\"\" class=\"wp-image-5392\" srcset=\"https:\/\/famelifemagazin.com\/wp-content\/uploads\/2025\/02\/DS-Automobiles-1024x683.jpeg 1024w, https:\/\/famelifemagazin.com\/wp-content\/uploads\/2025\/02\/DS-Automobiles-300x200.jpeg 300w, https:\/\/famelifemagazin.com\/wp-content\/uploads\/2025\/02\/DS-Automobiles-768x512.jpeg 768w\" sizes=\"auto, (max-width: 1024px) 100vw, 1024px\" \/><\/figure>\n<\/figure>\n\n\n\n<p><\/p>\n","protected":false},"excerpt":{"rendered":"<p>DS AUTOMOBILES, C\u0130DDE\u2019DEN M\u00dcKEMMEL B\u0130R ZAFERLE D\u00d6NERKEN HER \u0130K\u0130 G\u00dcNDE DE PUAN KAZANMAYI BA\u015eARDI! DS Automobiles ve pilotlar\u0131, ABB FIA Formula E D\u00fcnya \u015eampiyonas\u0131\u2019nda sezonun d\u00f6rd\u00fcnc\u00fc yar\u0131\u015f\u0131 i\u00e7in Cidde\u2019de piste \u00e7\u0131kt\u0131. Cidde\u2019de d\u00fczenlenen ve atmosferiyle m\u00fckemmel bir seyir zevki sunan Cidde E-PRIX\u2019sinde DS Automobiles ad\u0131na daha fazla puan kazanan Jean-\u00c9ric Vergne, podyum i\u00e7in verdi\u011fi uzun [&hellip;]<\/p>\n","protected":false},"author":1,"featured_media":5392,"comment_status":"open","ping_status":"open","sticky":false,"template":"","format":"standard","meta":{"footnotes":""},"categories":[3],"tags":[],"class_list":["post-5390","post","type-post","status-publish","format-standard","has-post-thumbnail","hentry","category-son-haberler"],"_links":{"self":[{"href":"https:\/\/famelifemagazin.com\/index.php?rest_route=\/wp\/v2\/posts\/5390","targetHints":{"allow":["GET"]}}],"collection":[{"href":"https:\/\/famelifemagazin.com\/index.php?rest_route=\/wp\/v2\/posts"}],"about":[{"href":"https:\/\/famelifemagazin.com\/index.php?rest_route=\/wp\/v2\/types\/post"}],"author":[{"embeddable":true,"href":"https:\/\/famelifemagazin.com\/index.php?rest_route=\/wp\/v2\/users\/1"}],"replies":[{"embeddable":true,"href":"https:\/\/famelifemagazin.com\/index.php?rest_route=%2Fwp%2Fv2%2Fcomments&post=5390"}],"version-history":[{"count":1,"href":"https:\/\/famelifemagazin.com\/index.php?rest_route=\/wp\/v2\/posts\/5390\/revisions"}],"predecessor-version":[{"id":5393,"href":"https:\/\/famelifemagazin.com\/index.php?rest_route=\/wp\/v2\/posts\/5390\/revisions\/5393"}],"wp:featuredmedia":[{"embeddable":true,"href":"https:\/\/famelifemagazin.com\/index.php?rest_route=\/wp\/v2\/media\/5392"}],"wp:attachment":[{"href":"https:\/\/famelifemagazin.com\/index.php?rest_route=%2Fwp%2Fv2%2Fmedia&parent=5390"}],"wp:term":[{"taxonomy":"category","embeddable":true,"href":"https:\/\/famelifemagazin.com\/index.php?rest_route=%2Fwp%2Fv2%2Fcategories&post=5390"},{"taxonomy":"post_tag","embeddable":true,"href":"https:\/\/famelifemagazin.com\/index.php?rest_route=%2Fwp%2Fv2%2Ftags&post=5390"}],"curies":[{"name":"wp","href":"https:\/\/api.w.org\/{rel}","templated":true}]}}