{"id":5384,"date":"2025-02-24T11:26:03","date_gmt":"2025-02-24T11:26:03","guid":{"rendered":"https:\/\/famelifemagazin.com\/?p=5384"},"modified":"2025-02-24T11:26:04","modified_gmt":"2025-02-24T11:26:04","slug":"izmirin-en-prestijli-bolgesinde-ege-yapi-imzasi","status":"publish","type":"post","link":"https:\/\/famelifemagazin.com\/?p=5384","title":{"rendered":"\u0130zmir\u2019in En Prestijli B\u00f6lgesinde Ege Yap\u0131 \u0130mzas\u0131"},"content":{"rendered":"\n<p><strong>Ege Yap\u0131 Alsancak dev kampanyayla sat\u0131\u015fa ba\u015flad\u0131<\/strong>&#8230;<\/p>\n\n\n\n<p><strong>\u0130zmir\u2019in kalbinde y\u00fckselen Ege Yap\u0131 Alsancak, modern ya\u015fam\u0131n konforunu g\u00fcvenli bir ya\u015fam ile birle\u015ftiriyor. \u015eehrin dinamik yap\u0131s\u0131na uyum sa\u011flayan ve ya\u015fam kalitesini art\u0131rmaya odaklanan proje, Ege Yap\u0131\u2019n\u0131n kalitesini ve m\u00fchendislik tecr\u00fcbesini \u0130zmir\u2019e ta\u015f\u0131yor. Depreme dayan\u0131kl\u0131 yap\u0131s\u0131, s\u00fcrd\u00fcr\u00fclebilir mimarisi ve ak\u0131ll\u0131 ya\u015fam teknolojileriyle \u00f6ne \u00e7\u0131kan Ege Yap\u0131 Alsancak, g\u00fcvenli ve prestijli bir ya\u015fam aray\u0131\u015f\u0131nda olanlar i\u00e7in benzersiz bir f\u0131rsat sunuyor. 48 ay taksit, %1,99 vade oran\u0131 ve lansmana \u00f6zel avantajlarla sat\u0131\u015fa sunulan proje, ayr\u0131cal\u0131kl\u0131 bir ya\u015fam\u0131n kap\u0131lar\u0131n\u0131 aral\u0131yor.<\/strong><\/p>\n\n\n\n<p>Gayrimenkul sekt\u00f6r\u00fcndeki yenilik\u00e7i ve vizyoner yakla\u015f\u0131m\u0131yla \u00f6ne \u00e7\u0131kan Ege Yap\u0131, estetik ve fonksiyonelli\u011fi bulu\u015fturan projeleriyle \u015fehirlerin siluetini yeniden \u015fekillendiriyor ve sekt\u00f6re de\u011fer katmaya devam ediyor. D\u00fcnyan\u0131n \u00f6nde gelen emlak dan\u0131\u015fmanl\u0131\u011f\u0131 \u015firketi Knight Frank\u2019\u0131n K\u00fcresel Konut \u015eehirler Endeksi\u2019ne g\u00f6re, emlak fiyatlar\u0131nda d\u00fcnyan\u0131n en y\u00fcksek art\u0131\u015f g\u00f6steren ilk \u00fc\u00e7 \u015fehrinden biri olarak dikkat \u00e7eken \u0130zmir, yat\u0131r\u0131mc\u0131lar\u0131n ilgisini \u00e7ekmeye devam ediyor. Ege Yap\u0131, bu dinamik \u015fehirde daha \u00f6nce hayata ge\u00e7irdi\u011fi ve 2025 Aral\u0131k\u2019ta teslim edece\u011fi Urla Kekliktepe projesinin ard\u0131ndan \u015fimdi de Ege Yap\u0131 Alsancak ve Kordon \u0130zmir projeleriyle, b\u00f6lgenin potansiyelini avantaja \u00e7evirmek isteyenler i\u00e7in benzersiz bir ya\u015fam f\u0131rsat\u0131 sunuyor.&nbsp;<\/p>\n\n\n\n<p>\u0130zmir\u2019in kalbindeki en prestijli lokasyonda y\u00fckselen Ege Yap\u0131 Alsancak, yat\u0131r\u0131mc\u0131lar\u0131na ayr\u0131cal\u0131kl\u0131 f\u0131rsatlar sunan \u00f6zel bir kampanyayla sat\u0131\u015fa \u00e7\u0131kt\u0131. 8 katl\u0131 4 bloktan olu\u015fan projede, toplamda 132 konut ve 7 ticari \u00fcnite yer al\u0131yor. 1+1\u2019den 6+1\u2019e kadar farkl\u0131 daire tipleriyle geni\u015f bir ya\u015fam alternatifi sunan Ege Yap\u0131 Alsancak; Kordon, \u0130zmir Fuar\u0131, K\u0131br\u0131s \u015eehitleri Caddesi ve \u0130zmir K\u00fclt\u00fcr Sanat Fabrikas\u0131 gibi \u00f6nemli noktalara yakla\u015f\u0131k 5 dakikal\u0131k y\u00fcr\u00fcme mesafesinde konumlan\u0131yor. Projenin t\u00fcm ula\u015f\u0131m a\u011flar\u0131n\u0131n merkezinde bulunmas\u0131 ve metro, tramvay ve \u0130ZBAN ba\u011flant\u0131lar\u0131na sadece birka\u00e7 dakikal\u0131k y\u00fcr\u00fcme mesafesinde olmas\u0131, \u015fehrin di\u011fer sosyal ve k\u00fclt\u00fcrel olanaklar\u0131na da eri\u015fim sa\u011fl\u0131yor.<\/p>\n\n\n\n<p><strong>Detayl\u0131 zemin analizleri sonucunda, b\u00f6lgede g\u00fcvenli bir yap\u0131 tasar\u0131m\u0131 olu\u015fturuldu<\/strong><\/p>\n\n\n\n<p>Ege Yap\u0131, 300\u2019\u00fc a\u015fk\u0131n m\u00fchendis kadrosu ve T\u00fcrkiye\u2019nin \u00f6nde gelen \u00fcniversitelerindeki dan\u0131\u015fman akademisyenleriyle bug\u00fcne kadar 2 milyon metrekarenin \u00fczerinde in\u015faat alan\u0131 geli\u015ftirerek sekt\u00f6re y\u00f6n vermeye devam ediyor. \u0130leri m\u00fchendislik teknolojisi kullan\u0131m\u0131yla \u00f6ne \u00e7\u0131kan Ege Yap\u0131, Ege Yap\u0131 Alsancak projesinde de g\u00fcvenli ve dayan\u0131kl\u0131 yap\u0131 anlay\u0131\u015f\u0131n\u0131 en \u00fcst seviyeye ta\u015f\u0131yor. <\/p>\n\n\n\n<p>Proje kapsam\u0131nda, ger\u00e7ekle\u015ftirilen 800 metre sondaj \u00e7al\u0131\u015fmas\u0131 ile detayl\u0131 zemin analizleri yap\u0131ld\u0131. Titizlikle yap\u0131lan zemin et\u00fctleri ve ileri m\u00fchendislik \u00e7\u00f6z\u00fcmleri sayesinde, binalar\u0131n ta\u015f\u0131y\u0131c\u0131 sistemi kiri\u015fli betonarme plak d\u00f6\u015feme olarak tasarland\u0131 ve C35 beton ile B20C s\u0131n\u0131f\u0131 nerv\u00fcrl\u00fc \u00e7elik kullan\u0131larak depreme kar\u015f\u0131 y\u00fcksek dayan\u0131kl\u0131l\u0131k sa\u011fland\u0131. Zemin iyile\u015ftirme kapsam\u0131nda diyafram duvar sistemi, jet grout teknikleri ve radye temel uygulamalar\u0131 gibi g\u00fcvenli\u011fi art\u0131ran ileri in\u015faat teknikleri uyguland\u0131.<\/p>\n\n\n\n<p><strong>L\u00fcks\u00fc ve konforu bir arada sunuyor<\/strong><\/p>\n\n\n\n<p>Sadece g\u00fcvenli\u011fiyle de\u011fil, sundu\u011fu l\u00fcks ve konforlu ya\u015fam alanlar\u0131yla da dikkat \u00e7eken proje, \u00e7at\u0131da konumland\u0131r\u0131lm\u0131\u015f a\u00e7\u0131k g\u00f6ky\u00fcz\u00fc havuzu, fitness ve SPA alanlar\u0131 ile sa\u011fl\u0131kl\u0131 ya\u015fam ihtiya\u00e7lar\u0131na cevap verirken, ticari alanlar\u0131 ile de sosyal ya\u015fam\u0131 destekliyor. Ayr\u0131ca, farkl\u0131 ya\u015fam tarzlar\u0131 ve ihtiya\u00e7lar\u0131 kar\u015f\u0131layacak \u015fekilde tasarlanm\u0131\u015f, farkl\u0131 b\u00fcy\u00fckl\u00fcklerdeki dairelerin birbirinin manzaras\u0131n\u0131 kesmeyecek \u015fekildeki yerle\u015fimi, her katta ferahl\u0131k ve rahatl\u0131k hissi sa\u011fl\u0131yor. S\u00fcrd\u00fcr\u00fclebilir ya\u015fam anlay\u0131\u015f\u0131yla tasarlanan projede, kapal\u0131 otopark alanlar\u0131, peyzajla b\u00fct\u00fcnle\u015fen ferah bir avlu ve sosyal alanlar, modern \u015fehir hayat\u0131na konforlu bir alternatif sunuyor. Lansman ile birlikte sat\u0131\u015f ofisinde konumland\u0131r\u0131lan \u00f6rnek daire de ziyaret\u00e7ilere sunuluyor.<\/p>\n\n\n\n<p><strong>S\u00fcrd\u00fcr\u00fclebilir konut modelinde \u00f6nc\u00fc bir proje<\/strong><\/p>\n\n\n\n<p>S\u00fcrd\u00fcr\u00fclebilir konut anlay\u0131\u015f\u0131na \u00f6rnek olan Ege Yap\u0131 Alsancak\u2019ta enerji ve su altyap\u0131lar\u0131 da bu do\u011frultuda geli\u015ftirildi. \u00c7evreye duyarl\u0131 bir ya\u015fam alan\u0131 sunma amac\u0131yla tasarlanan Ege Yap\u0131 Alsancak\u2019ta; elektrikli ara\u00e7 \u015farj istasyonlar\u0131, enerji ve su t\u00fcketimlerini otomasyondan kontrol edip minimum seviyeye indiren sistemler iles\u00fcrd\u00fcr\u00fclebilir bir ya\u015fama katk\u0131da bulunuyor. Blok \u00e7at\u0131lar\u0131nda kurulu g\u00fcne\u015f panellerinden elde edilecek enerji ile ortak alan elektrik sarfiyat\u0131n\u0131n d\u00fc\u015f\u00fcr\u00fclmesi hedeflenirken, ya\u011fmur suyu toplama sistemi ile toplanan suyun, ortak alan peyzaj sulamas\u0131nda kullan\u0131lmas\u0131yla \u00e7evreye duyarl\u0131 bir ya\u015fam sunuluyor.<\/p>\n\n\n\n<p><strong>\u201cDetaylar\u0131yla \u0130zmir\u2019in kent dokusuna de\u011fer katacak\u201d<\/strong><\/p>\n\n\n\n<p>\u0130zmir\u2019in h\u0131zla geli\u015fen yap\u0131s\u0131 ve artan yat\u0131r\u0131m potansiyeline dikkat \u00e7eken Ege Yap\u0131 Y\u00f6netim Kurulu Ba\u015fkan\u0131 \u0130nan\u00e7 Kabaday\u0131, Ege Yap\u0131 Alsancak\u2019\u0131n g\u00fc\u00e7l\u00fc altyap\u0131 ve modern teknolojilerle donat\u0131ld\u0131\u011f\u0131n\u0131 vurgulad\u0131. Kabaday\u0131, \u201c\u0130zmir; stratejik konumu, k\u00f6kl\u00fc tarihi, zengin k\u00fclt\u00fcrel miras\u0131 ve Akdeniz ikliminin sundu\u011fu avantajlarla her ge\u00e7en g\u00fcn daha fazla ilgi g\u00f6r\u00fcyor. Bu dinamik yap\u0131 hem yerli hem de yabanc\u0131 yat\u0131r\u0131mc\u0131lar i\u00e7in \u015fehri cazibe merkezi haline getiriyor. B\u00fct\u00fcn bu de\u011ferli \u00f6zelliklerinin yan\u0131nda deprem riskine kar\u015f\u0131 yenilenmesi ve g\u00fc\u00e7lenmesi gereken kent yap\u0131s\u0131na tecr\u00fcbemizle katk\u0131 sunabildi\u011fimiz i\u00e7in mutluyuz. Ege Yap\u0131 Alsancak, \u0130zmir\u2019in kalbinde, g\u00fcvenli, prestijli ve y\u00fcksek yat\u0131r\u0131m de\u011ferine sahip bir proje olarak hayata ge\u00e7iyor. \u015eehrin dinamizmini, sosyal ve k\u00fclt\u00fcrel hayat\u0131n\u0131 modern ya\u015fam\u0131n konforuyla bulu\u015fturdu\u011fumuz bu proje, \u00e7a\u011fda\u015f mimarisi, s\u00fcrd\u00fcr\u00fclebilir tasar\u0131m anlay\u0131\u015f\u0131 ve \u00f6zenle d\u00fc\u015f\u00fcn\u00fclen detaylar\u0131yla \u0130zmir\u2019in kent dokusuna de\u011fer katacak. En g\u00fcncel deprem y\u00f6netmeli\u011fine uygun olarak tasarlanan projemizi, ileri m\u00fchendislik \u00e7\u00f6z\u00fcmleriyle olu\u015fturduk\u201d&nbsp; dedi.<\/p>\n\n\n\n<p><strong>\u201c\u0130zmir\u2019de \u0130stanbul d\u00fczeyinde portf\u00f6ye ula\u015ft\u0131k\u201d<\/strong><\/p>\n\n\n\n<p>Ege Yap\u0131 olarak \u0130zmir\u2019deki proje say\u0131lar\u0131n\u0131n toplamda 6\u2019ya ula\u015faca\u011f\u0131n\u0131 ifade eden Kabaday\u0131, projelerle ilgili \u015fu bilgilere yer verdi: \u201cKekliktepe\u2019deki projemiz devam ediyor. Sonbahar aylar\u0131nda teslimlere ba\u015flamay\u0131 planl\u0131yoruz.<\/p>\n\n\n\n<p>Alsancak projemizle e\u015f zamanla sat\u0131\u015fa \u00e7\u0131kt\u0131\u011f\u0131m\u0131z, Turizm \u0130\u015fletme Belgesi de bulunan Kordon \u0130zmir projesi ise Pasaport \u0130skelesi ve Cumhuriyet Meydan\u0131\u2019na y\u00fcr\u00fcme mesafesinde. 3+1\u2019den 1+1\u2019e kadar olan farkl\u0131 tipolojileri, ticari \u00fcniteleri ve g\u00fcvenli altyap\u0131 ve m\u00fchendislik \u00e7\u00f6z\u00fcmleri ile daha butik bir projede ya\u015famak isteyenlerin tercihi olacak.<\/p>\n\n\n\n<p>\u0130zmir\u2019de \u00f6n\u00fcm\u00fczdeki d\u00f6nemde devam eden ve yeni projelerimizle yakla\u015f\u0131k 7 milyar TL\u2019nin \u00fczerinde bir de\u011fer \u00fcretmeyi hedefliyoruz.<\/p>\n\n\n\n<p>Ege B\u00f6lgesi\u2019nin di\u011fer illerine de yay\u0131lmay\u0131 hedefliyoruz. \u0130zmir portf\u00f6y\u00fcm\u00fcz \u0130stanbul portf\u00f6y\u00fcm\u00fcz gibi b\u00fcy\u00fcmeye devam edecek. \u0130zmir\u2019de \u0130stanbul d\u00fczeyinde bir portf\u00f6ye ula\u015ft\u0131k.\u201d<\/p>\n\n\n\n<p>\u201c<strong>Gayrimenkul yat\u0131r\u0131mc\u0131lar\u0131 \u0130zmir\u2019i soruyor\u201d<\/strong><\/p>\n\n\n\n<p>Uluslararas\u0131 gayrimenkul yat\u0131r\u0131mc\u0131lar\u0131n\u0131n \u0130zmir\u2019i sormaya ba\u015flad\u0131\u011f\u0131n\u0131 aktaran Kabaday\u0131, yat\u0131r\u0131mc\u0131lar\u0131n \u0130stanbul, \u0130zmir ve Bodrum\u2019a yo\u011fun ilgileri oldu\u011funu ifade etti. \u0130zmir\u2019in daha fazla uluslararas\u0131 yat\u0131r\u0131mc\u0131 \u00e7ekece\u011fini d\u00fc\u015f\u00fcnd\u00fcklerini s\u00f6yleyen Kabaday\u0131, \u201c2024 y\u0131l\u0131nda T\u00dc\u0130K verilerine g\u00f6re sekt\u00f6rde uluslararas\u0131 yat\u0131r\u0131mc\u0131 oran\u0131 %1,6\u2019lara d\u00fc\u015fm\u00fc\u015ft\u00fc, bu y\u0131l i\u00e7inde bunun artaca\u011f\u0131n\u0131 d\u00fc\u015f\u00fcn\u00fcyoruz. T\u00fcrkiye\u2019nin sanayi \u015fehirlerinden de \u0130zmir\u2019e \u00e7ok talep var. \u0130zmir ihracat\u0131 da \u00e7ok g\u00fc\u00e7l\u00fc bir \u015fehir. Ticari anlamda \u00e7ok daha geli\u015fece\u011fini d\u00fc\u015f\u00fcn\u00fcyorum. Firmam\u0131z\u0131n kaliteli i\u015flerini g\u00f6ren bir\u00e7ok arsa sahibinden talep var. \u00d6n\u00fcm\u00fczdeki projeler i\u00e7in \u00e7evre incelemesi yap\u0131yoruz\u201d dedi.<\/p>\n\n\n\n<p><strong>\u201cDikili\u2019ye uluslararas\u0131 bir otel markas\u0131 getirece\u011fiz\u201d<\/strong><\/p>\n\n\n\n<p>Dikili\u2019de uluslararas\u0131 bir otel zinciriyle anla\u015fmak \u00fczere olduklar\u0131n\u0131 da s\u00f6yleyen Kabaday\u0131, sonbaharda bu projeye ba\u015flamay\u0131 planlad\u0131klar\u0131n\u0131 ifade etti. Manisa\u2019dan ve \u0130zmir\u2019den Dikili\u2019ye yo\u011fun talep oldu\u011funu da belirten Kabaday\u0131, \u201cDikili lokasyon olarak \u00e7ok uygun. Kalem Adas\u0131 tam bir do\u011fa harikas\u0131\u201d diye konu\u015ftu.<\/p>\n\n\n\n<p>Konu\u015fmas\u0131nda EgeYap\u0131 Avrupa GYO\u2019nun performans\u0131na da de\u011finen \u0130nan\u00e7 Kabaday\u0131, \u201cEgeYap\u0131 Avrupa GYO\u2019nun iyi bir performans\u0131 var. Sermaye piyasas\u0131na girmek kurumsal anlamda iyi bir ad\u0131m. 2025 y\u0131l\u0131nda GYO \u00e7at\u0131s\u0131 alt\u0131nda 2 tane proje teslim hedefimiz var. Yeni portf\u00f6yler de ilave ederek daha da iyi performans yakalamak istiyoruz\u201d dedi.<\/p>\n\n\n\n<figure class=\"wp-block-gallery has-nested-images columns-default is-cropped wp-block-gallery-1 is-layout-flex wp-block-gallery-is-layout-flex\">\n<figure class=\"wp-block-image size-large\"><img loading=\"lazy\" decoding=\"async\" width=\"1024\" height=\"569\" data-id=\"5385\" src=\"https:\/\/famelifemagazin.com\/wp-content\/uploads\/2025\/02\/Alsancak_2-1024x569.jpg\" alt=\"\" class=\"wp-image-5385\" srcset=\"https:\/\/famelifemagazin.com\/wp-content\/uploads\/2025\/02\/Alsancak_2-1024x569.jpg 1024w, https:\/\/famelifemagazin.com\/wp-content\/uploads\/2025\/02\/Alsancak_2-300x167.jpg 300w, https:\/\/famelifemagazin.com\/wp-content\/uploads\/2025\/02\/Alsancak_2-768x426.jpg 768w, https:\/\/famelifemagazin.com\/wp-content\/uploads\/2025\/02\/Alsancak_2-1536x853.jpg 1536w, https:\/\/famelifemagazin.com\/wp-content\/uploads\/2025\/02\/Alsancak_2-2048x1137.jpg 2048w\" sizes=\"auto, (max-width: 1024px) 100vw, 1024px\" \/><\/figure>\n\n\n\n<figure class=\"wp-block-image size-large\"><img loading=\"lazy\" decoding=\"async\" width=\"1024\" height=\"640\" data-id=\"5386\" src=\"https:\/\/famelifemagazin.com\/wp-content\/uploads\/2025\/02\/Alsancak1-1024x640.jpg\" alt=\"\" class=\"wp-image-5386\" srcset=\"https:\/\/famelifemagazin.com\/wp-content\/uploads\/2025\/02\/Alsancak1-1024x640.jpg 1024w, https:\/\/famelifemagazin.com\/wp-content\/uploads\/2025\/02\/Alsancak1-300x187.jpg 300w, https:\/\/famelifemagazin.com\/wp-content\/uploads\/2025\/02\/Alsancak1-768x480.jpg 768w, https:\/\/famelifemagazin.com\/wp-content\/uploads\/2025\/02\/Alsancak1-1536x960.jpg 1536w, https:\/\/famelifemagazin.com\/wp-content\/uploads\/2025\/02\/Alsancak1-2048x1280.jpg 2048w\" sizes=\"auto, (max-width: 1024px) 100vw, 1024px\" \/><\/figure>\n<\/figure>\n\n\n<div class=\"wp-block-image\">\n<figure class=\"aligncenter size-large\"><img loading=\"lazy\" decoding=\"async\" width=\"683\" height=\"1024\" src=\"https:\/\/famelifemagazin.com\/wp-content\/uploads\/2025\/02\/Inanc_Kabadayi-683x1024.jpg\" alt=\"\" class=\"wp-image-5387\" srcset=\"https:\/\/famelifemagazin.com\/wp-content\/uploads\/2025\/02\/Inanc_Kabadayi-683x1024.jpg 683w, https:\/\/famelifemagazin.com\/wp-content\/uploads\/2025\/02\/Inanc_Kabadayi-200x300.jpg 200w, https:\/\/famelifemagazin.com\/wp-content\/uploads\/2025\/02\/Inanc_Kabadayi-768x1152.jpg 768w, https:\/\/famelifemagazin.com\/wp-content\/uploads\/2025\/02\/Inanc_Kabadayi-1024x1536.jpg 1024w, https:\/\/famelifemagazin.com\/wp-content\/uploads\/2025\/02\/Inanc_Kabadayi-1365x2048.jpg 1365w, https:\/\/famelifemagazin.com\/wp-content\/uploads\/2025\/02\/Inanc_Kabadayi-scaled.jpg 1707w\" sizes=\"auto, (max-width: 683px) 100vw, 683px\" \/><\/figure>\n<\/div>","protected":false},"excerpt":{"rendered":"<p>Ege Yap\u0131 Alsancak dev kampanyayla sat\u0131\u015fa ba\u015flad\u0131&#8230; \u0130zmir\u2019in kalbinde y\u00fckselen Ege Yap\u0131 Alsancak, modern ya\u015fam\u0131n konforunu g\u00fcvenli bir ya\u015fam ile birle\u015ftiriyor. \u015eehrin dinamik yap\u0131s\u0131na uyum sa\u011flayan ve ya\u015fam kalitesini art\u0131rmaya odaklanan proje, Ege Yap\u0131\u2019n\u0131n kalitesini ve m\u00fchendislik tecr\u00fcbesini \u0130zmir\u2019e ta\u015f\u0131yor. Depreme dayan\u0131kl\u0131 yap\u0131s\u0131, s\u00fcrd\u00fcr\u00fclebilir mimarisi ve ak\u0131ll\u0131 ya\u015fam teknolojileriyle \u00f6ne \u00e7\u0131kan Ege Yap\u0131 Alsancak, g\u00fcvenli [&hellip;]<\/p>\n","protected":false},"author":1,"featured_media":5387,"comment_status":"open","ping_status":"open","sticky":false,"template":"","format":"standard","meta":{"footnotes":""},"categories":[11,3],"tags":[],"class_list":["post-5384","post","type-post","status-publish","format-standard","has-post-thumbnail","hentry","category-gayrimenkul-yapi-insaat","category-son-haberler"],"_links":{"self":[{"href":"https:\/\/famelifemagazin.com\/index.php?rest_route=\/wp\/v2\/posts\/5384","targetHints":{"allow":["GET"]}}],"collection":[{"href":"https:\/\/famelifemagazin.com\/index.php?rest_route=\/wp\/v2\/posts"}],"about":[{"href":"https:\/\/famelifemagazin.com\/index.php?rest_route=\/wp\/v2\/types\/post"}],"author":[{"embeddable":true,"href":"https:\/\/famelifemagazin.com\/index.php?rest_route=\/wp\/v2\/users\/1"}],"replies":[{"embeddable":true,"href":"https:\/\/famelifemagazin.com\/index.php?rest_route=%2Fwp%2Fv2%2Fcomments&post=5384"}],"version-history":[{"count":1,"href":"https:\/\/famelifemagazin.com\/index.php?rest_route=\/wp\/v2\/posts\/5384\/revisions"}],"predecessor-version":[{"id":5388,"href":"https:\/\/famelifemagazin.com\/index.php?rest_route=\/wp\/v2\/posts\/5384\/revisions\/5388"}],"wp:featuredmedia":[{"embeddable":true,"href":"https:\/\/famelifemagazin.com\/index.php?rest_route=\/wp\/v2\/media\/5387"}],"wp:attachment":[{"href":"https:\/\/famelifemagazin.com\/index.php?rest_route=%2Fwp%2Fv2%2Fmedia&parent=5384"}],"wp:term":[{"taxonomy":"category","embeddable":true,"href":"https:\/\/famelifemagazin.com\/index.php?rest_route=%2Fwp%2Fv2%2Fcategories&post=5384"},{"taxonomy":"post_tag","embeddable":true,"href":"https:\/\/famelifemagazin.com\/index.php?rest_route=%2Fwp%2Fv2%2Ftags&post=5384"}],"curies":[{"name":"wp","href":"https:\/\/api.w.org\/{rel}","templated":true}]}}