{"id":5303,"date":"2025-02-16T10:39:38","date_gmt":"2025-02-16T10:39:38","guid":{"rendered":"https:\/\/famelifemagazin.com\/?p=5303"},"modified":"2025-02-16T10:39:39","modified_gmt":"2025-02-16T10:39:39","slug":"pembe-pijama-karavanda-80ler-asklari-yasandi","status":"publish","type":"post","link":"https:\/\/famelifemagazin.com\/?p=5303","title":{"rendered":"PEMBE P\u0130JAMA KARAVAN&#8217;DA 80&#8217;LER A\u015eKLAR\u0130 YA\u015eANDI&#8230;"},"content":{"rendered":"\n<p><strong>&#8220;Pembe Pijama Karavan \u2018da&#8221; isimli Talk Show program\u0131yla sosyal medyada g\u00fcndemden d\u00fc\u015fmeyen Esra S\u00f6nmezer; yap\u0131mc\u0131l\u0131\u011f\u0131n\u0131, y\u00f6netmenli\u011fini ve senaristli\u011fini yapt\u0131\u011f\u0131 k\u0131sa film tad\u0131ndaki Talk Show program\u0131nda, oyuncu arkada\u015flar\u0131yla birlikte 1980&#8217;ler a\u015fklar\u0131 ile 2025 y\u0131l\u0131ndaki ya\u015fanan a\u015fklar\u0131n aras\u0131ndaki farklar\u0131 sevgililer g\u00fcn\u00fcne ithafen canland\u0131rd\u0131lar&#8230;\u00a0 <\/strong><\/p>\n\n\n\n<p>Dijitalle\u015fmenin getirdi\u011fi sevgisizli\u011fi, sanat\u0131n g\u00fcc\u00fcyle anlatmaya \u00e7al\u0131\u015fan ba\u015far\u0131l\u0131 programc\u0131 Esra S\u00f6nmezer, g\u00fclerek ve g\u00fcld\u00fcrerek ac\u0131l\u0131 a\u015fklar\u0131 ve g\u00fcn\u00fcm\u00fczdeki ihanetleri program\u0131nda i\u015fledi. <\/p>\n\n\n\n<p>Hi\u00e7bir \u015feyi s\u00f6ylemekten \u00e7ekinmeyen, tavr\u0131 ve tarz\u0131yla youtube program\u0131yla da g\u00fcndemden d\u00fc\u015fmeyen ba\u015far\u0131l\u0131 Talk Show programc\u0131s\u0131 Esra S\u00f6nmezer, g\u00fcn\u00fcm\u00fczde a\u015fklar sosyal medyada, bir be\u011feni ile ba\u015fl\u0131yor bir engel ile de bitiyor dedi!\u00a0 &#8220;Art\u0131k ger\u00e7ek a\u015fk ya\u015famak isteyen yok!\u00a0 Bir kahve i\u00e7tikten sonra seni yatak odas\u0131na atmak i\u00e7in \u00e7abalayan film f\u0131r\u0131ldak \u00e7eviren simsarlarla dolmu\u015f ortal\u0131k &#8221; diyerek ate\u015f p\u00fcsk\u00fcrd\u00fc.\u00a0\u00a0<\/p>\n\n\n\n<p><strong>NOT-Pembe Pijama Karavan \u2018da Her Cumartesi yeni b\u00f6l\u00fcm\u00fcyle saat 20.00 &#8216;da Youtube; \u00a0Esra S\u00f6nmezer TV\u2019de&#8230;<\/strong><\/p>\n\n\n\n<p><strong>ESRA S\u00d6NMEZER PROGRAM L\u0130NK;<\/strong><\/p>\n\n\n\n<figure class=\"wp-block-embed is-type-video is-provider-youtube wp-block-embed-youtube wp-embed-aspect-16-9 wp-has-aspect-ratio\"><div class=\"wp-block-embed__wrapper\">\n<iframe loading=\"lazy\" title=\"PEMBE P\u0130JAMA KARAVAN!DA 18. B\u00d6L\u00dcM SEVG\u0130L\u0130LER G\u00dcN\u00dc SONRASI :)\" width=\"696\" height=\"392\" src=\"https:\/\/www.youtube.com\/embed\/jsW83gVUvew?feature=oembed\" frameborder=\"0\" allow=\"accelerometer; autoplay; clipboard-write; encrypted-media; gyroscope; picture-in-picture; web-share\" referrerpolicy=\"strict-origin-when-cross-origin\" allowfullscreen><\/iframe>\n<\/div><\/figure>\n\n\n\n<figure class=\"wp-block-gallery has-nested-images columns-default is-cropped wp-block-gallery-1 is-layout-flex wp-block-gallery-is-layout-flex\">\n<figure class=\"wp-block-image size-large\"><img loading=\"lazy\" decoding=\"async\" width=\"1024\" height=\"682\" data-id=\"5306\" src=\"https:\/\/famelifemagazin.com\/wp-content\/uploads\/2025\/02\/ESRA-SONMEZER-s-1024x682.jpg\" alt=\"\" class=\"wp-image-5306\" srcset=\"https:\/\/famelifemagazin.com\/wp-content\/uploads\/2025\/02\/ESRA-SONMEZER-s-1024x682.jpg 1024w, https:\/\/famelifemagazin.com\/wp-content\/uploads\/2025\/02\/ESRA-SONMEZER-s-300x200.jpg 300w, https:\/\/famelifemagazin.com\/wp-content\/uploads\/2025\/02\/ESRA-SONMEZER-s-768x512.jpg 768w, https:\/\/famelifemagazin.com\/wp-content\/uploads\/2025\/02\/ESRA-SONMEZER-s-1536x1023.jpg 1536w, https:\/\/famelifemagazin.com\/wp-content\/uploads\/2025\/02\/ESRA-SONMEZER-s.jpg 1600w\" sizes=\"auto, (max-width: 1024px) 100vw, 1024px\" \/><\/figure>\n\n\n\n<figure class=\"wp-block-image size-large\"><img loading=\"lazy\" decoding=\"async\" width=\"1024\" height=\"683\" data-id=\"5305\" src=\"https:\/\/famelifemagazin.com\/wp-content\/uploads\/2025\/02\/ESRA-SONMEZER-M-1024x683.jpg\" alt=\"\" class=\"wp-image-5305\" srcset=\"https:\/\/famelifemagazin.com\/wp-content\/uploads\/2025\/02\/ESRA-SONMEZER-M-1024x683.jpg 1024w, https:\/\/famelifemagazin.com\/wp-content\/uploads\/2025\/02\/ESRA-SONMEZER-M-300x200.jpg 300w, https:\/\/famelifemagazin.com\/wp-content\/uploads\/2025\/02\/ESRA-SONMEZER-M-768x512.jpg 768w, https:\/\/famelifemagazin.com\/wp-content\/uploads\/2025\/02\/ESRA-SONMEZER-M-1536x1024.jpg 1536w, https:\/\/famelifemagazin.com\/wp-content\/uploads\/2025\/02\/ESRA-SONMEZER-M.jpg 2048w\" sizes=\"auto, (max-width: 1024px) 100vw, 1024px\" \/><\/figure>\n<\/figure>\n","protected":false},"excerpt":{"rendered":"<p>&#8220;Pembe Pijama Karavan \u2018da&#8221; isimli Talk Show program\u0131yla sosyal medyada g\u00fcndemden d\u00fc\u015fmeyen Esra S\u00f6nmezer; yap\u0131mc\u0131l\u0131\u011f\u0131n\u0131, y\u00f6netmenli\u011fini ve senaristli\u011fini yapt\u0131\u011f\u0131 k\u0131sa film tad\u0131ndaki Talk Show program\u0131nda, oyuncu arkada\u015flar\u0131yla birlikte 1980&#8217;ler a\u015fklar\u0131 ile 2025 y\u0131l\u0131ndaki ya\u015fanan a\u015fklar\u0131n aras\u0131ndaki farklar\u0131 sevgililer g\u00fcn\u00fcne ithafen canland\u0131rd\u0131lar&#8230;\u00a0 Dijitalle\u015fmenin getirdi\u011fi sevgisizli\u011fi, sanat\u0131n g\u00fcc\u00fcyle anlatmaya \u00e7al\u0131\u015fan ba\u015far\u0131l\u0131 programc\u0131 Esra S\u00f6nmezer, g\u00fclerek ve g\u00fcld\u00fcrerek [&hellip;]<\/p>\n","protected":false},"author":1,"featured_media":5304,"comment_status":"open","ping_status":"open","sticky":false,"template":"","format":"standard","meta":{"footnotes":""},"categories":[1],"tags":[],"class_list":["post-5303","post","type-post","status-publish","format-standard","has-post-thumbnail","hentry","category-uncategorized"],"_links":{"self":[{"href":"https:\/\/famelifemagazin.com\/index.php?rest_route=\/wp\/v2\/posts\/5303","targetHints":{"allow":["GET"]}}],"collection":[{"href":"https:\/\/famelifemagazin.com\/index.php?rest_route=\/wp\/v2\/posts"}],"about":[{"href":"https:\/\/famelifemagazin.com\/index.php?rest_route=\/wp\/v2\/types\/post"}],"author":[{"embeddable":true,"href":"https:\/\/famelifemagazin.com\/index.php?rest_route=\/wp\/v2\/users\/1"}],"replies":[{"embeddable":true,"href":"https:\/\/famelifemagazin.com\/index.php?rest_route=%2Fwp%2Fv2%2Fcomments&post=5303"}],"version-history":[{"count":1,"href":"https:\/\/famelifemagazin.com\/index.php?rest_route=\/wp\/v2\/posts\/5303\/revisions"}],"predecessor-version":[{"id":5307,"href":"https:\/\/famelifemagazin.com\/index.php?rest_route=\/wp\/v2\/posts\/5303\/revisions\/5307"}],"wp:featuredmedia":[{"embeddable":true,"href":"https:\/\/famelifemagazin.com\/index.php?rest_route=\/wp\/v2\/media\/5304"}],"wp:attachment":[{"href":"https:\/\/famelifemagazin.com\/index.php?rest_route=%2Fwp%2Fv2%2Fmedia&parent=5303"}],"wp:term":[{"taxonomy":"category","embeddable":true,"href":"https:\/\/famelifemagazin.com\/index.php?rest_route=%2Fwp%2Fv2%2Fcategories&post=5303"},{"taxonomy":"post_tag","embeddable":true,"href":"https:\/\/famelifemagazin.com\/index.php?rest_route=%2Fwp%2Fv2%2Ftags&post=5303"}],"curies":[{"name":"wp","href":"https:\/\/api.w.org\/{rel}","templated":true}]}}