{"id":5272,"date":"2025-02-13T11:54:29","date_gmt":"2025-02-13T11:54:29","guid":{"rendered":"https:\/\/famelifemagazin.com\/?p=5272"},"modified":"2025-02-13T11:54:30","modified_gmt":"2025-02-13T11:54:30","slug":"neshe-eurovision-2025-yolunda","status":"publish","type":"post","link":"https:\/\/famelifemagazin.com\/?p=5272","title":{"rendered":"NESHE, EUROVISION 2025 YOLUNDA!"},"content":{"rendered":"\n<p><strong>AVRUPA SAHNES\u0130NDE B\u0130NLERCE \u0130S\u0130M ARASINDA PARLAYAN TEK T\u00dcRK SANAT\u00c7I NESHE, EUROVISION 2025 YOLUNDA!<\/strong><\/p>\n\n\n\n<p>T\u00fcrk sanat\u00e7\u0131 Neshe, San Marino&#8217;nun Eurovision temsilcisini belirlemek amac\u0131yla d\u00fczenlenen &#8220;Una Voce Per San Marino&#8221; yar\u0131\u015fmas\u0131nda yar\u0131 finale y\u00fckseldi. 48 \u00fclkeden binlerce yar\u0131\u015fmac\u0131n\u0131n kat\u0131ld\u0131\u011f\u0131 bu prestijli yar\u0131\u015fmada tek T\u00fcrk sanat\u00e7\u0131 olarak sahneye \u00e7\u0131kan Neshe, sergiledi\u011fi \u00fcst\u00fcn performansla t\u00fcm dikkatleri \u00fczerine \u00e7ekmeyi ba\u015fard\u0131. Dans performans\u0131 ve sahne hakimiyetiyle j\u00fcriden b\u00fcy\u00fck \u00f6vg\u00fc toplayan Neshe, T\u00fcrk m\u00fczi\u011finin g\u00fcc\u00fcn\u00fc Avrupa sahnesinde bir kez daha kan\u0131tlad\u0131.<\/p>\n\n\n\n<p>Ba\u015far\u0131l\u0131 sanat\u00e7\u0131 Neshe, San Marino\u2019yu Eurovision 2025\u2019te temsil etmek i\u00e7in s\u00f6z ve bestesi kendisi ile k\u0131z karde\u015fi Cansu Aktay&#8217;a ait olan, prod\u00fckt\u00f6rl\u00fc\u011f\u00fcn\u00fc ise Hintli prod\u00fckt\u00f6r Trajbo\u2019nun \u00fcstlendi\u011fi &#8220;Fallin'&#8221; adl\u0131 \u015fark\u0131s\u0131yla &#8220;Una Voce Per San Marino&#8221; yar\u0131\u015fmas\u0131nda yar\u0131 finale y\u00fckseldi.<\/p>\n\n\n\n<p>Y\u00fcksek enerjili dans performans\u0131 ve sahne hakimiyetiyle j\u00fcriden b\u00fcy\u00fck alk\u0131\u015f alan Neshe, yar\u0131\u015fman\u0131n ulusal finaline ula\u015fmaya bir ad\u0131m daha yakla\u015ft\u0131. 48 \u00fclkeden binlerce yar\u0131\u015fmac\u0131n\u0131n San Marino\u2019yu temsil etmek \u00fczere girdi\u011fi yar\u0131\u015fmada Neshe, tek T\u00fcrk sanat\u00e7\u0131 olarak b\u00fcy\u00fck bir gurur kayna\u011f\u0131 oldu ve T\u00fcrk m\u00fczi\u011fini Avrupa sahnesinde ba\u015far\u0131yla temsil ederek ad\u0131ndan s\u00f6z ettirmeyi ba\u015fard\u0131.<\/p>\n\n\n\n<p><strong>NESHE K\u0130MD\u0130R?<\/strong><\/p>\n\n\n\n<p>Neshe, Latin pop ve etnik m\u00fczik tarzlar\u0131n\u0131 \u00f6zg\u00fcn bir \u015fekilde harmanlayan T\u00fcrkiye do\u011fumlu bir pop \u015fark\u0131c\u0131s\u0131 ve performans sanat\u00e7\u0131s\u0131d\u0131r. Mimar Sinan \u00dcniversitesi Devlet Konservatuvar\u0131 Modern Dans B\u00f6l\u00fcm\u00fc ve \u0130stanbul \u00dcniversitesi Devlet Konservatuvar\u0131 M\u00fczikal Tiyatro B\u00f6l\u00fcm\u00fc&#8217;nden mezun olan Neshe, Barselona&#8217;daki Institut del Teatre&#8217;de Erasmus yapt\u0131\u011f\u0131 d\u00f6nemde sahne hayat\u0131na ba\u015flam\u0131\u015ft\u0131r. Amerika&#8217;da Footloose, Avrupa&#8217;da Chicago, Nine ve Notre Dame de Paris, Grease m\u00fczikallerinde rol alm\u0131\u015ft\u0131r.<\/p>\n\n\n\n<figure class=\"wp-block-image size-large\"><img loading=\"lazy\" decoding=\"async\" width=\"1024\" height=\"1024\" src=\"https:\/\/famelifemagazin.com\/wp-content\/uploads\/2025\/02\/neshe-1_132847150-1024x1024.jpg\" alt=\"\" class=\"wp-image-5273\" srcset=\"https:\/\/famelifemagazin.com\/wp-content\/uploads\/2025\/02\/neshe-1_132847150-1024x1024.jpg 1024w, https:\/\/famelifemagazin.com\/wp-content\/uploads\/2025\/02\/neshe-1_132847150-300x300.jpg 300w, https:\/\/famelifemagazin.com\/wp-content\/uploads\/2025\/02\/neshe-1_132847150-150x150.jpg 150w, https:\/\/famelifemagazin.com\/wp-content\/uploads\/2025\/02\/neshe-1_132847150-768x768.jpg 768w, https:\/\/famelifemagazin.com\/wp-content\/uploads\/2025\/02\/neshe-1_132847150.jpg 1080w\" sizes=\"auto, (max-width: 1024px) 100vw, 1024px\" \/><\/figure>\n","protected":false},"excerpt":{"rendered":"<p>AVRUPA SAHNES\u0130NDE B\u0130NLERCE \u0130S\u0130M ARASINDA PARLAYAN TEK T\u00dcRK SANAT\u00c7I NESHE, EUROVISION 2025 YOLUNDA! T\u00fcrk sanat\u00e7\u0131 Neshe, San Marino&#8217;nun Eurovision temsilcisini belirlemek amac\u0131yla d\u00fczenlenen &#8220;Una Voce Per San Marino&#8221; yar\u0131\u015fmas\u0131nda yar\u0131 finale y\u00fckseldi. 48 \u00fclkeden binlerce yar\u0131\u015fmac\u0131n\u0131n kat\u0131ld\u0131\u011f\u0131 bu prestijli yar\u0131\u015fmada tek T\u00fcrk sanat\u00e7\u0131 olarak sahneye \u00e7\u0131kan Neshe, sergiledi\u011fi \u00fcst\u00fcn performansla t\u00fcm dikkatleri \u00fczerine \u00e7ekmeyi ba\u015fard\u0131. [&hellip;]<\/p>\n","protected":false},"author":1,"featured_media":5274,"comment_status":"open","ping_status":"open","sticky":false,"template":"","format":"standard","meta":{"footnotes":""},"categories":[7,3],"tags":[],"class_list":["post-5272","post","type-post","status-publish","format-standard","has-post-thumbnail","hentry","category-muzik","category-son-haberler"],"_links":{"self":[{"href":"https:\/\/famelifemagazin.com\/index.php?rest_route=\/wp\/v2\/posts\/5272","targetHints":{"allow":["GET"]}}],"collection":[{"href":"https:\/\/famelifemagazin.com\/index.php?rest_route=\/wp\/v2\/posts"}],"about":[{"href":"https:\/\/famelifemagazin.com\/index.php?rest_route=\/wp\/v2\/types\/post"}],"author":[{"embeddable":true,"href":"https:\/\/famelifemagazin.com\/index.php?rest_route=\/wp\/v2\/users\/1"}],"replies":[{"embeddable":true,"href":"https:\/\/famelifemagazin.com\/index.php?rest_route=%2Fwp%2Fv2%2Fcomments&post=5272"}],"version-history":[{"count":1,"href":"https:\/\/famelifemagazin.com\/index.php?rest_route=\/wp\/v2\/posts\/5272\/revisions"}],"predecessor-version":[{"id":5275,"href":"https:\/\/famelifemagazin.com\/index.php?rest_route=\/wp\/v2\/posts\/5272\/revisions\/5275"}],"wp:featuredmedia":[{"embeddable":true,"href":"https:\/\/famelifemagazin.com\/index.php?rest_route=\/wp\/v2\/media\/5274"}],"wp:attachment":[{"href":"https:\/\/famelifemagazin.com\/index.php?rest_route=%2Fwp%2Fv2%2Fmedia&parent=5272"}],"wp:term":[{"taxonomy":"category","embeddable":true,"href":"https:\/\/famelifemagazin.com\/index.php?rest_route=%2Fwp%2Fv2%2Fcategories&post=5272"},{"taxonomy":"post_tag","embeddable":true,"href":"https:\/\/famelifemagazin.com\/index.php?rest_route=%2Fwp%2Fv2%2Ftags&post=5272"}],"curies":[{"name":"wp","href":"https:\/\/api.w.org\/{rel}","templated":true}]}}