{"id":5197,"date":"2025-02-08T07:57:27","date_gmt":"2025-02-08T07:57:27","guid":{"rendered":"https:\/\/famelifemagazin.com\/?p=5197"},"modified":"2025-02-08T07:57:28","modified_gmt":"2025-02-08T07:57:28","slug":"mesut-yarin-sunumuyla-lezzet-kesfi-basliyor","status":"publish","type":"post","link":"https:\/\/famelifemagazin.com\/?p=5197","title":{"rendered":"Mesut Yar\u2019\u0131n Sunumuyla \u201cLezzet Ke\u015ffi\u201d Ba\u015fl\u0131yor"},"content":{"rendered":"\n<p><strong>Marmara Park AVM\u2019den Gastronomi Serisi<\/strong> ; <strong>Mesut Yar\u2019\u0131n Sunumuyla \u201cLezzet Ke\u015ffi\u201d Ba\u015fl\u0131yor<\/strong><\/p>\n\n\n\n<p>Ger\u00e7ekle\u015ftirdi\u011fi \u00f6nemli projeler ile dijital d\u00fcnyada varl\u0131\u011f\u0131n\u0131 g\u00fc\u00e7lendiren Marmara Park AVM, ziyaret\u00e7ilerine sadece bir al\u0131\u015fveri\u015f deneyimi de\u011fil, ayn\u0131 zamanda e\u015fsiz lezzetleri ke\u015ffetme f\u0131rsat\u0131 sunuyor. Daha \u00f6nce&nbsp;<strong>&#8220;Marmara Park Nerede?&#8221;<\/strong>&nbsp;serisiyle \u0130stanbul\u2019un \u00e7e\u015fitli b\u00f6lgelerinden AVM\u2019ye ula\u015f\u0131m rehberi haz\u0131rlayan Marmara Park AVM, \u015fimdi \u201c<strong>Mesut Yar ile Lezzet Ke\u015ffi\u201d<\/strong>&nbsp;projesiyle gastronomi d\u00fcnyas\u0131na ad\u0131m at\u0131yor.<\/p>\n\n\n\n<p>Marmara Park AVM, \u00fcnl\u00fc televizyoncu Mesut Yar\u2019\u0131n benzersiz sunumuyla haz\u0131rlanan \u201cLezzet Ke\u015ffi\u201d adl\u0131 yeni bir gastronomi serisi ba\u015flat\u0131yor. Bu \u00f6zel i\u00e7eriklerde, her ay \u0130stanbul\u2019un farkl\u0131 bir il\u00e7esindeki lezzet duraklar\u0131 ve damak \u00e7atlatan tatlar izleyiciyle bulu\u015facak. Videolar\u0131n sonunda ise AVM\u2019ye en kolay ula\u015f\u0131m yollar\u0131 anlat\u0131lacak. 9 \u015eubat Pazar g\u00fcn\u00fc yay\u0131nlanan ilk videoda, \u0130stanbul\u2019un mavi ve beyaz yakal\u0131 \u00e7al\u0131\u015fanlar\u0131n\u0131n bir arada bulundu\u011fu Maslak b\u00f6lgesinin lezzetleri ke\u015ffe \u00e7\u0131k\u0131l\u0131yor.<\/p>\n\n\n\n<p>Marmara Park AVM\u2019nin YouTube ve sosyal medya hesaplar\u0131nda yay\u0131nlanacak olan bu seri, zengin se\u00e7enekleri ke\u015ffetmek isteyen lezzet tutkunlar\u0131 i\u00e7in ilham kayna\u011f\u0131 oluyor.<\/p>\n\n\n\n<p><\/p>\n\n\n\n<figure class=\"wp-block-image size-large\"><img loading=\"lazy\" decoding=\"async\" width=\"1024\" height=\"576\" src=\"https:\/\/famelifemagazin.com\/wp-content\/uploads\/2025\/02\/LEZZETKESFI-THUMB2_215308069-1024x576.jpg\" alt=\"\" class=\"wp-image-5198\" srcset=\"https:\/\/famelifemagazin.com\/wp-content\/uploads\/2025\/02\/LEZZETKESFI-THUMB2_215308069-1024x576.jpg 1024w, https:\/\/famelifemagazin.com\/wp-content\/uploads\/2025\/02\/LEZZETKESFI-THUMB2_215308069-300x169.jpg 300w, https:\/\/famelifemagazin.com\/wp-content\/uploads\/2025\/02\/LEZZETKESFI-THUMB2_215308069-768x432.jpg 768w, https:\/\/famelifemagazin.com\/wp-content\/uploads\/2025\/02\/LEZZETKESFI-THUMB2_215308069-1536x864.jpg 1536w, https:\/\/famelifemagazin.com\/wp-content\/uploads\/2025\/02\/LEZZETKESFI-THUMB2_215308069-2048x1152.jpg 2048w\" sizes=\"auto, (max-width: 1024px) 100vw, 1024px\" \/><\/figure>\n","protected":false},"excerpt":{"rendered":"<p>Marmara Park AVM\u2019den Gastronomi Serisi ; Mesut Yar\u2019\u0131n Sunumuyla \u201cLezzet Ke\u015ffi\u201d Ba\u015fl\u0131yor Ger\u00e7ekle\u015ftirdi\u011fi \u00f6nemli projeler ile dijital d\u00fcnyada varl\u0131\u011f\u0131n\u0131 g\u00fc\u00e7lendiren Marmara Park AVM, ziyaret\u00e7ilerine sadece bir al\u0131\u015fveri\u015f deneyimi de\u011fil, ayn\u0131 zamanda e\u015fsiz lezzetleri ke\u015ffetme f\u0131rsat\u0131 sunuyor. Daha \u00f6nce&nbsp;&#8220;Marmara Park Nerede?&#8221;&nbsp;serisiyle \u0130stanbul\u2019un \u00e7e\u015fitli b\u00f6lgelerinden AVM\u2019ye ula\u015f\u0131m rehberi haz\u0131rlayan Marmara Park AVM, \u015fimdi \u201cMesut Yar ile Lezzet [&hellip;]<\/p>\n","protected":false},"author":1,"featured_media":5199,"comment_status":"open","ping_status":"open","sticky":false,"template":"","format":"standard","meta":{"footnotes":""},"categories":[20,3],"tags":[],"class_list":["post-5197","post","type-post","status-publish","format-standard","has-post-thumbnail","hentry","category-sinema-film-tv-dizi","category-son-haberler"],"_links":{"self":[{"href":"https:\/\/famelifemagazin.com\/index.php?rest_route=\/wp\/v2\/posts\/5197","targetHints":{"allow":["GET"]}}],"collection":[{"href":"https:\/\/famelifemagazin.com\/index.php?rest_route=\/wp\/v2\/posts"}],"about":[{"href":"https:\/\/famelifemagazin.com\/index.php?rest_route=\/wp\/v2\/types\/post"}],"author":[{"embeddable":true,"href":"https:\/\/famelifemagazin.com\/index.php?rest_route=\/wp\/v2\/users\/1"}],"replies":[{"embeddable":true,"href":"https:\/\/famelifemagazin.com\/index.php?rest_route=%2Fwp%2Fv2%2Fcomments&post=5197"}],"version-history":[{"count":1,"href":"https:\/\/famelifemagazin.com\/index.php?rest_route=\/wp\/v2\/posts\/5197\/revisions"}],"predecessor-version":[{"id":5200,"href":"https:\/\/famelifemagazin.com\/index.php?rest_route=\/wp\/v2\/posts\/5197\/revisions\/5200"}],"wp:featuredmedia":[{"embeddable":true,"href":"https:\/\/famelifemagazin.com\/index.php?rest_route=\/wp\/v2\/media\/5199"}],"wp:attachment":[{"href":"https:\/\/famelifemagazin.com\/index.php?rest_route=%2Fwp%2Fv2%2Fmedia&parent=5197"}],"wp:term":[{"taxonomy":"category","embeddable":true,"href":"https:\/\/famelifemagazin.com\/index.php?rest_route=%2Fwp%2Fv2%2Fcategories&post=5197"},{"taxonomy":"post_tag","embeddable":true,"href":"https:\/\/famelifemagazin.com\/index.php?rest_route=%2Fwp%2Fv2%2Ftags&post=5197"}],"curies":[{"name":"wp","href":"https:\/\/api.w.org\/{rel}","templated":true}]}}