{"id":5177,"date":"2025-02-03T09:29:52","date_gmt":"2025-02-03T09:29:52","guid":{"rendered":"https:\/\/famelifemagazin.com\/?p=5177"},"modified":"2025-02-03T09:29:53","modified_gmt":"2025-02-03T09:29:53","slug":"atasun-optik-350-magazasini-sefakoyde-acti","status":"publish","type":"post","link":"https:\/\/famelifemagazin.com\/?p=5177","title":{"rendered":"Atasun Optik 350. Ma\u011fazas\u0131n\u0131 Sefak\u00f6y\u2019de A\u00e7t\u0131"},"content":{"rendered":"\n<p><strong>T\u00fcrkiye\u2019de sekt\u00f6r\u00fcn\u00fcn akla ilk gelen markas\u0131 olan Atasun Optik, 350. ma\u011fazas\u0131n\u0131 \u0130stanbul Sefak\u00f6y\u2019de bulunan Ekici 24 AVM\u2019de a\u00e7t\u0131. \u201c\u0130yi g\u00f6rme ve iyi g\u00f6r\u00fcnmeyi herkese ula\u015ft\u0131rma\u201d misyonuyla \u00e7al\u0131\u015fmalar\u0131n\u0131 s\u00fcrd\u00fcren Atasun Optik, 350. ma\u011fazas\u0131yla T\u00fcrkiye genelinde 25 bin metrekare sat\u0131\u015f alan\u0131na ula\u015ft\u0131.<\/strong><\/p>\n\n\n\n<p>T\u00fcrkiye\u2019nin 71 ilinde hizmet veren Atasun Optik, 350. ma\u011fazas\u0131n\u0131 \u0130stanbul Sefak\u00f6y\u2019de a\u00e7arak m\u00fc\u015fterilerine daha \u00e7ok noktada ula\u015fman\u0131n gururunu ya\u015f\u0131yor.<\/p>\n\n\n\n<p><strong>Atasun Optik CEO\u2019su Evren Kutlu: \u201c\u0130yi g\u00f6rme ve iyi g\u00f6r\u00fcnmeyi herkese ula\u015ft\u0131rma misyonuyla hareket ediyoruz\u2019\u2019<\/strong><\/p>\n\n\n\n<p>Perakendecilikte m\u00fckemmel m\u00fc\u015fteri deneyimi sa\u011flama oda\u011f\u0131 kapsam\u0131nda yat\u0131r\u0131mlar\u0131na devam ettiklerini s\u00f6yleyen Atasun Optik CEO\u2019su Evren Kutlu, s\u00f6zlerini \u015fu \u015fekilde s\u00fcrd\u00fcrd\u00fc: \u201cBizi ba\u015far\u0131ya g\u00f6t\u00fcren en \u00f6nemli etkenin m\u00fc\u015fteri yolculu\u011funa verdi\u011fimiz \u00f6nem oldu\u011funa inan\u0131yorum. Daima t\u00fcketicilerin beklentilerini d\u00fc\u015f\u00fcnerek hareket etmeye \u00f6zen g\u00f6steriyoruz. T\u00fcrkiye\u2019nin d\u00f6rt bir yan\u0131ndaki 350 ma\u011fazam\u0131zla, \u201ciyi g\u00f6rme ve iyi g\u00f6r\u00fcnmeyi herkese ula\u015ft\u0131rma\u201d misyonuyla hareket ediyoruz. Ma\u011fazalar\u0131m\u0131zda hem kendi markalar\u0131m\u0131z\u0131 hem de d\u00fcnyaca \u00fcnl\u00fc markalar\u0131 geni\u015f \u00fcr\u00fcn yelpazemizle t\u00fcketiciyle bulu\u015fturuyoruz. Yapt\u0131\u011f\u0131m\u0131z her i\u015fte m\u00fc\u015fterilerimizi oda\u011f\u0131m\u0131za al\u0131yor, %100 mutlu m\u00fc\u015fteri politikas\u0131n\u0131 benimsiyoruz. Bu kapsamda 30 g\u00fcnde de\u011fi\u015fim ve 7 g\u00fcnde iade hakk\u0131, uygun fiyat avantaj\u0131 ve T\u00fcrkiye\u2019nin d\u00f6rt bir yan\u0131ndaki 350 ma\u011fazam\u0131zla ayr\u0131cal\u0131kl\u0131 hizmetler sunuyor, m\u00fc\u015fterilerimizle aram\u0131zdaki g\u00fcven ba\u011f\u0131n\u0131 g\u00fc\u00e7lendiriyoruz.\u201d<\/p>\n\n\n\n<p><strong>Kutlu: \u201cSekt\u00f6r\u00fcm\u00fczde ilk akla gelen markay\u0131z\u201d<\/strong><\/p>\n\n\n\n<p>Yapt\u0131klar\u0131 i\u015fle her zaman gurur duyduklar\u0131n\u0131 vurgulayan Evren Kutlu, \u201cAtasun Optik\u2019te yapt\u0131\u011f\u0131m\u0131z her i\u015fin merkezinde m\u00fc\u015fterilerimizin oldu\u011fu bilinciyle, g\u00fcler y\u00fczl\u00fc ve deneyimli ekibimizle m\u00fc\u015fterilerimizin memnuniyetini sa\u011flamak i\u00e7in \u00e7al\u0131\u015f\u0131yoruz. M\u00fc\u015fterilerimizi kaliteli hizmet, \u00fcr\u00fcn \u00e7e\u015fitlili\u011fi, \u015feffaf ve ekonomik fiyatlar ile bulu\u015fturuyoruz. \u201cEn \u00e7ok tavsiye edilen perakende lideri olma\u201d vizyonuyla y\u00fcr\u00fctt\u00fc\u011f\u00fcm\u00fcz \u00e7al\u0131\u015fmalar, bizleri sekt\u00f6r\u00fcm\u00fczde \u201cilk akla gelen marka\u201d konumuna ta\u015f\u0131d\u0131 ve bundan b\u00fcy\u00fck gurur duyuyoruz\u201d dedi ve ekledi: \u201c350\u2019nci ma\u011fazam\u0131z da bu anlay\u0131\u015f\u0131m\u0131z\u0131n ta\u015f\u0131y\u0131c\u0131lar\u0131ndan ve temsilcilerinden biri olacak.\u201d<\/p>\n\n\n\n<p><strong>Atasun Optik hakk\u0131nda:<\/strong><\/p>\n\n\n\n<p>\u0130yi g\u00f6rme ve iyi g\u00f6r\u00fcnmeyi herkese ula\u015ft\u0131rma misyonu ile 2007 y\u0131l\u0131nda kurulan Atasun Optik, 2021\u2019den bu yana Essilor Luxottica grubu \u00e7at\u0131s\u0131 alt\u0131nda faaliyetlerini devam ettiriyor. 71 ilde 350 ma\u011fazas\u0131 ile 1500\u2019\u00fc a\u015fan \u00e7al\u0131\u015fan\u0131 bulunan ve ma\u011fazalar\u0131n yan\u0131 s\u0131ra e-ticaret ve mobil uygulamas\u0131yla 7\/24 hizmet verebilen \u015firket, m\u00fc\u015fterilerini kaliteli hizmet, \u00fcr\u00fcn \u00e7e\u015fitlili\u011fi, \u015feffaf ve ekonomik fiyatlar ile bulu\u015fturuyor. T\u00fcrkiye\u2019de alan\u0131nda ilk ve tek ISO 13485 kalite belgesini alan \u015firket olma unvan\u0131n\u0131 da ta\u015f\u0131yan Atasun Optik, \u00fcr\u00fcnlerinde \u00f6m\u00fcr boyu \u00fccretsiz bak\u0131m, 7 g\u00fcnde iade, 30 g\u00fcnde de\u011fi\u015fim imk\u00e2n\u0131 ve 2 y\u0131l garanti gibi kalite g\u00fcvencesi s\u00f6z\u00fc vererek fark yarat\u0131yor.<\/p>\n\n\n\n<figure class=\"wp-block-gallery has-nested-images columns-default is-cropped wp-block-gallery-1 is-layout-flex wp-block-gallery-is-layout-flex\">\n<figure class=\"wp-block-image size-large\"><img loading=\"lazy\" decoding=\"async\" width=\"1024\" height=\"737\" data-id=\"5179\" src=\"https:\/\/famelifemagazin.com\/wp-content\/uploads\/2025\/02\/DSC03990111_111943634-1024x737.jpg\" alt=\"\" class=\"wp-image-5179\" srcset=\"https:\/\/famelifemagazin.com\/wp-content\/uploads\/2025\/02\/DSC03990111_111943634-1024x737.jpg 1024w, https:\/\/famelifemagazin.com\/wp-content\/uploads\/2025\/02\/DSC03990111_111943634-300x216.jpg 300w, https:\/\/famelifemagazin.com\/wp-content\/uploads\/2025\/02\/DSC03990111_111943634-768x553.jpg 768w\" sizes=\"auto, (max-width: 1024px) 100vw, 1024px\" \/><\/figure>\n\n\n\n<figure class=\"wp-block-image size-large\"><img loading=\"lazy\" decoding=\"async\" width=\"1024\" height=\"671\" data-id=\"5178\" src=\"https:\/\/famelifemagazin.com\/wp-content\/uploads\/2025\/02\/Atasun_Optik_CEO_Evren_Kutlu_111942189-1024x671.jpg\" alt=\"\" class=\"wp-image-5178\" srcset=\"https:\/\/famelifemagazin.com\/wp-content\/uploads\/2025\/02\/Atasun_Optik_CEO_Evren_Kutlu_111942189-1024x671.jpg 1024w, https:\/\/famelifemagazin.com\/wp-content\/uploads\/2025\/02\/Atasun_Optik_CEO_Evren_Kutlu_111942189-300x197.jpg 300w, https:\/\/famelifemagazin.com\/wp-content\/uploads\/2025\/02\/Atasun_Optik_CEO_Evren_Kutlu_111942189-768x504.jpg 768w, https:\/\/famelifemagazin.com\/wp-content\/uploads\/2025\/02\/Atasun_Optik_CEO_Evren_Kutlu_111942189-1536x1007.jpg 1536w, https:\/\/famelifemagazin.com\/wp-content\/uploads\/2025\/02\/Atasun_Optik_CEO_Evren_Kutlu_111942189-2048x1343.jpg 2048w\" sizes=\"auto, (max-width: 1024px) 100vw, 1024px\" \/><\/figure>\n<\/figure>\n","protected":false},"excerpt":{"rendered":"<p>T\u00fcrkiye\u2019de sekt\u00f6r\u00fcn\u00fcn akla ilk gelen markas\u0131 olan Atasun Optik, 350. ma\u011fazas\u0131n\u0131 \u0130stanbul Sefak\u00f6y\u2019de bulunan Ekici 24 AVM\u2019de a\u00e7t\u0131. \u201c\u0130yi g\u00f6rme ve iyi g\u00f6r\u00fcnmeyi herkese ula\u015ft\u0131rma\u201d misyonuyla \u00e7al\u0131\u015fmalar\u0131n\u0131 s\u00fcrd\u00fcren Atasun Optik, 350. ma\u011fazas\u0131yla T\u00fcrkiye genelinde 25 bin metrekare sat\u0131\u015f alan\u0131na ula\u015ft\u0131. T\u00fcrkiye\u2019nin 71 ilinde hizmet veren Atasun Optik, 350. ma\u011fazas\u0131n\u0131 \u0130stanbul Sefak\u00f6y\u2019de a\u00e7arak m\u00fc\u015fterilerine daha \u00e7ok [&hellip;]<\/p>\n","protected":false},"author":1,"featured_media":5179,"comment_status":"open","ping_status":"open","sticky":false,"template":"","format":"standard","meta":{"footnotes":""},"categories":[18,3],"tags":[],"class_list":["post-5177","post","type-post","status-publish","format-standard","has-post-thumbnail","hentry","category-sirketler-is-hayati","category-son-haberler"],"_links":{"self":[{"href":"https:\/\/famelifemagazin.com\/index.php?rest_route=\/wp\/v2\/posts\/5177","targetHints":{"allow":["GET"]}}],"collection":[{"href":"https:\/\/famelifemagazin.com\/index.php?rest_route=\/wp\/v2\/posts"}],"about":[{"href":"https:\/\/famelifemagazin.com\/index.php?rest_route=\/wp\/v2\/types\/post"}],"author":[{"embeddable":true,"href":"https:\/\/famelifemagazin.com\/index.php?rest_route=\/wp\/v2\/users\/1"}],"replies":[{"embeddable":true,"href":"https:\/\/famelifemagazin.com\/index.php?rest_route=%2Fwp%2Fv2%2Fcomments&post=5177"}],"version-history":[{"count":1,"href":"https:\/\/famelifemagazin.com\/index.php?rest_route=\/wp\/v2\/posts\/5177\/revisions"}],"predecessor-version":[{"id":5180,"href":"https:\/\/famelifemagazin.com\/index.php?rest_route=\/wp\/v2\/posts\/5177\/revisions\/5180"}],"wp:featuredmedia":[{"embeddable":true,"href":"https:\/\/famelifemagazin.com\/index.php?rest_route=\/wp\/v2\/media\/5179"}],"wp:attachment":[{"href":"https:\/\/famelifemagazin.com\/index.php?rest_route=%2Fwp%2Fv2%2Fmedia&parent=5177"}],"wp:term":[{"taxonomy":"category","embeddable":true,"href":"https:\/\/famelifemagazin.com\/index.php?rest_route=%2Fwp%2Fv2%2Fcategories&post=5177"},{"taxonomy":"post_tag","embeddable":true,"href":"https:\/\/famelifemagazin.com\/index.php?rest_route=%2Fwp%2Fv2%2Ftags&post=5177"}],"curies":[{"name":"wp","href":"https:\/\/api.w.org\/{rel}","templated":true}]}}