{"id":5136,"date":"2025-01-22T06:30:38","date_gmt":"2025-01-22T06:30:38","guid":{"rendered":"https:\/\/famelifemagazin.com\/?p=5136"},"modified":"2025-01-22T06:30:39","modified_gmt":"2025-01-22T06:30:39","slug":"begum-polat-sahnelere-hizli-dondu","status":"publish","type":"post","link":"https:\/\/famelifemagazin.com\/?p=5136","title":{"rendered":"BEG\u00dcM POLAT SAHNELERE HIZLI D\u00d6ND\u00dc&#8230;"},"content":{"rendered":"\n<p>Bir s\u00fcre ara verdi\u011fi sahnelere yeni teklisini \u00e7\u0131karmadan, Bihter Etiler sahnesinde tek gala ile h\u0131zl\u0131 d\u00f6nen Beg\u00fcm Polat g\u00f6rd\u00fc\u011f\u00fc yo\u011fun ilgiden hayli memnun kald\u0131. Beg\u00fcm Polat sevenleri mek\u00e2n\u0131 doldururken sanat\u00e7\u0131 dostlar\u0131da sevilen ismi yaln\u0131z b\u0131rakmad\u0131. <\/p>\n\n\n\n<p>Bir d\u00f6nem oyunculuk sekt\u00f6r\u00fcnde \u00f6nemli i\u015flere de imza atan Beg\u00fcm Polat, yolum kesilince m\u00fczik d\u00fcnyas\u0131na ge\u00e7ti\u011fini ayn\u0131 \u015feyleri burada da ya\u015fad\u0131\u011f\u0131n\u0131 dile getirdi. G\u00fc\u00e7l\u00fc olmak i\u00e7in kendine g\u00fc\u00e7l\u00fc bir ekip kurdu\u011funu vurgulayan Beg\u00fcm Polat, menajerleri\u00a0Vedat Ayg\u0131ran, Kadir Hazar ile yola \u00e7\u0131kman\u0131n g\u00fcveni i\u00e7inde oldu\u011funu s\u00f6zlerine ekledi. <\/p>\n\n\n\n<p>Hi\u00e7bir zaman pes etmeyen bir yap\u0131ya sahip oldu\u011funu dile getiren Beg\u00fcm Polat \u201cBu camiaya bal\u0131k olmaya de\u011fil, bal\u0131k tutmaya geldim, kimse bal\u0131k olmam\u0131 istemesin amac\u0131m yolumda y\u00fcr\u00fcmek\u201d dedi.\u00a0Bihter Etiler sahnesine \u00e7\u0131karken modac\u0131s\u0131\u00a0P\u0131nar Kerimo\u011flu\u2019nun imzas\u0131n\u0131 ta\u015f\u0131yan kost\u00fcm\u00fcyle Beg\u00fcm Polat t\u00fcm dikkatleri \u00fczerine toplad\u0131.<\/p>\n\n\n\n<p>BEG\u00dcM POLAT SAHNE L\u0130NK<\/p>\n\n\n\n<figure class=\"wp-block-embed is-type-video is-provider-youtube wp-block-embed-youtube wp-embed-aspect-16-9 wp-has-aspect-ratio\"><div class=\"wp-block-embed__wrapper\">\n<iframe loading=\"lazy\" title=\"Bihter Etiler \u0130stanbul Gala Sahne Bas\u0131n Lansman Gecesi \ud83c\udf99\ufe0f\ud83c\udf39\u2728 Beg\u00fcm Polat\" width=\"696\" height=\"392\" src=\"https:\/\/www.youtube.com\/embed\/A-22y1lxNpI?feature=oembed\" frameborder=\"0\" allow=\"accelerometer; autoplay; clipboard-write; encrypted-media; gyroscope; picture-in-picture; web-share\" referrerpolicy=\"strict-origin-when-cross-origin\" allowfullscreen><\/iframe>\n<\/div><\/figure>\n\n\n\n<figure class=\"wp-block-gallery has-nested-images columns-default is-cropped wp-block-gallery-1 is-layout-flex wp-block-gallery-is-layout-flex\">\n<figure class=\"wp-block-image size-large\"><img loading=\"lazy\" decoding=\"async\" width=\"576\" height=\"1024\" data-id=\"5138\" src=\"https:\/\/famelifemagazin.com\/wp-content\/uploads\/2025\/01\/BEGUM-POLAT-BIH-1-576x1024.jpg\" alt=\"\" class=\"wp-image-5138\" srcset=\"https:\/\/famelifemagazin.com\/wp-content\/uploads\/2025\/01\/BEGUM-POLAT-BIH-1-576x1024.jpg 576w, https:\/\/famelifemagazin.com\/wp-content\/uploads\/2025\/01\/BEGUM-POLAT-BIH-1-169x300.jpg 169w, https:\/\/famelifemagazin.com\/wp-content\/uploads\/2025\/01\/BEGUM-POLAT-BIH-1-768x1365.jpg 768w, https:\/\/famelifemagazin.com\/wp-content\/uploads\/2025\/01\/BEGUM-POLAT-BIH-1-864x1536.jpg 864w, https:\/\/famelifemagazin.com\/wp-content\/uploads\/2025\/01\/BEGUM-POLAT-BIH-1-1152x2048.jpg 1152w, https:\/\/famelifemagazin.com\/wp-content\/uploads\/2025\/01\/BEGUM-POLAT-BIH-1-scaled.jpg 1440w\" sizes=\"auto, (max-width: 576px) 100vw, 576px\" \/><\/figure>\n\n\n\n<figure class=\"wp-block-image size-large\"><img loading=\"lazy\" decoding=\"async\" width=\"576\" height=\"1024\" data-id=\"5137\" src=\"https:\/\/famelifemagazin.com\/wp-content\/uploads\/2025\/01\/BEGUM-POLAT-BIH-2-576x1024.jpg\" alt=\"\" class=\"wp-image-5137\" srcset=\"https:\/\/famelifemagazin.com\/wp-content\/uploads\/2025\/01\/BEGUM-POLAT-BIH-2-576x1024.jpg 576w, https:\/\/famelifemagazin.com\/wp-content\/uploads\/2025\/01\/BEGUM-POLAT-BIH-2-169x300.jpg 169w, https:\/\/famelifemagazin.com\/wp-content\/uploads\/2025\/01\/BEGUM-POLAT-BIH-2-768x1365.jpg 768w, https:\/\/famelifemagazin.com\/wp-content\/uploads\/2025\/01\/BEGUM-POLAT-BIH-2-864x1536.jpg 864w, https:\/\/famelifemagazin.com\/wp-content\/uploads\/2025\/01\/BEGUM-POLAT-BIH-2-1152x2048.jpg 1152w, https:\/\/famelifemagazin.com\/wp-content\/uploads\/2025\/01\/BEGUM-POLAT-BIH-2-scaled.jpg 1440w\" sizes=\"auto, (max-width: 576px) 100vw, 576px\" \/><\/figure>\n<\/figure>\n\n\n\n<figure class=\"wp-block-image size-large\"><img loading=\"lazy\" decoding=\"async\" width=\"1024\" height=\"576\" src=\"https:\/\/famelifemagazin.com\/wp-content\/uploads\/2025\/01\/BEGUM-POLAT-BIH-1024x576.jpg\" alt=\"\" class=\"wp-image-5139\" srcset=\"https:\/\/famelifemagazin.com\/wp-content\/uploads\/2025\/01\/BEGUM-POLAT-BIH-1024x576.jpg 1024w, https:\/\/famelifemagazin.com\/wp-content\/uploads\/2025\/01\/BEGUM-POLAT-BIH-300x169.jpg 300w, https:\/\/famelifemagazin.com\/wp-content\/uploads\/2025\/01\/BEGUM-POLAT-BIH-768x432.jpg 768w, https:\/\/famelifemagazin.com\/wp-content\/uploads\/2025\/01\/BEGUM-POLAT-BIH-1536x864.jpg 1536w, https:\/\/famelifemagazin.com\/wp-content\/uploads\/2025\/01\/BEGUM-POLAT-BIH-2048x1152.jpg 2048w\" sizes=\"auto, (max-width: 1024px) 100vw, 1024px\" \/><\/figure>\n","protected":false},"excerpt":{"rendered":"<p>Bir s\u00fcre ara verdi\u011fi sahnelere yeni teklisini \u00e7\u0131karmadan, Bihter Etiler sahnesinde tek gala ile h\u0131zl\u0131 d\u00f6nen Beg\u00fcm Polat g\u00f6rd\u00fc\u011f\u00fc yo\u011fun ilgiden hayli memnun kald\u0131. Beg\u00fcm Polat sevenleri mek\u00e2n\u0131 doldururken sanat\u00e7\u0131 dostlar\u0131da sevilen ismi yaln\u0131z b\u0131rakmad\u0131. Bir d\u00f6nem oyunculuk sekt\u00f6r\u00fcnde \u00f6nemli i\u015flere de imza atan Beg\u00fcm Polat, yolum kesilince m\u00fczik d\u00fcnyas\u0131na ge\u00e7ti\u011fini ayn\u0131 \u015feyleri burada da [&hellip;]<\/p>\n","protected":false},"author":1,"featured_media":5139,"comment_status":"open","ping_status":"open","sticky":false,"template":"","format":"standard","meta":{"footnotes":""},"categories":[7,3],"tags":[],"class_list":["post-5136","post","type-post","status-publish","format-standard","has-post-thumbnail","hentry","category-muzik","category-son-haberler"],"_links":{"self":[{"href":"https:\/\/famelifemagazin.com\/index.php?rest_route=\/wp\/v2\/posts\/5136","targetHints":{"allow":["GET"]}}],"collection":[{"href":"https:\/\/famelifemagazin.com\/index.php?rest_route=\/wp\/v2\/posts"}],"about":[{"href":"https:\/\/famelifemagazin.com\/index.php?rest_route=\/wp\/v2\/types\/post"}],"author":[{"embeddable":true,"href":"https:\/\/famelifemagazin.com\/index.php?rest_route=\/wp\/v2\/users\/1"}],"replies":[{"embeddable":true,"href":"https:\/\/famelifemagazin.com\/index.php?rest_route=%2Fwp%2Fv2%2Fcomments&post=5136"}],"version-history":[{"count":1,"href":"https:\/\/famelifemagazin.com\/index.php?rest_route=\/wp\/v2\/posts\/5136\/revisions"}],"predecessor-version":[{"id":5140,"href":"https:\/\/famelifemagazin.com\/index.php?rest_route=\/wp\/v2\/posts\/5136\/revisions\/5140"}],"wp:featuredmedia":[{"embeddable":true,"href":"https:\/\/famelifemagazin.com\/index.php?rest_route=\/wp\/v2\/media\/5139"}],"wp:attachment":[{"href":"https:\/\/famelifemagazin.com\/index.php?rest_route=%2Fwp%2Fv2%2Fmedia&parent=5136"}],"wp:term":[{"taxonomy":"category","embeddable":true,"href":"https:\/\/famelifemagazin.com\/index.php?rest_route=%2Fwp%2Fv2%2Fcategories&post=5136"},{"taxonomy":"post_tag","embeddable":true,"href":"https:\/\/famelifemagazin.com\/index.php?rest_route=%2Fwp%2Fv2%2Ftags&post=5136"}],"curies":[{"name":"wp","href":"https:\/\/api.w.org\/{rel}","templated":true}]}}