{"id":5132,"date":"2025-01-22T06:26:49","date_gmt":"2025-01-22T06:26:49","guid":{"rendered":"https:\/\/famelifemagazin.com\/?p=5132"},"modified":"2025-01-22T06:26:50","modified_gmt":"2025-01-22T06:26:50","slug":"turk-kadinlarinin-tamaminin-cok-yalniz-olduguna-inaniyorum","status":"publish","type":"post","link":"https:\/\/famelifemagazin.com\/?p=5132","title":{"rendered":"T\u00dcRK KADINLARININ TAMAMININ \u00c7OK YALNIZ OLDU\u011eUNA \u0130NANIYORUM&#8230;"},"content":{"rendered":"\n<p>T\u00fcrkiye kapsam\u0131nda T\u00fcrkiye Haber Portal\u0131 ve uluslararas\u0131 alanda T\u00fcrkiye News Portal ad\u0131na k\u00fclt\u00fcr-sanat alan\u0131nda programlar yapan Eyl\u00fcl A\u015fk\u0131n, \u00fcnl\u00fc y\u00f6netmen, senarist ve oyuncu Umur Bugay\u2019\u0131n k\u0131z\u0131 Zeynep Bugay\u2019\u0131 konuk etti. <\/p>\n\n\n\n<p>Samimi sohbetleriyle konuklar\u0131na yakla\u015fan Eyl\u00fcl A\u015fk\u0131n, bazende bir psikolog edas\u0131yla \u00e7ocuklu\u011fa iniyor. Zeynep Bugay \u00e7ocuklu\u011funa inen ba\u015far\u0131l\u0131 sunucu \u201cBiraz yaln\u0131z ve sevgisiz bir \u00e7ocuk oldu\u011fumu d\u00fc\u015f\u00fcn\u00fcyorum, O kadar b\u00fcy\u00fck \u00e7\u0131narlar\u0131n g\u00f6lgesinde siz serpilemiyorsunuz, Onun kadar ba\u015far\u0131l\u0131 bir insan\u0131n evlad\u0131 olarak ayn\u0131 yolda y\u00fcr\u00fcmeye \u00e7al\u0131\u015fmak bir dezavantaj\u201d itiraflar\u0131yla kar\u015f\u0131la\u015ft\u0131. <\/p>\n\n\n\n<p>Yazar Zeynep Bugay, Son kitab\u0131: \u201cKay\u0131p K\u0131z \u00c7ocu\u011fu\u201d hakk\u0131nda konu\u015fmaya ba\u015flarken T\u00fcrk kad\u0131nlar\u0131n\u0131n tamam\u0131n\u0131n \u00e7ok yaln\u0131z oldu\u011funa inan\u0131yorum ifadesinde bulundu. \u0130ki senedir \u00fcretmedi\u011fi, annelik etti\u011fi, kendi i\u00e7ime d\u00f6nd\u00fc\u011f\u00fc bir d\u00f6nemde, k\u0131z\u0131, k\u0131z\u0131n\u0131n \u00e7ocuklu\u011fu, kendi \u00e7ocuklu\u011fu, yaln\u0131zl\u0131k ve sevgisizlik \u00fczerine bir hik\u00e2ye kurgulad\u0131\u011f\u0131n\u0131, kitab\u0131n bu fikirler \u00fczerinden \u201cKendisini ailesinin i\u00e7erisinde e\u011freti,\u00a0yersiz hisseden bir k\u0131z \u00e7ocu\u011funun hikayesi\u201d olarak \u015fekillendi\u011fini ifade etti.<\/p>\n\n\n\n<p><strong>Yeni ad\u0131 Pia!<\/strong><\/p>\n\n\n\n<p>\u201cKay\u0131p K\u0131z \u00c7ocu\u011fu\u201d kitab\u0131n\u0131 Pia ismiyle \u00e7\u0131karan yazar, bu karar\u0131n\u0131 mahkemeye de ta\u015f\u0131yarak, bug\u00fcne kadar Zeynep Bugay olan ismini Pia olarak de\u011fi\u015ftirdi. Bu konuda samimi a\u00e7\u0131klamalarda bulunan Pia, \u201cBenim ad\u0131m Seher Zeynep Bugay\u2019d\u0131. Seher babaannemin ismiydi, bizi sevmezdi, erkek \u00e7ocuk severdi. Nefret ediyorum bu Seher\u2019den, hi\u00e7 ho\u015fuma gitmiyor. Zeynep\u2019lerin de kaderlerinin zor oldu\u011funa inan\u0131yorum. Bu sene radikal bir kararla anneme d\u00f6nd\u00fcm ve dedim ki: \u201cBen avukat\u0131ma talimat verdim, ad\u0131m\u0131 de\u011fi\u015ftiriyorum.\u201d dedi.<\/p>\n\n\n\n<p>2025 y\u0131l\u0131nda yazar Zeynep Bugay gitti yeni kitap projeleriyle Pia geliyor.<\/p>\n\n\n\n<p>EYL\u00dcL A\u015eKIN VE Pia SOHBET L\u0130NK<\/p>\n\n\n\n<figure class=\"wp-block-embed is-type-video is-provider-youtube wp-block-embed-youtube wp-embed-aspect-16-9 wp-has-aspect-ratio\"><div class=\"wp-block-embed__wrapper\">\n<iframe loading=\"lazy\" title=\"Zeynep Pia Bugay, Eyl\u00fcl A\u015fk\u0131n ile... \u00d6zel S\u00f6yle\u015fi\" width=\"696\" height=\"392\" src=\"https:\/\/www.youtube.com\/embed\/oQFXqs1s5KU?feature=oembed\" frameborder=\"0\" allow=\"accelerometer; autoplay; clipboard-write; encrypted-media; gyroscope; picture-in-picture; web-share\" referrerpolicy=\"strict-origin-when-cross-origin\" allowfullscreen><\/iframe>\n<\/div><\/figure>\n\n\n\n<figure class=\"wp-block-gallery has-nested-images columns-default is-cropped wp-block-gallery-1 is-layout-flex wp-block-gallery-is-layout-flex\">\n<figure class=\"wp-block-image size-large\"><img loading=\"lazy\" decoding=\"async\" width=\"1024\" height=\"682\" data-id=\"5133\" src=\"https:\/\/famelifemagazin.com\/wp-content\/uploads\/2025\/01\/EYLUL-ASKIN-Pia-1024x682.jpg\" alt=\"\" class=\"wp-image-5133\" srcset=\"https:\/\/famelifemagazin.com\/wp-content\/uploads\/2025\/01\/EYLUL-ASKIN-Pia-1024x682.jpg 1024w, https:\/\/famelifemagazin.com\/wp-content\/uploads\/2025\/01\/EYLUL-ASKIN-Pia-300x200.jpg 300w, https:\/\/famelifemagazin.com\/wp-content\/uploads\/2025\/01\/EYLUL-ASKIN-Pia-768x512.jpg 768w, https:\/\/famelifemagazin.com\/wp-content\/uploads\/2025\/01\/EYLUL-ASKIN-Pia-1536x1023.jpg 1536w, https:\/\/famelifemagazin.com\/wp-content\/uploads\/2025\/01\/EYLUL-ASKIN-Pia-2048x1365.jpg 2048w\" sizes=\"auto, (max-width: 1024px) 100vw, 1024px\" \/><\/figure>\n\n\n\n<figure class=\"wp-block-image size-large\"><img loading=\"lazy\" decoding=\"async\" width=\"1024\" height=\"682\" data-id=\"5134\" src=\"https:\/\/famelifemagazin.com\/wp-content\/uploads\/2025\/01\/EYLUL-ASKIN-Pia-1-1024x682.jpg\" alt=\"\" class=\"wp-image-5134\" srcset=\"https:\/\/famelifemagazin.com\/wp-content\/uploads\/2025\/01\/EYLUL-ASKIN-Pia-1-1024x682.jpg 1024w, https:\/\/famelifemagazin.com\/wp-content\/uploads\/2025\/01\/EYLUL-ASKIN-Pia-1-300x200.jpg 300w, https:\/\/famelifemagazin.com\/wp-content\/uploads\/2025\/01\/EYLUL-ASKIN-Pia-1-768x512.jpg 768w, https:\/\/famelifemagazin.com\/wp-content\/uploads\/2025\/01\/EYLUL-ASKIN-Pia-1-1536x1023.jpg 1536w, https:\/\/famelifemagazin.com\/wp-content\/uploads\/2025\/01\/EYLUL-ASKIN-Pia-1-2048x1364.jpg 2048w\" sizes=\"auto, (max-width: 1024px) 100vw, 1024px\" \/><\/figure>\n<\/figure>\n","protected":false},"excerpt":{"rendered":"<p>T\u00fcrkiye kapsam\u0131nda T\u00fcrkiye Haber Portal\u0131 ve uluslararas\u0131 alanda T\u00fcrkiye News Portal ad\u0131na k\u00fclt\u00fcr-sanat alan\u0131nda programlar yapan Eyl\u00fcl A\u015fk\u0131n, \u00fcnl\u00fc y\u00f6netmen, senarist ve oyuncu Umur Bugay\u2019\u0131n k\u0131z\u0131 Zeynep Bugay\u2019\u0131 konuk etti. Samimi sohbetleriyle konuklar\u0131na yakla\u015fan Eyl\u00fcl A\u015fk\u0131n, bazende bir psikolog edas\u0131yla \u00e7ocuklu\u011fa iniyor. Zeynep Bugay \u00e7ocuklu\u011funa inen ba\u015far\u0131l\u0131 sunucu \u201cBiraz yaln\u0131z ve sevgisiz bir \u00e7ocuk oldu\u011fumu [&hellip;]<\/p>\n","protected":false},"author":1,"featured_media":5133,"comment_status":"open","ping_status":"open","sticky":false,"template":"","format":"standard","meta":{"footnotes":""},"categories":[21,3],"tags":[],"class_list":["post-5132","post","type-post","status-publish","format-standard","has-post-thumbnail","hentry","category-roportaj-soylesi","category-son-haberler"],"_links":{"self":[{"href":"https:\/\/famelifemagazin.com\/index.php?rest_route=\/wp\/v2\/posts\/5132","targetHints":{"allow":["GET"]}}],"collection":[{"href":"https:\/\/famelifemagazin.com\/index.php?rest_route=\/wp\/v2\/posts"}],"about":[{"href":"https:\/\/famelifemagazin.com\/index.php?rest_route=\/wp\/v2\/types\/post"}],"author":[{"embeddable":true,"href":"https:\/\/famelifemagazin.com\/index.php?rest_route=\/wp\/v2\/users\/1"}],"replies":[{"embeddable":true,"href":"https:\/\/famelifemagazin.com\/index.php?rest_route=%2Fwp%2Fv2%2Fcomments&post=5132"}],"version-history":[{"count":1,"href":"https:\/\/famelifemagazin.com\/index.php?rest_route=\/wp\/v2\/posts\/5132\/revisions"}],"predecessor-version":[{"id":5135,"href":"https:\/\/famelifemagazin.com\/index.php?rest_route=\/wp\/v2\/posts\/5132\/revisions\/5135"}],"wp:featuredmedia":[{"embeddable":true,"href":"https:\/\/famelifemagazin.com\/index.php?rest_route=\/wp\/v2\/media\/5133"}],"wp:attachment":[{"href":"https:\/\/famelifemagazin.com\/index.php?rest_route=%2Fwp%2Fv2%2Fmedia&parent=5132"}],"wp:term":[{"taxonomy":"category","embeddable":true,"href":"https:\/\/famelifemagazin.com\/index.php?rest_route=%2Fwp%2Fv2%2Fcategories&post=5132"},{"taxonomy":"post_tag","embeddable":true,"href":"https:\/\/famelifemagazin.com\/index.php?rest_route=%2Fwp%2Fv2%2Ftags&post=5132"}],"curies":[{"name":"wp","href":"https:\/\/api.w.org\/{rel}","templated":true}]}}