{"id":5125,"date":"2025-01-18T10:11:58","date_gmt":"2025-01-18T10:11:58","guid":{"rendered":"https:\/\/famelifemagazin.com\/?p=5125"},"modified":"2025-01-18T10:11:58","modified_gmt":"2025-01-18T10:11:58","slug":"seda-kucuk-deli-sarpa-romaniyla-okurlarini-yeni-bir-maceraya-davet-ediyor","status":"publish","type":"post","link":"https:\/\/famelifemagazin.com\/?p=5125","title":{"rendered":"Seda K\u00fc\u00e7\u00fck, \u201cDeli Sarpa\u201d Roman\u0131yla Okurlar\u0131n\u0131 Yeni Bir Maceraya Davet Ediyor&#8230;"},"content":{"rendered":"\n<p><strong>2010 y\u0131l\u0131nda yay\u0131mlanan ilk roman\u0131 Siyah Gelinlik ile toplumsal yaralara ayna tutan yazar Seda K\u00fc\u00e7\u00fck, y\u0131llar i\u00e7inde kaleme ald\u0131\u011f\u0131 g\u00fc\u00e7l\u00fc eserleriyle okurlar\u0131n\u0131 derinlikli hik\u00e2yelere s\u00fcr\u00fckledi. \u201cYazmak benim i\u00e7in bir tutku de\u011fil nefes almak kadar do\u011fal bir ihtiya\u00e7\u201d diyen Seda K\u00fc\u00e7\u00fck, 2025\u2019te yay\u0131mlanan yedinci kitab\u0131 Deli Sarpa ile bir kez daha ad\u0131ndan s\u00f6z ettiriyor.<\/strong><\/p>\n\n\n\n<p>Yazarl\u0131k ser\u00fcvenini \u00e7ocukluk hayallerinden al\u0131p bug\u00fcnlere ta\u015f\u0131yan ve okurlar\u0131n\u0131 g\u00fc\u00e7l\u00fc hik\u00e2yelerle bulu\u015fturan bir kalem Seda K\u00fc\u00e7\u00fck\u2026 \u0130lk kitab\u0131n\u0131 raflarda g\u00f6rd\u00fc\u011f\u00fc anki heyecan\u0131n\u0131, karakter yarat\u0131m\u0131ndaki denge unsurlar\u0131n\u0131, yazma rutininin vazge\u00e7ilmez rit\u00fcellerini ve yarat\u0131c\u0131 t\u0131kan\u0131kl\u0131klar\u0131 a\u015fma yollar\u0131n\u0131 anlatan yazar Seda K\u00fc\u00e7\u00fck, ayn\u0131 zamanda farkl\u0131 t\u00fcrlerde eserler vermenin zorluklar\u0131n\u0131 ve ilham kaynaklar\u0131n\u0131 bizimle payla\u015ft\u0131. Dijitalle\u015fmenin edebiyat \u00fczerindeki etkilerinden, okurlarla kurulan ba\u011f\u0131n yazma s\u00fcrecine katk\u0131lar\u0131na kadar pek \u00e7ok konuda i\u00e7ten bir sohbet sizleri bekliyor.<\/p>\n\n\n\n<p><strong>Yazarl\u0131k ser\u00fcveniniz nas\u0131l ba\u015flad\u0131? Sizi roman yazmaya y\u00f6nlendiren en \u00f6nemli etken neydi?<\/strong><\/p>\n\n\n\n<p>Yazarl\u0131k ser\u00fcvenim, \u00e7ocukluk y\u0131llar\u0131nda okudu\u011fum kitaplar\u0131n b\u00fcy\u00fcs\u00fcne kap\u0131lmamla ba\u015flad\u0131. Hayal g\u00fcc\u00fcm\u00fc k\u00e2\u011f\u0131da d\u00f6kme arzusu zamanla hik\u00e2ye anlatma tutkusuna d\u00f6n\u00fc\u015ft\u00fc. \u0130nsanlar\u0131n duygular\u0131na dokunan, d\u00fc\u015f\u00fcnd\u00fcren ve ilham veren eserler yaratma iste\u011fi beni roman yazmaya y\u00f6nlendirdi.<\/p>\n\n\n\n<p><strong>\u0130lk kitab\u0131n\u0131z\u0131 raflarda g\u00f6rd\u00fc\u011f\u00fcn\u00fczde ve ilk imza g\u00fcn\u00fcn\u00fczde hissettiklerinizi bizimle payla\u015f\u0131r m\u0131s\u0131n\u0131z? O anlar sizin i\u00e7in ne ifade ediyordu?<\/strong><\/p>\n\n\n\n<p>\u0130lk kitab\u0131m\u0131 raflarda g\u00f6rmek, tarif edilemez bir mutluluk ve gurur kayna\u011f\u0131yd\u0131. Y\u0131llarca s\u00fcren eme\u011fin somut bir esere d\u00f6n\u00fc\u015fmesini g\u00f6rmek, hayalimin ger\u00e7ekle\u015fti\u011fini hissettirdi. \u0130lk imza g\u00fcn\u00fcmde okurlar\u0131mla bulu\u015fmak, onlar\u0131n g\u00f6zlerindeki heyecan\u0131 g\u00f6rmek, bana daha fazlas\u0131n\u0131 yazma g\u00fcc\u00fc verdi.<\/p>\n\n\n\n<p><strong>Romanlar\u0131n\u0131z\u0131 yazarken ger\u00e7ek ya\u015famdan m\u0131 ilham al\u0131yorsunuz yoksa kendi deneyimlerinizi kurguya m\u0131 d\u00f6n\u00fc\u015ft\u00fcr\u00fcyorsunuz? Bu yarat\u0131m s\u00fcrecinden biraz bahseder misiniz?<\/strong><\/p>\n\n\n\n<p>Hem ger\u00e7ek ya\u015famdan hem de ki\u015fisel deneyimlerimden ilham al\u0131yorum. G\u00f6zlemledi\u011fim hik\u00e2yeler ve ya\u015fad\u0131klar\u0131m, hayal g\u00fcc\u00fcmle birle\u015ferek farkl\u0131 kurgulara d\u00f6n\u00fc\u015f\u00fcyor. Karakterlerimi ve olay \u00f6rg\u00fcs\u00fcn\u00fc olu\u015ftururken ya\u015fam\u0131n i\u00e7inden detaylar\u0131 harmanlamak bana derinlik kazand\u0131r\u0131yor.<\/p>\n\n\n\n<p><strong>Yazma rutininiz nas\u0131l \u015fekilleniyor? Belirli bir \u00e7al\u0131\u015fma program\u0131n\u0131z veya sizi yazmaya motive eden rit\u00fcelleriniz var m\u0131?<\/strong><\/p>\n\n\n\n<p>Yazma s\u00fcrecimde belirli bir disiplin olu\u015fturmay\u0131 \u00f6nemsiyorum. Sabah erken saatlerde yazmaya ba\u015flamak ve sessiz bir ortamda \u00e7al\u0131\u015fmak verimlili\u011fimi art\u0131r\u0131yor. Kahve e\u015fli\u011finde yazmak, hayal g\u00fcc\u00fcm\u00fc besleyen bir rit\u00fcel h\u00e2line geldi.<\/p>\n\n\n\n<p><strong>\u201cDeli Sarpa\u201d roman\u0131n\u0131zda g\u00fc\u00e7l\u00fc iki kad\u0131n karakter yaratt\u0131n\u0131z. Bu karakterleri kurgularken hangi denge unsurlar\u0131n\u0131 g\u00f6zetiyorsunuz? Karakterlerinizle ne \u00f6l\u00e7\u00fcde \u00f6zde\u015fle\u015fiyorsunuz?<\/strong><\/p>\n\n\n\n<p>Karakterleri olu\u015ftururken onlar\u0131n g\u00fc\u00e7l\u00fc y\u00f6nleri kadar k\u0131r\u0131lgan yanlar\u0131n\u0131 da g\u00f6stermek benim i\u00e7in \u00f6nemliydi. Bu denge, karakterlerin daha ger\u00e7ek\u00e7i ve samimi olmas\u0131n\u0131 sa\u011flad\u0131. Onlar\u0131n ya\u015fad\u0131\u011f\u0131 duygusal dalgalanmalar\u0131 ben de derinden hissediyorum ve zaman zaman kendimle \u00f6zde\u015fle\u015ftiriyorum.<\/p>\n\n\n\n<p><strong>Farkl\u0131 t\u00fcrlerde eserler verdiniz. Okurlar\u0131n\u0131z\u0131n bu t\u00fcr de\u011fi\u015fimlerine tepkileri nas\u0131l oluyor? T\u00fcrler aras\u0131nda ge\u00e7i\u015f yaparken sizi en \u00e7ok ne motive ediyor?<\/strong><\/p>\n\n\n\n<p>Okurlar\u0131m\u0131n t\u00fcr de\u011fi\u015fimlerine olan olumlu tepkileri beni motive ediyor. Farkl\u0131 t\u00fcrlerde yazmak, kendimi ke\u015ffetmemi ve yazarl\u0131k yolculu\u011fumda yeni kap\u0131lar aralamam\u0131 sa\u011fl\u0131yor. Yeniliklere a\u00e7\u0131k olmak yazma s\u00fcrecimi zenginle\u015ftiriyor.<\/p>\n\n\n\n<p><strong>Yazarl\u0131k kariyerinizde tutarl\u0131l\u0131\u011f\u0131 koruman\u0131n ve s\u00fcrd\u00fcr\u00fclebilir bir \u00fcretkenlik yakalaman\u0131n zorluklar\u0131 nelerdir?<\/strong><\/p>\n\n\n\n<p>Yazarl\u0131kta tutarl\u0131l\u0131\u011f\u0131 korumak zaman y\u00f6netimi ve motivasyon gerektiriyor. Zaman zaman yarat\u0131c\u0131 t\u0131kan\u0131kl\u0131klar ya\u015fasam da bu s\u00fcre\u00e7leri a\u015fmak i\u00e7in farkl\u0131 disiplinlerden besleniyorum. Sab\u0131rl\u0131 ve disiplinli olmak, s\u00fcrd\u00fcr\u00fclebilir \u00fcretkenli\u011fin anahtar\u0131.<\/p>\n\n\n\n<p><strong>Yazarl\u0131k hayali kuran gen\u00e7lere hangi tavsiyelerde bulunursunuz? Onlara ilham verecek \u00f6nerileriniz var m\u0131?<\/strong><\/p>\n\n\n\n<p>Kendilerine ve kalemlerine g\u00fcvenmelerini, bol bol okumalar\u0131n\u0131 ve yazmaktan asla vazge\u00e7memelerini tavsiye ederim. Her yazd\u0131klar\u0131 sat\u0131r, onlar\u0131 daha iyi bir yazar yapacakt\u0131r. Sab\u0131rl\u0131 olup hatalardan ders \u00e7\u0131karmak da geli\u015fim i\u00e7in \u00e7ok \u00f6nemli.<\/p>\n\n\n\n<p><strong>Bir ajans sahibi olmak yazarl\u0131k s\u00fcrecinizi nas\u0131l etkiliyor? Bu durum size ilham m\u0131 veriyor yoksa zorluklar m\u0131 yarat\u0131yor?<\/strong><\/p>\n\n\n\n<p>Ajans sahibi olmak yo\u011fun bir tempo gerektiriyor ancak bu s\u00fcre\u00e7 bana farkl\u0131 bak\u0131\u015f a\u00e7\u0131lar\u0131 kazand\u0131r\u0131yor. Zaman y\u00f6netimi a\u00e7\u0131s\u0131ndan zorluklar ya\u015fasam da sekt\u00f6r\u00fcn i\u00e7inden olmak yazarl\u0131\u011f\u0131m\u0131 besliyor ve ilham veriyor.<\/p>\n\n\n\n<p><strong>Yazar olmasayd\u0131n\u0131z hangi mesle\u011fi yapard\u0131n\u0131z? Alternatif bir kariyer hayaliniz var m\u0131yd\u0131?<\/strong><\/p>\n\n\n\n<p>Yazar olmasayd\u0131m psikolojiyle ilgilenmek isterdim. \u0130nsan davran\u0131\u015flar\u0131n\u0131 ve duygular\u0131n\u0131 anlamak her zaman ilgimi \u00e7ekmi\u015ftir.<\/p>\n\n\n\n<p><strong>G\u00fcnl\u00fck ya\u015fam\u0131n\u0131zda yazmaya ve okumaya ne kadar zaman ay\u0131r\u0131yorsunuz? Bu zaman\u0131 nas\u0131l planl\u0131yorsunuz?<\/strong><\/p>\n\n\n\n<p>G\u00fcn\u00fcm\u00fcn b\u00fcy\u00fck bir k\u0131sm\u0131n\u0131 yazmaya ve okumaya ay\u0131r\u0131yorum. Genellikle sabah saatlerini yaz\u0131ya, ak\u015fam saatlerini ise okumaya ay\u0131rarak dengeli bir rutin olu\u015fturdum.<\/p>\n\n\n\n<p><strong>\u0130lham\u0131n\u0131z\u0131n t\u00fckendi\u011fini hissetti\u011finizde bu durumu nas\u0131l a\u015f\u0131yorsunuz?<\/strong><\/p>\n\n\n\n<p>\u0130lham\u0131m t\u00fckendi\u011finde do\u011fada vakit ge\u00e7irmek, farkl\u0131 t\u00fcrde kitaplar okumak veya k\u0131sa bir mola vermek bana iyi geliyor. Bazen uzakla\u015fmak, yeniden \u00fcretken olman\u0131n en etkili yolu olabiliyor.<\/p>\n\n\n\n<p><strong>Okurlar\u0131n\u0131zla ileti\u015fimde olman\u0131n yazarl\u0131k s\u00fcrecinize nas\u0131l katk\u0131lar\u0131 oluyor?<\/strong><\/p>\n\n\n\n<p>Okurlar\u0131mla ileti\u015fimde olmak, onlar\u0131n beklenti ve yorumlar\u0131n\u0131 duymak yazma motivasyonumu art\u0131r\u0131yor. Okur geri d\u00f6n\u00fc\u015fleri, karakterlerimi ve hik\u00e2yelerimi daha da geli\u015ftirmem i\u00e7in \u00f6nemli bir rehber oluyor.<\/p>\n\n\n\n<p><strong>Dijital platformlar hakk\u0131ndaki d\u00fc\u015f\u00fcnceleriniz nedir? Kitaplar\u0131n dijitalle\u015fmesi yazarl\u0131\u011f\u0131n\u0131z\u0131 nas\u0131l etkiliyor?<\/strong><\/p>\n\n\n\n<p>Dijital platformlar, yazarlara daha geni\u015f bir kitleye ula\u015fma f\u0131rsat\u0131 sunuyor. Kitaplar\u0131n dijitalle\u015fmesi okuma al\u0131\u015fkanl\u0131klar\u0131n\u0131 de\u011fi\u015ftirse de yazarl\u0131k s\u00fcrecime olumlu katk\u0131lar sa\u011fl\u0131yor.<\/p>\n\n\n\n<p><strong>Her Ger\u00e7ek Bir Bedel ve Her A\u015fk Cesaret \u0130ster<\/strong><\/p>\n\n\n\n<p>Hayat\u0131n\u0131n enkaz\u0131n\u0131 toplarken tesad\u00fcfen buldu\u011fu eski bir mektup Kumsal\u2019\u0131 1912\u2019nin ac\u0131 dolu Balkan Harbi\u2019ne ve sakl\u0131 bir aile trajedisinin karanl\u0131klar\u0131na s\u00fcr\u00fckler. A\u00e7\u0131\u011fa \u00e7\u0131kan s\u0131rlar, yaln\u0131zca ge\u00e7mi\u015fin de\u011fil, kendi hayat\u0131n\u0131n da b\u00fcy\u00fck bir yalan \u00fczerine kuruldu\u011funu ortaya \u00e7\u0131kar\u0131r: Bir yanda tarihin tozlu sayfalar\u0131na g\u00f6m\u00fclm\u00fc\u015f haks\u0131zl\u0131klar, di\u011fer yanda kalbini ac\u0131tan ger\u00e7ekler&#8230; \u015eimdi Kumsal, ge\u00e7mi\u015fin sessiz \u00e7\u0131\u011fl\u0131klar\u0131na ses olmak ve kalbine d\u00fc\u015fen beklenmedik bir a\u015fk\u0131 kabullenmek zorundad\u0131r. Ancak her ger\u00e7ek bir bedel ve her a\u015fk cesaret ister&#8230; Deli Sarpa, ge\u00e7mi\u015fle bug\u00fcn\u00fc ustaca bir araya getirirken kay\u0131plar\u0131n, affetmenin ve yeniden do\u011fu\u015fun hik\u00e2yesini derin bir duygu yo\u011funlu\u011fuyla anlat\u0131yor. Bu roman, sizi yaln\u0131zca tarihin tozlu sayfalar\u0131na g\u00f6t\u00fcrmeyecek, kalbinizin en kuytu k\u00f6\u015felerinde sakl\u0131 cesaretle de y\u00fczle\u015ftirecek.<\/p>\n\n\n\n<p><strong>\u201cYazmak, Hayat\u0131m\u0131n Vazge\u00e7ilmez Bir Par\u00e7as\u0131\u201d<\/strong><\/p>\n\n\n\n<p>Seda K\u00fc\u00e7\u00fck, \u0130stanbul\u2019da do\u011fdu. 2002 y\u0131l\u0131nda Trakya \u00dcniversitesi Seramik, Cam ve \u00c7inicilik B\u00f6l\u00fcm\u00fc\u2019nden mezun oldu. Mezuniyetinin ard\u0131ndan iki y\u0131l boyunca Topkap\u0131 Saray\u0131, Ayasofya ve Harbiye Askeri M\u00fczesi\u2019nde \u201ckalemk\u00e2r\u201d olarak g\u00f6rev yapt\u0131. Sanatla ge\u00e7en bu y\u0131llar, onun estetik bak\u0131\u015f a\u00e7\u0131s\u0131n\u0131 \u015fekillendirmesinde ve hayata farkl\u0131 bir pencereden bakmas\u0131nda \u00f6nemli bir rol oynad\u0131.<\/p>\n\n\n\n<p>Yazmay\u0131 hayat\u0131n\u0131n vazge\u00e7ilmez bir par\u00e7as\u0131 olarak g\u00f6ren Seda K\u00fc\u00e7\u00fck, 2010 y\u0131l\u0131nda yay\u0131mlanan ilk roman\u0131 Siyah Gelinlik ile edebiyat d\u00fcnyas\u0131na ad\u0131m att\u0131. Bir ailenin dram\u0131n\u0131 ve \u201c\u00e7ocuk anneler\u201d sorununu ele ald\u0131\u011f\u0131 bu eser hem okuyucular\u0131n hem de ele\u015ftirmenlerin dikkatini \u00e7ekti. Daha sonra farkl\u0131 temalarda kaleme ald\u0131\u011f\u0131 eserleriyle edebiyat kariyerini ba\u015far\u0131yla s\u00fcrd\u00fcrd\u00fc. Bug\u00fcne kadar \u015fu eserleri yay\u0131mland\u0131:<\/p>\n\n\n\n<p>Siyah Gelinlik (2010), Yabanc\u0131 Ses (2011), Yoksul Ruh (2014),<\/p>\n\n\n\n<p>\u00d6znesi Sen (2016), Sar\u0131 Yaz (2017), D\u00fc\u015f Yakamdan (2020),<\/p>\n\n\n\n<p>Deli Sarpa (2025)<\/p>\n\n\n\n<p>Yazarl\u0131k kariyeri boyunca ald\u0131\u011f\u0131 olumlu geri d\u00f6n\u00fc\u015fler ve kazand\u0131\u011f\u0131 \u00f6d\u00fcller, motivasyonunu her zaman art\u0131rd\u0131. Bu \u00f6d\u00fcller aras\u0131nda:<\/p>\n\n\n\n<p>2018 y\u0131l\u0131nda Siyah Gelinlik ile \u201cDram Roman\u201d dal\u0131nda Alt\u0131n Kalem \u00d6d\u00fcl\u00fc, 2022 y\u0131l\u0131nda D\u00fc\u015f Yakamdan ile \u201cRomantik Komedi Roman\u201d dal\u0131nda Alt\u0131n Kalem \u00d6d\u00fcl\u00fc, 2024 y\u0131l\u0131nda Roman dal\u0131nda Alt\u0131n Yazar \u00d6d\u00fcl\u00fc bulunuyor.<\/p>\n\n\n\n<p>2015 y\u0131l\u0131nda \u201cYabanc\u0131 Ses\u201d isimli prod\u00fcksiyon \u015firketini kuran K\u00fc\u00e7\u00fck, bu \u015firkette profesyonel ekibiyle \u015firketlere \u00f6zel kurumsal dergiler haz\u0131rlay\u0131p yay\u0131ml\u0131yor. Ayr\u0131ca, gazeteci e\u015fi Mustafa K\u00fc\u00e7\u00fck ile 2021 y\u0131l\u0131ndan bu yana BODRUM Dergi \u2019yi yay\u0131ml\u0131yor.<\/p>\n\n\n\n<figure class=\"wp-block-gallery has-nested-images columns-default is-cropped wp-block-gallery-1 is-layout-flex wp-block-gallery-is-layout-flex\">\n<figure class=\"wp-block-image size-large\"><img loading=\"lazy\" decoding=\"async\" width=\"1024\" height=\"682\" data-id=\"5126\" src=\"https:\/\/famelifemagazin.com\/wp-content\/uploads\/2025\/01\/Seda-Kucuk-Fuar_175712239-1024x682.jpg\" alt=\"\" class=\"wp-image-5126\" srcset=\"https:\/\/famelifemagazin.com\/wp-content\/uploads\/2025\/01\/Seda-Kucuk-Fuar_175712239-1024x682.jpg 1024w, https:\/\/famelifemagazin.com\/wp-content\/uploads\/2025\/01\/Seda-Kucuk-Fuar_175712239-300x200.jpg 300w, https:\/\/famelifemagazin.com\/wp-content\/uploads\/2025\/01\/Seda-Kucuk-Fuar_175712239-768x512.jpg 768w, https:\/\/famelifemagazin.com\/wp-content\/uploads\/2025\/01\/Seda-Kucuk-Fuar_175712239.jpg 1280w\" sizes=\"auto, (max-width: 1024px) 100vw, 1024px\" \/><\/figure>\n\n\n\n<figure class=\"wp-block-image size-large\"><img loading=\"lazy\" decoding=\"async\" width=\"1024\" height=\"682\" data-id=\"5127\" src=\"https:\/\/famelifemagazin.com\/wp-content\/uploads\/2025\/01\/Seda-Kucuk-Imza_175712146-1024x682.jpg\" alt=\"\" class=\"wp-image-5127\" srcset=\"https:\/\/famelifemagazin.com\/wp-content\/uploads\/2025\/01\/Seda-Kucuk-Imza_175712146-1024x682.jpg 1024w, https:\/\/famelifemagazin.com\/wp-content\/uploads\/2025\/01\/Seda-Kucuk-Imza_175712146-300x200.jpg 300w, https:\/\/famelifemagazin.com\/wp-content\/uploads\/2025\/01\/Seda-Kucuk-Imza_175712146-768x512.jpg 768w, https:\/\/famelifemagazin.com\/wp-content\/uploads\/2025\/01\/Seda-Kucuk-Imza_175712146.jpg 1280w\" sizes=\"auto, (max-width: 1024px) 100vw, 1024px\" \/><\/figure>\n<\/figure>\n\n\n\n<figure class=\"wp-block-gallery has-nested-images columns-default is-cropped wp-block-gallery-2 is-layout-flex wp-block-gallery-is-layout-flex\">\n<figure class=\"wp-block-image size-large\"><img loading=\"lazy\" decoding=\"async\" width=\"682\" height=\"1024\" data-id=\"5128\" src=\"https:\/\/famelifemagazin.com\/wp-content\/uploads\/2025\/01\/Seda-Kucuk4_175712490-682x1024.jpg\" alt=\"\" class=\"wp-image-5128\" srcset=\"https:\/\/famelifemagazin.com\/wp-content\/uploads\/2025\/01\/Seda-Kucuk4_175712490-682x1024.jpg 682w, https:\/\/famelifemagazin.com\/wp-content\/uploads\/2025\/01\/Seda-Kucuk4_175712490-200x300.jpg 200w, https:\/\/famelifemagazin.com\/wp-content\/uploads\/2025\/01\/Seda-Kucuk4_175712490-768x1152.jpg 768w, https:\/\/famelifemagazin.com\/wp-content\/uploads\/2025\/01\/Seda-Kucuk4_175712490.jpg 853w\" sizes=\"auto, (max-width: 682px) 100vw, 682px\" \/><\/figure>\n\n\n\n<figure class=\"wp-block-image size-large\"><img loading=\"lazy\" decoding=\"async\" width=\"576\" height=\"1024\" data-id=\"5129\" src=\"https:\/\/famelifemagazin.com\/wp-content\/uploads\/2025\/01\/Altin-Yazar-Odulleri_175712099-576x1024.jpg\" alt=\"\" class=\"wp-image-5129\" srcset=\"https:\/\/famelifemagazin.com\/wp-content\/uploads\/2025\/01\/Altin-Yazar-Odulleri_175712099-576x1024.jpg 576w, https:\/\/famelifemagazin.com\/wp-content\/uploads\/2025\/01\/Altin-Yazar-Odulleri_175712099-169x300.jpg 169w, https:\/\/famelifemagazin.com\/wp-content\/uploads\/2025\/01\/Altin-Yazar-Odulleri_175712099.jpg 720w\" sizes=\"auto, (max-width: 576px) 100vw, 576px\" \/><\/figure>\n<\/figure>\n","protected":false},"excerpt":{"rendered":"<p>2010 y\u0131l\u0131nda yay\u0131mlanan ilk roman\u0131 Siyah Gelinlik ile toplumsal yaralara ayna tutan yazar Seda K\u00fc\u00e7\u00fck, y\u0131llar i\u00e7inde kaleme ald\u0131\u011f\u0131 g\u00fc\u00e7l\u00fc eserleriyle okurlar\u0131n\u0131 derinlikli hik\u00e2yelere s\u00fcr\u00fckledi. \u201cYazmak benim i\u00e7in bir tutku de\u011fil nefes almak kadar do\u011fal bir ihtiya\u00e7\u201d diyen Seda K\u00fc\u00e7\u00fck, 2025\u2019te yay\u0131mlanan yedinci kitab\u0131 Deli Sarpa ile bir kez daha ad\u0131ndan s\u00f6z ettiriyor. Yazarl\u0131k ser\u00fcvenini [&hellip;]<\/p>\n","protected":false},"author":1,"featured_media":5130,"comment_status":"open","ping_status":"open","sticky":false,"template":"","format":"standard","meta":{"footnotes":""},"categories":[19,3],"tags":[],"class_list":["post-5125","post","type-post","status-publish","format-standard","has-post-thumbnail","hentry","category-kitap","category-son-haberler"],"_links":{"self":[{"href":"https:\/\/famelifemagazin.com\/index.php?rest_route=\/wp\/v2\/posts\/5125","targetHints":{"allow":["GET"]}}],"collection":[{"href":"https:\/\/famelifemagazin.com\/index.php?rest_route=\/wp\/v2\/posts"}],"about":[{"href":"https:\/\/famelifemagazin.com\/index.php?rest_route=\/wp\/v2\/types\/post"}],"author":[{"embeddable":true,"href":"https:\/\/famelifemagazin.com\/index.php?rest_route=\/wp\/v2\/users\/1"}],"replies":[{"embeddable":true,"href":"https:\/\/famelifemagazin.com\/index.php?rest_route=%2Fwp%2Fv2%2Fcomments&post=5125"}],"version-history":[{"count":1,"href":"https:\/\/famelifemagazin.com\/index.php?rest_route=\/wp\/v2\/posts\/5125\/revisions"}],"predecessor-version":[{"id":5131,"href":"https:\/\/famelifemagazin.com\/index.php?rest_route=\/wp\/v2\/posts\/5125\/revisions\/5131"}],"wp:featuredmedia":[{"embeddable":true,"href":"https:\/\/famelifemagazin.com\/index.php?rest_route=\/wp\/v2\/media\/5130"}],"wp:attachment":[{"href":"https:\/\/famelifemagazin.com\/index.php?rest_route=%2Fwp%2Fv2%2Fmedia&parent=5125"}],"wp:term":[{"taxonomy":"category","embeddable":true,"href":"https:\/\/famelifemagazin.com\/index.php?rest_route=%2Fwp%2Fv2%2Fcategories&post=5125"},{"taxonomy":"post_tag","embeddable":true,"href":"https:\/\/famelifemagazin.com\/index.php?rest_route=%2Fwp%2Fv2%2Ftags&post=5125"}],"curies":[{"name":"wp","href":"https:\/\/api.w.org\/{rel}","templated":true}]}}