{"id":5113,"date":"2025-01-15T12:45:00","date_gmt":"2025-01-15T12:45:00","guid":{"rendered":"https:\/\/famelifemagazin.com\/?p=5113"},"modified":"2025-01-15T12:45:01","modified_gmt":"2025-01-15T12:45:01","slug":"unlu-manken-duygu-cakmaktan-balkan-cikarmasi","status":"publish","type":"post","link":"https:\/\/famelifemagazin.com\/?p=5113","title":{"rendered":"\u00dcNL\u00dc MANKEN DUYGU \u00c7AKMAK&#8217;TAN BALKAN \u00c7IKARMASI&#8230;"},"content":{"rendered":"\n<p><strong>\u00dcNL\u00dc MANKEN DUYGU \u00c7AKMAK&#8217;TAN BALKAN \u00c7IKARMASI; MAKEDONYA&#8217;DA OBJEKT\u0130FLER\u0130N KAR\u015eISINA GE\u00c7T\u0130&#8230;<\/strong><\/p>\n\n\n\n<p><strong>T\u00fcrkiye&#8217;nin \u00f6nde gelen mankenlerinden Duygu \u00c7akmak, uluslararas\u0131 kariyerinde \u00f6nemli bir ad\u0131m atarak Balkanlar&#8217;a a\u00e7\u0131ld\u0131. D\u00fcnya podyumlar\u0131nda ad\u0131ndan s\u0131k\u00e7a s\u00f6z ettiren \u00c7akmak, son olarak Makedonya&#8217;da foto\u011fraf sanat\u00e7\u0131s\u0131 Enis Banderas Tollumi&#8217;nin objektifinin kar\u015f\u0131s\u0131na ge\u00e7ti.<\/strong><\/p>\n\n\n\n<p>G\u00fczelli\u011fi ve profesyonelli\u011fiyle d\u00fcnya \u00e7ap\u0131nda bir\u00e7okajans\u0131n dikkatini \u00e7eken \u00fcnl\u00fc manken Duygu \u00c7akmak, Balkanlar\u0131n sayg\u0131nfoto\u011fraf\u00e7\u0131lar\u0131ndan Enis Banderas Tollumi&#8217;nin objektifine poz verdi.<\/p>\n\n\n\n<p>Eksi dokuzderecede Makedonya&#8217;da yap\u0131lan \u00e7ekimler, so\u011fu\u011fa ra\u011fmen b\u00fcy\u00fcleyici karelerlesonu\u00e7land\u0131. Duygu \u00c7akmak, \u00e7ekimlerin kendisi i\u00e7in \u00e7ok keyifli ge\u00e7ti\u011finibelirterek &#8220;Balkanlar&#8217;\u0131n enfes atmosferinde b\u00f6ylesine yetenekli bir ekiple\u00e7al\u0131\u015fmaktan dolay\u0131 \u00e7ok mutluyum.<\/p>\n\n\n\n<p>Enis Banderas Tollumi&#8217;nin vizyonu veprofesyonelli\u011fi \u00e7ekimleri unutulmaz bir deneyime d\u00f6n\u00fc\u015ft\u00fcrd\u00fc. Bu projenin hemkariyerim hem de Balkanlar&#8217;daki moda end\u00fcstrisi i\u00e7in \u00f6nemli bir ad\u0131m oldu\u011funainan\u0131yorum&#8221; ifadelerini kulland\u0131.<\/p>\n\n\n\n<p>Makedonya&#8217;daki ba\u015far\u0131l\u0131 performans\u0131yla dikkatleri\u00fczerine \u00e7eken Duygu \u00c7akmak, Balkanlar&#8217;daki kariyerine h\u0131z kesmeden devamedecek. Ba\u015far\u0131l\u0131 mankenin Kosova ve Arnavutluk&#8217;ta da bir\u00e7ok \u00f6nemli marka ileyeni projeler i\u00e7in g\u00f6r\u00fc\u015fmelerde bulundu\u011fu \u00f6\u011frenildi.<\/p>\n\n\n\n<p>DUYGU \u00c7AKMAK K\u0130MD\u0130R?<\/p>\n\n\n\n<p>Duygu \u00c7akmak, 1995 y\u0131l\u0131nda Kocaeli\u2019de do\u011fdu. \u00dc\u00e7\u00e7ocuklu bir ailenin ortanca \u00e7ocu\u011fu olarak b\u00fcy\u00fcyen \u00c7akmak, e\u011fitim hayat\u0131n\u0131\u0130zmit\u2019te tamamlam\u0131\u015f ve daha sonra \u0130stanbul\u2019a yerle\u015fmi\u015ftir. Sakarya\u00dcniversitesi\u2019nde Halkla \u0130li\u015fkiler B\u00f6l\u00fcm\u00fcnden mezun olan \u00c7akmak, Sakarya\u00dcniversitesi Toplumsal Bilimler Enstit\u00fcs\u00fc \u0130leti\u015fim Bilimleri Anabilim Dal\u0131\u2019ndada y\u00fcksek lisans yapm\u0131\u015ft\u0131r.<\/p>\n\n\n\n<p>Duygu \u00c7akmak 2021 y\u0131l\u0131nda Miss Europe G\u00fczellikYar\u0131\u015fmas\u0131\u2019nda \u00fclkemizi temsil etti. Yar\u0131\u015fmay\u0131 \u00fc\u00e7\u00fcnc\u00fc tamamlad\u0131. D\u00f6rt y\u0131ld\u0131rprofesyonel modellik yapan Duygu \u00c7akmak, d\u00fcnyan\u0131n bir\u00e7ok yerinde de mankenlikfaaliyetleri y\u00fcr\u00fct\u00fcyor.<\/p>\n\n\n\n<p>\u00c7akmak, \u0130ngilizce ve Almanca biliyor.<\/p>\n\n\n\n<figure class=\"wp-block-gallery has-nested-images columns-default is-cropped wp-block-gallery-1 is-layout-flex wp-block-gallery-is-layout-flex\">\n<figure class=\"wp-block-image size-large\"><img loading=\"lazy\" decoding=\"async\" width=\"683\" height=\"1024\" data-id=\"5114\" src=\"https:\/\/famelifemagazin.com\/wp-content\/uploads\/2025\/01\/WhatsApp-Image-2025-01-15-at-14.47.25_145902243-683x1024.jpeg\" alt=\"\" class=\"wp-image-5114\" srcset=\"https:\/\/famelifemagazin.com\/wp-content\/uploads\/2025\/01\/WhatsApp-Image-2025-01-15-at-14.47.25_145902243-683x1024.jpeg 683w, https:\/\/famelifemagazin.com\/wp-content\/uploads\/2025\/01\/WhatsApp-Image-2025-01-15-at-14.47.25_145902243-200x300.jpeg 200w, https:\/\/famelifemagazin.com\/wp-content\/uploads\/2025\/01\/WhatsApp-Image-2025-01-15-at-14.47.25_145902243-768x1151.jpeg 768w, https:\/\/famelifemagazin.com\/wp-content\/uploads\/2025\/01\/WhatsApp-Image-2025-01-15-at-14.47.25_145902243-1025x1536.jpeg 1025w, https:\/\/famelifemagazin.com\/wp-content\/uploads\/2025\/01\/WhatsApp-Image-2025-01-15-at-14.47.25_145902243.jpeg 1366w\" sizes=\"auto, (max-width: 683px) 100vw, 683px\" \/><\/figure>\n\n\n\n<figure class=\"wp-block-image size-large\"><img loading=\"lazy\" decoding=\"async\" width=\"683\" height=\"1024\" data-id=\"5116\" src=\"https:\/\/famelifemagazin.com\/wp-content\/uploads\/2025\/01\/WhatsApp-Image-2025-01-15-at-14.47.24-1_145902086-683x1024.jpeg\" alt=\"\" class=\"wp-image-5116\" srcset=\"https:\/\/famelifemagazin.com\/wp-content\/uploads\/2025\/01\/WhatsApp-Image-2025-01-15-at-14.47.24-1_145902086-683x1024.jpeg 683w, https:\/\/famelifemagazin.com\/wp-content\/uploads\/2025\/01\/WhatsApp-Image-2025-01-15-at-14.47.24-1_145902086-200x300.jpeg 200w, https:\/\/famelifemagazin.com\/wp-content\/uploads\/2025\/01\/WhatsApp-Image-2025-01-15-at-14.47.24-1_145902086-768x1151.jpeg 768w, https:\/\/famelifemagazin.com\/wp-content\/uploads\/2025\/01\/WhatsApp-Image-2025-01-15-at-14.47.24-1_145902086-1025x1536.jpeg 1025w, https:\/\/famelifemagazin.com\/wp-content\/uploads\/2025\/01\/WhatsApp-Image-2025-01-15-at-14.47.24-1_145902086.jpeg 1366w\" sizes=\"auto, (max-width: 683px) 100vw, 683px\" \/><\/figure>\n\n\n\n<figure class=\"wp-block-image size-large\"><img loading=\"lazy\" decoding=\"async\" width=\"683\" height=\"1024\" data-id=\"5115\" src=\"https:\/\/famelifemagazin.com\/wp-content\/uploads\/2025\/01\/WhatsApp-Image-2025-01-15-at-14.47.24_145901960-683x1024.jpeg\" alt=\"\" class=\"wp-image-5115\" srcset=\"https:\/\/famelifemagazin.com\/wp-content\/uploads\/2025\/01\/WhatsApp-Image-2025-01-15-at-14.47.24_145901960-683x1024.jpeg 683w, https:\/\/famelifemagazin.com\/wp-content\/uploads\/2025\/01\/WhatsApp-Image-2025-01-15-at-14.47.24_145901960-200x300.jpeg 200w, https:\/\/famelifemagazin.com\/wp-content\/uploads\/2025\/01\/WhatsApp-Image-2025-01-15-at-14.47.24_145901960-768x1151.jpeg 768w, https:\/\/famelifemagazin.com\/wp-content\/uploads\/2025\/01\/WhatsApp-Image-2025-01-15-at-14.47.24_145901960-1025x1536.jpeg 1025w, https:\/\/famelifemagazin.com\/wp-content\/uploads\/2025\/01\/WhatsApp-Image-2025-01-15-at-14.47.24_145901960.jpeg 1366w\" sizes=\"auto, (max-width: 683px) 100vw, 683px\" \/><\/figure>\n<\/figure>\n","protected":false},"excerpt":{"rendered":"<p>\u00dcNL\u00dc MANKEN DUYGU \u00c7AKMAK&#8217;TAN BALKAN \u00c7IKARMASI; MAKEDONYA&#8217;DA OBJEKT\u0130FLER\u0130N KAR\u015eISINA GE\u00c7T\u0130&#8230; T\u00fcrkiye&#8217;nin \u00f6nde gelen mankenlerinden Duygu \u00c7akmak, uluslararas\u0131 kariyerinde \u00f6nemli bir ad\u0131m atarak Balkanlar&#8217;a a\u00e7\u0131ld\u0131. D\u00fcnya podyumlar\u0131nda ad\u0131ndan s\u0131k\u00e7a s\u00f6z ettiren \u00c7akmak, son olarak Makedonya&#8217;da foto\u011fraf sanat\u00e7\u0131s\u0131 Enis Banderas Tollumi&#8217;nin objektifinin kar\u015f\u0131s\u0131na ge\u00e7ti. G\u00fczelli\u011fi ve profesyonelli\u011fiyle d\u00fcnya \u00e7ap\u0131nda bir\u00e7okajans\u0131n dikkatini \u00e7eken \u00fcnl\u00fc manken Duygu \u00c7akmak, Balkanlar\u0131n [&hellip;]<\/p>\n","protected":false},"author":1,"featured_media":5117,"comment_status":"open","ping_status":"open","sticky":false,"template":"","format":"standard","meta":{"footnotes":""},"categories":[4,3],"tags":[],"class_list":["post-5113","post","type-post","status-publish","format-standard","has-post-thumbnail","hentry","category-magazin","category-son-haberler"],"_links":{"self":[{"href":"https:\/\/famelifemagazin.com\/index.php?rest_route=\/wp\/v2\/posts\/5113","targetHints":{"allow":["GET"]}}],"collection":[{"href":"https:\/\/famelifemagazin.com\/index.php?rest_route=\/wp\/v2\/posts"}],"about":[{"href":"https:\/\/famelifemagazin.com\/index.php?rest_route=\/wp\/v2\/types\/post"}],"author":[{"embeddable":true,"href":"https:\/\/famelifemagazin.com\/index.php?rest_route=\/wp\/v2\/users\/1"}],"replies":[{"embeddable":true,"href":"https:\/\/famelifemagazin.com\/index.php?rest_route=%2Fwp%2Fv2%2Fcomments&post=5113"}],"version-history":[{"count":1,"href":"https:\/\/famelifemagazin.com\/index.php?rest_route=\/wp\/v2\/posts\/5113\/revisions"}],"predecessor-version":[{"id":5118,"href":"https:\/\/famelifemagazin.com\/index.php?rest_route=\/wp\/v2\/posts\/5113\/revisions\/5118"}],"wp:featuredmedia":[{"embeddable":true,"href":"https:\/\/famelifemagazin.com\/index.php?rest_route=\/wp\/v2\/media\/5117"}],"wp:attachment":[{"href":"https:\/\/famelifemagazin.com\/index.php?rest_route=%2Fwp%2Fv2%2Fmedia&parent=5113"}],"wp:term":[{"taxonomy":"category","embeddable":true,"href":"https:\/\/famelifemagazin.com\/index.php?rest_route=%2Fwp%2Fv2%2Fcategories&post=5113"},{"taxonomy":"post_tag","embeddable":true,"href":"https:\/\/famelifemagazin.com\/index.php?rest_route=%2Fwp%2Fv2%2Ftags&post=5113"}],"curies":[{"name":"wp","href":"https:\/\/api.w.org\/{rel}","templated":true}]}}