{"id":5082,"date":"2025-01-13T08:47:11","date_gmt":"2025-01-13T08:47:11","guid":{"rendered":"https:\/\/famelifemagazin.com\/?p=5082"},"modified":"2025-01-13T09:09:36","modified_gmt":"2025-01-13T09:09:36","slug":"ummu-erbilin-61-teklisi-nese-karabocek-sarkisi","status":"publish","type":"post","link":"https:\/\/famelifemagazin.com\/?p=5082","title":{"rendered":"\u00dcMM\u00dc ERB\u0130L&#8217;\u0130N 61. TEKL\u0130S\u0130 NE\u015eE KARAB\u00d6CEK \u015eARKISI"},"content":{"rendered":"\n<p>\u00dcnl\u00fc sanat\u00e7\u0131 \u00dcmm\u00fc Erbil, 61. Tekli \u015fark\u0131s\u0131n\u0131 sevenleriyle bulu\u015fturdu. M\u00fczik d\u00fcnyas\u0131nda her tarz\u0131n sanat\u00e7\u0131s\u0131 oldu\u011funu dile getiren \u00dcmm\u00fc Erbil, m\u00fczi\u011fin efsane ismi Ne\u015fe Karab\u00f6cek\u2019in yorumlad\u0131\u011f\u0131\u00a0<a>\u201cDemiyom mu\u201d\u00a0<\/a>isimli eseri kendi tarz\u0131nda seslendirdi. <\/p>\n\n\n\n<p>\u201cDemiyom mu\u201d isimli s\u00f6z ve m\u00fczi\u011fi Ne\u015fe Karab\u00f6cek imzas\u0131 ta\u015f\u0131yan eseri H\u00fcseyin \u00c7eliker aranj\u00f6rl\u00fc\u011f\u00fcnde halk m\u00fczi\u011fi format\u0131ndaki ezgileri, pop\u00fcler aranje \u00f6\u011feleriyle birle\u015ftirerek toplumun her kesiminde kabul g\u00f6rebilecek ve keyifle dinlenebilecek bir hale getirmeye \u00e7al\u0131\u015ft\u0131klar\u0131n\u0131 s\u00f6zlerine ekleyen \u00dcmm\u00fc Erbil yeni \u00e7al\u0131\u015fmas\u0131n\u0131n ba\u015far\u0131s\u0131ndan emin. <\/p>\n\n\n\n<p>Fatih Bedir y\u00f6netmenli\u011finde st\u00fcdyo ortam\u0131nda \u00dcmm\u00fc Erbil performans\u0131 ile klip \u00e7al\u0131\u015fmas\u0131 yap\u0131l\u0131rken ba\u015far\u0131l\u0131 yorumcu \u00e7ok obje ve ilgi da\u011f\u0131tacak resimlerden ka\u00e7\u0131nd\u0131k amac\u0131m\u0131z t\u00fcm dikkat \u015fark\u0131da olsun istedik vurgusunu yapt\u0131. Hayallerinden biride Ne\u015fe Karab\u00f6cek \u015fark\u0131s\u0131n\u0131 yorumlay\u0131p onunla birlikte kamera kar\u015f\u0131s\u0131na ge\u00e7ip klip \u00e7al\u0131\u015fmas\u0131nda birlikte olmak oldu\u011funu dile getiren \u00dcmm\u00fc Erbil, \u201cUnutulmaya y\u00fcz tutan eserleri g\u00fcndemde tutmak unutturmamak ve de ge\u00e7mi\u015fteki m\u00fczik anlay\u0131\u015f\u0131m\u0131za bakarak gelece\u011fe y\u00f6n vermek a\u00e7\u0131s\u0131ndan bir d\u00f6nemin \u00f6nemli eserlerini yeni saund ile g\u00fcncellemeyi \u00f6nemli buluyorum\u201d dedi.<\/p>\n\n\n\n<p>\u00dcMM\u00dc ERB\u0130L \u201cDemiyom mu\u201d KL\u0130P L\u0130NK<\/p>\n\n\n\n<figure class=\"wp-block-embed is-type-video is-provider-youtube wp-block-embed-youtube wp-embed-aspect-16-9 wp-has-aspect-ratio\"><div class=\"wp-block-embed__wrapper\">\n<iframe loading=\"lazy\" title=\"\u00dcmm\u00fc Erbil - Demiyom Mu  #kesfetteyiz #m\u00fczik #nesekarabocek #yeniklip\" width=\"696\" height=\"392\" src=\"https:\/\/www.youtube.com\/embed\/hi2GnNPT24M?feature=oembed\" frameborder=\"0\" allow=\"accelerometer; autoplay; clipboard-write; encrypted-media; gyroscope; picture-in-picture; web-share\" referrerpolicy=\"strict-origin-when-cross-origin\" allowfullscreen><\/iframe>\n<\/div><\/figure>\n\n\n\n<figure class=\"wp-block-gallery has-nested-images columns-default is-cropped wp-block-gallery-1 is-layout-flex wp-block-gallery-is-layout-flex\">\n<figure class=\"wp-block-image size-large\"><img loading=\"lazy\" decoding=\"async\" width=\"1024\" height=\"683\" data-id=\"5083\" src=\"https:\/\/famelifemagazin.com\/wp-content\/uploads\/2025\/01\/ummu-erbil-n-1024x683.jpg\" alt=\"\" class=\"wp-image-5083\" srcset=\"https:\/\/famelifemagazin.com\/wp-content\/uploads\/2025\/01\/ummu-erbil-n-1024x683.jpg 1024w, https:\/\/famelifemagazin.com\/wp-content\/uploads\/2025\/01\/ummu-erbil-n-300x200.jpg 300w, https:\/\/famelifemagazin.com\/wp-content\/uploads\/2025\/01\/ummu-erbil-n-768x512.jpg 768w, https:\/\/famelifemagazin.com\/wp-content\/uploads\/2025\/01\/ummu-erbil-n-1536x1025.jpg 1536w, https:\/\/famelifemagazin.com\/wp-content\/uploads\/2025\/01\/ummu-erbil-n-2048x1366.jpg 2048w\" sizes=\"auto, (max-width: 1024px) 100vw, 1024px\" \/><\/figure>\n\n\n\n<figure class=\"wp-block-image size-large\"><img loading=\"lazy\" decoding=\"async\" width=\"1024\" height=\"683\" data-id=\"5084\" src=\"https:\/\/famelifemagazin.com\/wp-content\/uploads\/2025\/01\/ummu-erbil-n1-1024x683.jpg\" alt=\"\" class=\"wp-image-5084\" srcset=\"https:\/\/famelifemagazin.com\/wp-content\/uploads\/2025\/01\/ummu-erbil-n1-1024x683.jpg 1024w, https:\/\/famelifemagazin.com\/wp-content\/uploads\/2025\/01\/ummu-erbil-n1-300x200.jpg 300w, https:\/\/famelifemagazin.com\/wp-content\/uploads\/2025\/01\/ummu-erbil-n1-768x512.jpg 768w, https:\/\/famelifemagazin.com\/wp-content\/uploads\/2025\/01\/ummu-erbil-n1-1536x1025.jpg 1536w, https:\/\/famelifemagazin.com\/wp-content\/uploads\/2025\/01\/ummu-erbil-n1-2048x1366.jpg 2048w\" sizes=\"auto, (max-width: 1024px) 100vw, 1024px\" \/><\/figure>\n<\/figure>\n\n\n<div class=\"wp-block-image\">\n<figure class=\"aligncenter size-large is-resized\"><img loading=\"lazy\" decoding=\"async\" width=\"683\" height=\"1024\" src=\"https:\/\/famelifemagazin.com\/wp-content\/uploads\/2025\/01\/UMMU-ERBIL-N2-683x1024.jpg\" alt=\"\" class=\"wp-image-5085\" style=\"width:456px;height:auto\" srcset=\"https:\/\/famelifemagazin.com\/wp-content\/uploads\/2025\/01\/UMMU-ERBIL-N2-683x1024.jpg 683w, https:\/\/famelifemagazin.com\/wp-content\/uploads\/2025\/01\/UMMU-ERBIL-N2-200x300.jpg 200w, https:\/\/famelifemagazin.com\/wp-content\/uploads\/2025\/01\/UMMU-ERBIL-N2-768x1151.jpg 768w, https:\/\/famelifemagazin.com\/wp-content\/uploads\/2025\/01\/UMMU-ERBIL-N2-1025x1536.jpg 1025w, https:\/\/famelifemagazin.com\/wp-content\/uploads\/2025\/01\/UMMU-ERBIL-N2-1366x2048.jpg 1366w, https:\/\/famelifemagazin.com\/wp-content\/uploads\/2025\/01\/UMMU-ERBIL-N2-scaled.jpg 1708w\" sizes=\"auto, (max-width: 683px) 100vw, 683px\" \/><\/figure>\n<\/div>","protected":false},"excerpt":{"rendered":"<p>\u00dcnl\u00fc sanat\u00e7\u0131 \u00dcmm\u00fc Erbil, 61. Tekli \u015fark\u0131s\u0131n\u0131 sevenleriyle bulu\u015fturdu. M\u00fczik d\u00fcnyas\u0131nda her tarz\u0131n sanat\u00e7\u0131s\u0131 oldu\u011funu dile getiren \u00dcmm\u00fc Erbil, m\u00fczi\u011fin efsane ismi Ne\u015fe Karab\u00f6cek\u2019in yorumlad\u0131\u011f\u0131\u00a0\u201cDemiyom mu\u201d\u00a0isimli eseri kendi tarz\u0131nda seslendirdi. \u201cDemiyom mu\u201d isimli s\u00f6z ve m\u00fczi\u011fi Ne\u015fe Karab\u00f6cek imzas\u0131 ta\u015f\u0131yan eseri H\u00fcseyin \u00c7eliker aranj\u00f6rl\u00fc\u011f\u00fcnde halk m\u00fczi\u011fi format\u0131ndaki ezgileri, pop\u00fcler aranje \u00f6\u011feleriyle birle\u015ftirerek toplumun her kesiminde [&hellip;]<\/p>\n","protected":false},"author":1,"featured_media":5084,"comment_status":"open","ping_status":"open","sticky":false,"template":"","format":"standard","meta":{"footnotes":""},"categories":[7,3],"tags":[],"class_list":["post-5082","post","type-post","status-publish","format-standard","has-post-thumbnail","hentry","category-muzik","category-son-haberler"],"_links":{"self":[{"href":"https:\/\/famelifemagazin.com\/index.php?rest_route=\/wp\/v2\/posts\/5082","targetHints":{"allow":["GET"]}}],"collection":[{"href":"https:\/\/famelifemagazin.com\/index.php?rest_route=\/wp\/v2\/posts"}],"about":[{"href":"https:\/\/famelifemagazin.com\/index.php?rest_route=\/wp\/v2\/types\/post"}],"author":[{"embeddable":true,"href":"https:\/\/famelifemagazin.com\/index.php?rest_route=\/wp\/v2\/users\/1"}],"replies":[{"embeddable":true,"href":"https:\/\/famelifemagazin.com\/index.php?rest_route=%2Fwp%2Fv2%2Fcomments&post=5082"}],"version-history":[{"count":1,"href":"https:\/\/famelifemagazin.com\/index.php?rest_route=\/wp\/v2\/posts\/5082\/revisions"}],"predecessor-version":[{"id":5086,"href":"https:\/\/famelifemagazin.com\/index.php?rest_route=\/wp\/v2\/posts\/5082\/revisions\/5086"}],"wp:featuredmedia":[{"embeddable":true,"href":"https:\/\/famelifemagazin.com\/index.php?rest_route=\/wp\/v2\/media\/5084"}],"wp:attachment":[{"href":"https:\/\/famelifemagazin.com\/index.php?rest_route=%2Fwp%2Fv2%2Fmedia&parent=5082"}],"wp:term":[{"taxonomy":"category","embeddable":true,"href":"https:\/\/famelifemagazin.com\/index.php?rest_route=%2Fwp%2Fv2%2Fcategories&post=5082"},{"taxonomy":"post_tag","embeddable":true,"href":"https:\/\/famelifemagazin.com\/index.php?rest_route=%2Fwp%2Fv2%2Ftags&post=5082"}],"curies":[{"name":"wp","href":"https:\/\/api.w.org\/{rel}","templated":true}]}}