{"id":4987,"date":"2025-01-01T10:42:12","date_gmt":"2025-01-01T10:42:12","guid":{"rendered":"https:\/\/famelifemagazin.com\/?p=4987"},"modified":"2025-01-01T10:43:56","modified_gmt":"2025-01-01T10:43:56","slug":"sevval-sam-ve-drdancocuklar-icin-bir-ilk-nanninom","status":"publish","type":"post","link":"https:\/\/famelifemagazin.com\/?p=4987","title":{"rendered":"\u015eevval Sam ve D&#038;R\u2019dan \u00c7ocuklar \u0130\u00e7in Bir \u0130lk: \u201cNanninom\u201d"},"content":{"rendered":"\n<p><strong>T\u00fcrk m\u00fczi\u011finin sevilen ismi \u015eevval Sam ve D&amp;R\u2019\u0131n \u00e7ocuklar i\u00e7in \u00f6zel olarak hayata ge\u00e7irdi\u011fi \u201cNanninom\u201d projesinin lansman\u0131 D&amp;R Kanyon ma\u011fazas\u0131nda yap\u0131ld\u0131. \u015eevval Sam\u2019\u0131n seneler \u00f6nce \u00e7ocuklara \u00f6zel haz\u0131rlad\u0131\u011f\u0131 Nanninom alb\u00fcm\u00fc, bu kez D&amp;R\u2019a \u00f6zel s\u0131n\u0131rl\u0131 say\u0131da haz\u0131rlanan plak, pikap ve ajandadan olu\u015fan \u00f6zel bir koleksiyonla \u00e7ocuklar\u0131n be\u011fenisine sunuldu. Hayranlar\u0131n\u0131n yaln\u0131z b\u0131rakmad\u0131\u011f\u0131 lansmanda, sanat\u00e7\u0131ya en yak\u0131n arkada\u015f\u0131 Eda Ece ve o\u011flu Taro Emir Tekin de e\u015flik etti.<\/strong><\/p>\n\n\n\n<p>Sanat\u00e7\u0131 \u015eevval Sam\u2019\u0131n \u00e7ocuklar i\u00e7in \u00e7\u0131kard\u0131\u011f\u0131, uyku \u00f6ncesi \u015fark\u0131lar, ninniler ve \u00f6yk\u00fclerden olu\u015fan alb\u00fcm\u00fc&nbsp;<strong>Nanninom<\/strong>, D&amp;R ortakl\u0131\u011f\u0131yla hayat buldu. Nanninom, T\u00fcrkiye&#8217;de ilk kez \u00e7ocuklar i\u00e7in \u00f6zel olarak haz\u0131rlanan plak, pikap ve ajandadan olu\u015fan bir koleksiyonla \u00e7ocuklar ve ebeveynlerin be\u011fenisine sunuldu. S\u0131n\u0131rl\u0131 say\u0131da olacak \u015fekilde sadece D&amp;R\u2019a \u00f6zel \u00fcretilen Nanninom koleksiyonuna ait \u00fcr\u00fcnler, D&amp;R&#8217;\u0131n T\u00fcrkiye genelindeki t\u00fcm ma\u011fazalar\u0131nda ve internet sitesinden sat\u0131\u015fa sunulacak. Bu \u00f6zel koleksiyon, \u00e7ocuklar\u0131n sa\u011fl\u0131kl\u0131 uyku al\u0131\u015fkanl\u0131klar\u0131 kazanmas\u0131na ve aileleriyle de\u011ferli an\u0131lar biriktirmesine e\u015flik edecek.<\/p>\n\n\n\n<p>Per\u015fembe ak\u015fam\u0131 D&amp;R Kanyon ma\u011fazas\u0131nda d\u00fczenlenen lansman etkinli\u011fine sanat\u00e7\u0131n\u0131n en yak\u0131n arkada\u015f\u0131 Eda Ece ve o\u011flu Taro Emir Tekin de kat\u0131ld\u0131. \u00c7ocuklar\u0131n b\u00fcy\u00fck ilgi g\u00f6sterdi\u011fi tan\u0131t\u0131mda, Nanninom pla\u011f\u0131ndan \u015fark\u0131lar ve masallar dinlendi. \u00c7ocuklarla bol bol foto\u011fraf \u00e7ektiren Sam, hayranlar\u0131 i\u00e7in Nanninom \u00fcr\u00fcnlerini de imzalad\u0131.<\/p>\n\n\n\n<p><strong>Plak ve Pikap: \u00c7ocuklara \u00d6zel Tasar\u0131m<\/strong><\/p>\n\n\n\n<p>\u201cNanninom\u201dun en b\u00fcy\u00fck \u00f6zelli\u011fi 10 ninni ve \u015fark\u0131n\u0131n yan\u0131 s\u0131ra, \u015eevval Sam\u2019\u0131n kaleminden \u00e7\u0131kan 2 e\u015fsiz \u00f6yk\u00fcn\u00fcn de plak format\u0131nda sunuluyor olmas\u0131. \u00c7ocuklar i\u00e7in T\u00fcrkiye\u2019de bir ilk olan pikap, hem g\u00f6rselli\u011fi hem de kullan\u0131m\u0131yla \u00e7ocuklar\u0131n d\u00fcnyas\u0131na e\u011flenceli bir dokunu\u015f katacak \u015fekilde \u00f6zel olarak tasarland\u0131.<\/p>\n\n\n\n<p><strong>\u201cBug\u00fcn \u0130lk Defa\u201d Konseptli Zamans\u0131z Ajanda<\/strong><\/p>\n\n\n\n<p>Projeye e\u015flik eden \u201cBug\u00fcn \u0130lk Defa\u201d temal\u0131 Nanninom ajandas\u0131, annelerin bebekleriyle payla\u015ft\u0131klar\u0131 ilkleri kay\u0131t alt\u0131na alabilecekleri, onlar\u0131n b\u00fcy\u00fcme s\u00fcrecini anlaml\u0131 an\u0131larla \u00f6l\u00fcms\u00fczle\u015ftirebilecekleri bir ara\u00e7. Bu ajanda, hem ki\u015fisel hem de aile ba\u011flar\u0131n\u0131 g\u00fc\u00e7lendirecek bir g\u00fcnl\u00fck olarak dizayn edildi.<\/p>\n\n\n\n<p><strong>\u015eevval Sam: \u201cAnnelere ve \u00e7ocuklara bu yolculukta e\u015flik etmekten mutluluk duyuyorum\u201d<\/strong><\/p>\n\n\n\n<p>Nanninom\u2019un tan\u0131t\u0131m\u0131nda konu\u015fan \u015eevval Sam; \u201cUyku \u00f6ncesi rit\u00fcelleri, \u00e7ocuklar\u0131n hem fiziksel hem de ruhsal geli\u015fiminde b\u00fcy\u00fck bir \u00f6neme sahip. Nanninom\u2019u sadece bir alb\u00fcm olarak de\u011fil, \u00e7ocuklar\u0131m\u0131z\u0131n uykuya haz\u0131rlan\u0131rken hem sakinle\u015fip hem de keyif alabilecekleri bir deneyim olarak tasarlad\u0131k. \u00c7ocuklar\u0131n hayal d\u00fcnyalar\u0131n\u0131 geli\u015ftirirken, ebeveynlere de unutulmaz bir ba\u011f kurma f\u0131rsat\u0131 sunmaya \u00e7al\u0131\u015ft\u0131k. Annelere ve \u00e7ocuklara bu yolculukta e\u015flik etmekten mutluluk duyuyorum.\u201d dedi.<\/p>\n\n\n\n<p><strong>D&amp;R Genel M\u00fcd\u00fcr\u00fc Mustafa Alt\u0131nda\u011f:<\/strong>&nbsp;<strong>\u201c\u015eevval Sam, \u00e7ocuklar\u0131m\u0131z\u0131n hayal d\u00fcnyas\u0131na de\u011fer katt\u0131\u201d<\/strong><\/p>\n\n\n\n<p>Nanninom\u2019un tan\u0131t\u0131m\u0131na ev sahipli\u011fi yapan ve projeyi ilk kez \u00e7ocuklarla bulu\u015fturacak olan D&amp;R markas\u0131n\u0131n Genel M\u00fcd\u00fcr\u00fc Mustafa Alt\u0131nda\u011f yapt\u0131\u011f\u0131 konu\u015fmada; \u201c27 y\u0131ld\u0131r k\u00fclt\u00fcr-sanat d\u00fcnyas\u0131n\u0131n en b\u00fcy\u00fck destek\u00e7isi olan markam\u0131z i\u00e7in; \u00e7ocuklar\u0131m\u0131z\u0131n hayal d\u00fcnyas\u0131n\u0131 destekleyen, onlara sanat\u0131n ve m\u00fczi\u011fin kap\u0131lar\u0131n\u0131 aralayan, belki de gelecekte kendi sanat yolculuklar\u0131na ilham kayna\u011f\u0131 olan i\u015fler her zaman \u00f6nceli\u011fimiz oldu. <\/p>\n\n\n\n<p>\u015eevval Sam\u2019\u0131n D&amp;R ortakl\u0131\u011f\u0131yla hayat bulan Nanninom projesi de bunlardan biri. Bu projenin bizim i\u00e7in ayr\u0131 bir k\u0131ymeti var. \u00c7\u00fcnk\u00fc ilk kez \u00e7ocuklarla bulu\u015ftu\u011fu nokta D&amp;R ma\u011fazalar\u0131 olacak. Ayr\u0131ca bu proje i\u00e7eri\u011fi ile de bir ilk. Pla\u011f\u0131, pikab\u0131 ve ajandas\u0131 ile \u00e7ocuklar i\u00e7in adeta bir k\u00fclt\u00fcr sanat seti. \u0130nan\u0131yorum ki Nanninom, \u00e7ok ba\u015far\u0131l\u0131 olacak. Sevgili \u015eevval Sam\u2019a \u00e7ocuklar\u0131m\u0131z\u0131n hayal d\u00fcnyas\u0131na katt\u0131\u011f\u0131 de\u011fer i\u00e7in \u015f\u00fckranlar\u0131m\u0131 sunuyorum\u201d dedi.<\/p>\n\n\n\n<figure class=\"wp-block-gallery has-nested-images columns-default is-cropped wp-block-gallery-1 is-layout-flex wp-block-gallery-is-layout-flex\">\n<figure class=\"wp-block-image size-large\"><img loading=\"lazy\" decoding=\"async\" width=\"1024\" height=\"683\" data-id=\"4988\" src=\"https:\/\/famelifemagazin.com\/wp-content\/uploads\/2025\/01\/Sevval-Sam-_103005819-1024x683.jpeg\" alt=\"\" class=\"wp-image-4988\" srcset=\"https:\/\/famelifemagazin.com\/wp-content\/uploads\/2025\/01\/Sevval-Sam-_103005819-1024x683.jpeg 1024w, https:\/\/famelifemagazin.com\/wp-content\/uploads\/2025\/01\/Sevval-Sam-_103005819-300x200.jpeg 300w, https:\/\/famelifemagazin.com\/wp-content\/uploads\/2025\/01\/Sevval-Sam-_103005819-768x512.jpeg 768w\" sizes=\"auto, (max-width: 1024px) 100vw, 1024px\" \/><\/figure>\n\n\n\n<figure class=\"wp-block-image size-large\"><img loading=\"lazy\" decoding=\"async\" width=\"1024\" height=\"683\" data-id=\"4992\" src=\"https:\/\/famelifemagazin.com\/wp-content\/uploads\/2025\/01\/Eda-Ece-Sevval-Sam_103007470-1024x683.jpeg\" alt=\"\" class=\"wp-image-4992\" srcset=\"https:\/\/famelifemagazin.com\/wp-content\/uploads\/2025\/01\/Eda-Ece-Sevval-Sam_103007470-1024x683.jpeg 1024w, https:\/\/famelifemagazin.com\/wp-content\/uploads\/2025\/01\/Eda-Ece-Sevval-Sam_103007470-300x200.jpeg 300w, https:\/\/famelifemagazin.com\/wp-content\/uploads\/2025\/01\/Eda-Ece-Sevval-Sam_103007470-768x512.jpeg 768w, https:\/\/famelifemagazin.com\/wp-content\/uploads\/2025\/01\/Eda-Ece-Sevval-Sam_103007470-1536x1024.jpeg 1536w, https:\/\/famelifemagazin.com\/wp-content\/uploads\/2025\/01\/Eda-Ece-Sevval-Sam_103007470-2048x1365.jpeg 2048w\" sizes=\"auto, (max-width: 1024px) 100vw, 1024px\" \/><\/figure>\n\n\n\n<figure class=\"wp-block-image size-large\"><img loading=\"lazy\" decoding=\"async\" width=\"1024\" height=\"683\" data-id=\"4989\" src=\"https:\/\/famelifemagazin.com\/wp-content\/uploads\/2025\/01\/Sevval-Sam-5_103006914-1024x683.jpeg\" alt=\"\" class=\"wp-image-4989\" srcset=\"https:\/\/famelifemagazin.com\/wp-content\/uploads\/2025\/01\/Sevval-Sam-5_103006914-1024x683.jpeg 1024w, https:\/\/famelifemagazin.com\/wp-content\/uploads\/2025\/01\/Sevval-Sam-5_103006914-300x200.jpeg 300w\" sizes=\"auto, (max-width: 1024px) 100vw, 1024px\" \/><\/figure>\n\n\n\n<figure class=\"wp-block-image size-large\"><img loading=\"lazy\" decoding=\"async\" width=\"1024\" height=\"683\" data-id=\"4991\" src=\"https:\/\/famelifemagazin.com\/wp-content\/uploads\/2025\/01\/Sevval-Sam-3_103006411-1024x683.jpeg\" alt=\"\" class=\"wp-image-4991\" srcset=\"https:\/\/famelifemagazin.com\/wp-content\/uploads\/2025\/01\/Sevval-Sam-3_103006411-1024x683.jpeg 1024w, https:\/\/famelifemagazin.com\/wp-content\/uploads\/2025\/01\/Sevval-Sam-3_103006411-300x200.jpeg 300w, https:\/\/famelifemagazin.com\/wp-content\/uploads\/2025\/01\/Sevval-Sam-3_103006411-768x512.jpeg 768w, https:\/\/famelifemagazin.com\/wp-content\/uploads\/2025\/01\/Sevval-Sam-3_103006411-1536x1024.jpeg 1536w, https:\/\/famelifemagazin.com\/wp-content\/uploads\/2025\/01\/Sevval-Sam-3_103006411-2048x1365.jpeg 2048w\" sizes=\"auto, (max-width: 1024px) 100vw, 1024px\" \/><\/figure>\n\n\n\n<figure class=\"wp-block-image size-large\"><img loading=\"lazy\" decoding=\"async\" width=\"1024\" height=\"683\" data-id=\"4990\" src=\"https:\/\/famelifemagazin.com\/wp-content\/uploads\/2025\/01\/Nalan-Demircioglu-Yavuz-Mustafa-Altindag-Sevval-Sam_103008012-1024x683.jpeg\" alt=\"\" class=\"wp-image-4990\" srcset=\"https:\/\/famelifemagazin.com\/wp-content\/uploads\/2025\/01\/Nalan-Demircioglu-Yavuz-Mustafa-Altindag-Sevval-Sam_103008012-1024x683.jpeg 1024w, https:\/\/famelifemagazin.com\/wp-content\/uploads\/2025\/01\/Nalan-Demircioglu-Yavuz-Mustafa-Altindag-Sevval-Sam_103008012-300x200.jpeg 300w, https:\/\/famelifemagazin.com\/wp-content\/uploads\/2025\/01\/Nalan-Demircioglu-Yavuz-Mustafa-Altindag-Sevval-Sam_103008012-768x512.jpeg 768w\" sizes=\"auto, (max-width: 1024px) 100vw, 1024px\" \/><\/figure>\n<\/figure>\n\n\n\n<figure class=\"wp-block-gallery has-nested-images columns-default is-cropped wp-block-gallery-2 is-layout-flex wp-block-gallery-is-layout-flex\">\n<figure class=\"wp-block-image size-large\"><img loading=\"lazy\" decoding=\"async\" width=\"683\" height=\"1024\" data-id=\"4995\" src=\"https:\/\/famelifemagazin.com\/wp-content\/uploads\/2025\/01\/Eda-Ece_103008516-683x1024.jpeg\" alt=\"\" class=\"wp-image-4995\" srcset=\"https:\/\/famelifemagazin.com\/wp-content\/uploads\/2025\/01\/Eda-Ece_103008516-683x1024.jpeg 683w, https:\/\/famelifemagazin.com\/wp-content\/uploads\/2025\/01\/Eda-Ece_103008516-200x300.jpeg 200w, https:\/\/famelifemagazin.com\/wp-content\/uploads\/2025\/01\/Eda-Ece_103008516-768x1152.jpeg 768w, https:\/\/famelifemagazin.com\/wp-content\/uploads\/2025\/01\/Eda-Ece_103008516-scaled.jpeg 1707w\" sizes=\"auto, (max-width: 683px) 100vw, 683px\" \/><\/figure>\n\n\n\n<figure class=\"wp-block-image size-large\"><img loading=\"lazy\" decoding=\"async\" width=\"683\" height=\"1024\" data-id=\"4994\" src=\"https:\/\/famelifemagazin.com\/wp-content\/uploads\/2025\/01\/Taro-Emir-Sevval-Sam_103009069-683x1024.jpeg\" alt=\"\" class=\"wp-image-4994\" srcset=\"https:\/\/famelifemagazin.com\/wp-content\/uploads\/2025\/01\/Taro-Emir-Sevval-Sam_103009069-683x1024.jpeg 683w, https:\/\/famelifemagazin.com\/wp-content\/uploads\/2025\/01\/Taro-Emir-Sevval-Sam_103009069-200x300.jpeg 200w, https:\/\/famelifemagazin.com\/wp-content\/uploads\/2025\/01\/Taro-Emir-Sevval-Sam_103009069-768x1152.jpeg 768w, https:\/\/famelifemagazin.com\/wp-content\/uploads\/2025\/01\/Taro-Emir-Sevval-Sam_103009069-1024x1536.jpeg 1024w, https:\/\/famelifemagazin.com\/wp-content\/uploads\/2025\/01\/Taro-Emir-Sevval-Sam_103009069-1365x2048.jpeg 1365w, https:\/\/famelifemagazin.com\/wp-content\/uploads\/2025\/01\/Taro-Emir-Sevval-Sam_103009069-scaled.jpeg 1707w\" sizes=\"auto, (max-width: 683px) 100vw, 683px\" \/><\/figure>\n\n\n\n<figure class=\"wp-block-image size-large\"><img decoding=\"async\" data-id=\"4993\" src=\"https:\/\/famelifemagazin.com\/wp-content\/uploads\/2025\/01\/Taro-Emir_103009569.jpeg\" alt=\"\" class=\"wp-image-4993\"\/><\/figure>\n<\/figure>\n\n\n<div class=\"wp-block-image\">\n<figure class=\"aligncenter size-large is-resized\"><img loading=\"lazy\" decoding=\"async\" width=\"1024\" height=\"683\" src=\"https:\/\/famelifemagazin.com\/wp-content\/uploads\/2025\/01\/Sevval-Sam-1_103010062-1-1024x683.jpeg\" alt=\"\" class=\"wp-image-4997\" style=\"width:526px;height:auto\" srcset=\"https:\/\/famelifemagazin.com\/wp-content\/uploads\/2025\/01\/Sevval-Sam-1_103010062-1-1024x683.jpeg 1024w, https:\/\/famelifemagazin.com\/wp-content\/uploads\/2025\/01\/Sevval-Sam-1_103010062-1-300x200.jpeg 300w, https:\/\/famelifemagazin.com\/wp-content\/uploads\/2025\/01\/Sevval-Sam-1_103010062-1-768x512.jpeg 768w, https:\/\/famelifemagazin.com\/wp-content\/uploads\/2025\/01\/Sevval-Sam-1_103010062-1-1536x1024.jpeg 1536w, https:\/\/famelifemagazin.com\/wp-content\/uploads\/2025\/01\/Sevval-Sam-1_103010062-1-2048x1365.jpeg 2048w\" sizes=\"auto, (max-width: 1024px) 100vw, 1024px\" \/><\/figure>\n<\/div>","protected":false},"excerpt":{"rendered":"<p>T\u00fcrk m\u00fczi\u011finin sevilen ismi \u015eevval Sam ve D&amp;R\u2019\u0131n \u00e7ocuklar i\u00e7in \u00f6zel olarak hayata ge\u00e7irdi\u011fi \u201cNanninom\u201d projesinin lansman\u0131 D&amp;R Kanyon ma\u011fazas\u0131nda yap\u0131ld\u0131. \u015eevval Sam\u2019\u0131n seneler \u00f6nce \u00e7ocuklara \u00f6zel haz\u0131rlad\u0131\u011f\u0131 Nanninom alb\u00fcm\u00fc, bu kez D&amp;R\u2019a \u00f6zel s\u0131n\u0131rl\u0131 say\u0131da haz\u0131rlanan plak, pikap ve ajandadan olu\u015fan \u00f6zel bir koleksiyonla \u00e7ocuklar\u0131n be\u011fenisine sunuldu. Hayranlar\u0131n\u0131n yaln\u0131z b\u0131rakmad\u0131\u011f\u0131 lansmanda, sanat\u00e7\u0131ya en yak\u0131n [&hellip;]<\/p>\n","protected":false},"author":1,"featured_media":4990,"comment_status":"open","ping_status":"open","sticky":false,"template":"","format":"standard","meta":{"footnotes":""},"categories":[19,3],"tags":[],"class_list":["post-4987","post","type-post","status-publish","format-standard","has-post-thumbnail","hentry","category-kitap","category-son-haberler"],"_links":{"self":[{"href":"https:\/\/famelifemagazin.com\/index.php?rest_route=\/wp\/v2\/posts\/4987","targetHints":{"allow":["GET"]}}],"collection":[{"href":"https:\/\/famelifemagazin.com\/index.php?rest_route=\/wp\/v2\/posts"}],"about":[{"href":"https:\/\/famelifemagazin.com\/index.php?rest_route=\/wp\/v2\/types\/post"}],"author":[{"embeddable":true,"href":"https:\/\/famelifemagazin.com\/index.php?rest_route=\/wp\/v2\/users\/1"}],"replies":[{"embeddable":true,"href":"https:\/\/famelifemagazin.com\/index.php?rest_route=%2Fwp%2Fv2%2Fcomments&post=4987"}],"version-history":[{"count":3,"href":"https:\/\/famelifemagazin.com\/index.php?rest_route=\/wp\/v2\/posts\/4987\/revisions"}],"predecessor-version":[{"id":5000,"href":"https:\/\/famelifemagazin.com\/index.php?rest_route=\/wp\/v2\/posts\/4987\/revisions\/5000"}],"wp:featuredmedia":[{"embeddable":true,"href":"https:\/\/famelifemagazin.com\/index.php?rest_route=\/wp\/v2\/media\/4990"}],"wp:attachment":[{"href":"https:\/\/famelifemagazin.com\/index.php?rest_route=%2Fwp%2Fv2%2Fmedia&parent=4987"}],"wp:term":[{"taxonomy":"category","embeddable":true,"href":"https:\/\/famelifemagazin.com\/index.php?rest_route=%2Fwp%2Fv2%2Fcategories&post=4987"},{"taxonomy":"post_tag","embeddable":true,"href":"https:\/\/famelifemagazin.com\/index.php?rest_route=%2Fwp%2Fv2%2Ftags&post=4987"}],"curies":[{"name":"wp","href":"https:\/\/api.w.org\/{rel}","templated":true}]}}