{"id":490,"date":"2024-01-08T14:11:12","date_gmt":"2024-01-08T14:11:12","guid":{"rendered":"https:\/\/famelifemagazin.com\/?p=490"},"modified":"2024-01-08T14:11:13","modified_gmt":"2024-01-08T14:11:13","slug":"cesur-ve-iddiali","status":"publish","type":"post","link":"https:\/\/famelifemagazin.com\/?p=490","title":{"rendered":"Cesur ve iddial\u0131.."},"content":{"rendered":"\n<p>Her a\u00e7\u0131klamas\u0131yla g\u00fcndem olan \u015eevval \u015eahin cesur tarz\u0131ndan \u00f6d\u00fcn vermiyor. 24 ya\u015f\u0131ndaki \u00fcnl\u00fc&nbsp;<a href=\"https:\/\/www.mynet.com\/haberler\/model\">model<\/a>&nbsp;\u00f6zel hayat\u0131 ve sosyal medya payla\u015f\u0131mlar\u0131yla s\u0131k s\u0131k konu\u015fuluyor. Her payla\u015f\u0131m\u0131 olay olan \u00fcnl\u00fc isim bu defa bikinili verdi\u011fi pozlarla g\u00fcndem oldu.<\/p>\n\n\n\n<p><a href=\"https:\/\/trc.taboola.com\/mynetnewtr-mynet\/log\/3\/click?pi=%2Fbakan-bir-daha-bakti-sevval-sahin-in-bikinili-pozlari-sosyal-medyada-gundem-oldu-491776-mymagazin&amp;ri=2d109e925fdf5de193f15460bc951e42&amp;sd=v2_b602aa7b4ba11ef8d3b7440d8f89b25e_8e09c4a4-9bf1-4312-abb4-1e60b01d4661-tuct8560043_1704722539_1704722588_CAwQ4d1TGKvAicvOMSADKAQw2QE4juENQJbmDUih5fEDUP___________wFYAGCEA2j7qrOBteX1_-gBcAE&amp;ui=8e09c4a4-9bf1-4312-abb4-1e60b01d4661-tuct8560043&amp;it=text&amp;ii=~~V1~~6041124621809354640~~5gkGvNy_PsQpB4B35klOgXBO_ijTtG27sGUDFOvb0G5w6cLzOYgYTH58zK8cIqqSirgu2kkh_p_BM9jee4REIom3sAGtH2Yot26_pEoR1Pu2MgnGOpirSpgYb3wBV2L6nyLiBKFxLMAWOYC61n_YbFrIQjR6byRAyBLTX2hbASI4dOCCUCzr567QKLZOIG2e&amp;pt=text&amp;li=rbox-t2m&amp;sig=6ac2cf9da08ecb9c44343bad9a7f4f0500c083b86f56&amp;redir=https%3A%2F%2Fad.doubleclick.net%2Fddm%2Ftrackclk%2FN755990.2069703TABOOLA2%2FB30575451.375135778%3Bdc_trk_aid%3D565929951%3Bdc_trk_cid%3D197711012%3Bdc_lat%3D%3Bdc_rdid%3D%3Btag_for_child_directed_treatment%3D%3Btfua%3D%3Bltd%3D%3Bdc_tdv%3D1%3Futm_source%3Dtaboola%26utm_medium%3Dreferral%26tblci%3DGiAJKk_-QK7LqFMFu8Nz1VsRCia4efH1s0b057kBWIasdyCH6FgotvjitfKVzf0z%23tblciGiAJKk_-QK7LqFMFu8Nz1VsRCia4efH1s0b057kBWIasdyCH6FgotvjitfKVzf0z&amp;vi=1704722587691&amp;p=vivaki-tr-citroen-sc&amp;r=1&amp;tvi48=10143&amp;tvi50=9864&amp;lti=deflated&amp;ppb=CNYB&amp;cpb=EhIyMDI0MDEwOC03LVJFTEVBU0UYgLrb0wYgwqMrKhZ0YWJvb2xhc3luZGljYXRpb24uY29tMgh0cmMwMDEwMTiAlv3-AUCO4Q1IluYNUKHl8QNY____________AWMI0DcQn08YMGRjCKo1EIhNGDJkYwjXFhDVHxgjZGMIglUQtHAYJGRjCNIDEOAGGAhkYwiWFBCgHBgYZGMI9BQQnh0YH2RjCKQnEIM1GC9keAKAARCIAdOB3dIBkAEJmAG2x4nLzjE&amp;vct=null\" rel=\"noreferrer noopener\" target=\"_blank\"><\/a><\/p>\n\n\n\n<p><\/p>\n\n\n\n<figure class=\"wp-block-image\"><img decoding=\"async\" src=\"https:\/\/imgrosetta.mynet.com.tr\/file\/18244115\/640xauto.jpg\" alt=\"\u015fevval 8\"\/><\/figure>\n\n\n\n<p>Bikinili pozlar\u0131n\u0131 \u00fcnl\u00fc isim 444 bin takip\u00e7isi bulunan Instagram hesab\u0131ndan &#8220;\u0130yilik iyili\u011fi do\u011furur bebe\u011fim&#8221; notuyla payla\u015ft\u0131. \u00dcnl\u00fc ismin payla\u015f\u0131m\u0131na be\u011feni ve yorum ya\u011fd\u0131.<\/p>\n\n\n\n<figure class=\"wp-block-image\"><img decoding=\"async\" src=\"https:\/\/imgrosetta.mynet.com.tr\/file\/18244121\/640xauto.jpg\" alt=\"\u015fevval 4\"\/><\/figure>\n\n\n\n<p>\u015eevval \u015eahin, Miss Turkey 2018 birincisi olarak tan\u0131nd\u0131. \u0130ngiltere&#8217;de do\u011fup b\u00fcy\u00fcyen T\u00fcrk as\u0131ll\u0131 g\u00fczel Londra&#8217;da moda e\u011fitimi ald\u0131.<\/p>\n\n\n\n<p>Modellik yapmaya devam eden \u00fcnl\u00fc isim, sosyal medyadaki iddial\u0131 ve cesur payla\u015f\u0131mlar\u0131yla s\u0131k s\u0131k g\u00fcndem oluyor.<\/p>\n","protected":false},"excerpt":{"rendered":"<p>Her a\u00e7\u0131klamas\u0131yla g\u00fcndem olan \u015eevval \u015eahin cesur tarz\u0131ndan \u00f6d\u00fcn vermiyor. 24 ya\u015f\u0131ndaki \u00fcnl\u00fc&nbsp;model&nbsp;\u00f6zel hayat\u0131 ve sosyal medya payla\u015f\u0131mlar\u0131yla s\u0131k s\u0131k konu\u015fuluyor. Her payla\u015f\u0131m\u0131 olay olan \u00fcnl\u00fc isim bu defa bikinili verdi\u011fi pozlarla g\u00fcndem oldu. Bikinili pozlar\u0131n\u0131 \u00fcnl\u00fc isim 444 bin takip\u00e7isi bulunan Instagram hesab\u0131ndan &#8220;\u0130yilik iyili\u011fi do\u011furur bebe\u011fim&#8221; notuyla payla\u015ft\u0131. \u00dcnl\u00fc ismin payla\u015f\u0131m\u0131na be\u011feni ve [&hellip;]<\/p>\n","protected":false},"author":1,"featured_media":491,"comment_status":"open","ping_status":"open","sticky":false,"template":"","format":"standard","meta":{"footnotes":""},"categories":[5,4,3],"tags":[],"class_list":["post-490","post","type-post","status-publish","format-standard","has-post-thumbnail","hentry","category-guzellik-estetik","category-magazin","category-son-haberler"],"_links":{"self":[{"href":"https:\/\/famelifemagazin.com\/index.php?rest_route=\/wp\/v2\/posts\/490","targetHints":{"allow":["GET"]}}],"collection":[{"href":"https:\/\/famelifemagazin.com\/index.php?rest_route=\/wp\/v2\/posts"}],"about":[{"href":"https:\/\/famelifemagazin.com\/index.php?rest_route=\/wp\/v2\/types\/post"}],"author":[{"embeddable":true,"href":"https:\/\/famelifemagazin.com\/index.php?rest_route=\/wp\/v2\/users\/1"}],"replies":[{"embeddable":true,"href":"https:\/\/famelifemagazin.com\/index.php?rest_route=%2Fwp%2Fv2%2Fcomments&post=490"}],"version-history":[{"count":1,"href":"https:\/\/famelifemagazin.com\/index.php?rest_route=\/wp\/v2\/posts\/490\/revisions"}],"predecessor-version":[{"id":492,"href":"https:\/\/famelifemagazin.com\/index.php?rest_route=\/wp\/v2\/posts\/490\/revisions\/492"}],"wp:featuredmedia":[{"embeddable":true,"href":"https:\/\/famelifemagazin.com\/index.php?rest_route=\/wp\/v2\/media\/491"}],"wp:attachment":[{"href":"https:\/\/famelifemagazin.com\/index.php?rest_route=%2Fwp%2Fv2%2Fmedia&parent=490"}],"wp:term":[{"taxonomy":"category","embeddable":true,"href":"https:\/\/famelifemagazin.com\/index.php?rest_route=%2Fwp%2Fv2%2Fcategories&post=490"},{"taxonomy":"post_tag","embeddable":true,"href":"https:\/\/famelifemagazin.com\/index.php?rest_route=%2Fwp%2Fv2%2Ftags&post=490"}],"curies":[{"name":"wp","href":"https:\/\/api.w.org\/{rel}","templated":true}]}}