{"id":481,"date":"2024-01-05T16:40:33","date_gmt":"2024-01-05T16:40:33","guid":{"rendered":"https:\/\/famelifemagazin.com\/?p=481"},"modified":"2024-01-05T16:40:33","modified_gmt":"2024-01-05T16:40:33","slug":"sunnet-derisinden-sivi-enjekte-ettirdi","status":"publish","type":"post","link":"https:\/\/famelifemagazin.com\/?p=481","title":{"rendered":"S\u00dcNNET DER\u0130S\u0130NDEN SIVI ENJEKTE ETT\u0130RD\u0130.."},"content":{"rendered":"\n<h6 class=\"wp-block-heading\">Yapt\u0131rd\u0131\u011f\u0131 estetiklerle s\u0131k s\u0131k g\u00fcndeme gelen&nbsp;<a href=\"https:\/\/www.mynet.com\/haberler\/seda-sayan\">Seda Sayan<\/a>, bu i\u015flemleri&nbsp;<a href=\"https:\/\/www.mynet.com\/haberler\/sosyal-medya\">sosyal medya<\/a>&nbsp;hesab\u0131ndan da payla\u015f\u0131yor. Son olarak sosyal medyadan bir video payla\u015fan \u00fcnl\u00fc isim takip\u00e7ilerini \u015fa\u015f\u0131rtt\u0131. Sayan, daha gen\u00e7 g\u00f6r\u00fcnmek i\u00e7in y\u00fcz\u00fcne ve g\u00f6\u011f\u00fcs dekoltesine s\u00fcnnet derisinden elde edilen s\u0131v\u0131 enjekte ettirdi\u011fi i\u015flemi payla\u015ft\u0131.<\/h6>\n\n\n\n<figure class=\"wp-block-image\"><img decoding=\"async\" src=\"https:\/\/imgrosetta.mynet.com.tr\/file\/18230691\/18230691-728xauto.jpg\" alt=\"\"\/><\/figure>\n\n\n\n<p>Yapt\u0131rd\u0131\u011f\u0131\u00a0<a href=\"https:\/\/www.mynet.com\/haberler\/estetik\">estetik<\/a>\u00a0operasyonlar\u0131 ve i\u015flemleri saklamayan, s\u0131k s\u0131k da sosyal medya hesab\u0131ndan payla\u015farak g\u00fcndem olan\u00a0<a href=\"https:\/\/www.mynet.com\/haberler\/unlu-sarkici\">\u00fcnl\u00fc \u015fark\u0131c\u0131<\/a>\u00a0Seda Sayan, son payla\u015f\u0131m\u0131yla bir kez daha dikkat \u00e7ekti.<a href=\"https:\/\/trc.taboola.com\/mynetnewtr-mynet\/log\/3\/click?pi=%2Fgaleri%2Festetikleri-gundemden-dusmuyor-seda-sayan-son-videosuyla-takipcilerini-sasirtti-sunnet-derisinden-sivi-enjekte-ettirdi-491518-mymagazin&amp;ri=f0bc5dfe6a962dc359f209ed24c35488&amp;sd=v2_cf333cb50c752ce44747c1c02dbad169_8e09c4a4-9bf1-4312-abb4-1e60b01d4661-tuct8560043_1704472430_1704472501_CAwQ4d1TGJSu6dPNMSADKAQw2QE4juENQJbmDUj-8tkDUP___________wFYAGD_Amj7qrOBteX1_-gBcAE&amp;ui=8e09c4a4-9bf1-4312-abb4-1e60b01d4661-tuct8560043&amp;it=text&amp;ii=~~V1~~1995744795544060859~~OoF4w3dxK8sQhBGYv4sXIHi_6gNpzRrYC0NeCrQmdPSklu5gWl5tyyoVo9c70DwyQK8yNc8jz14rlERGhImncAB1rvB3AdkTOpkgau3FgGUDy-0N5zNQyyIn_24n7Cq25RIoONLeeI23qkgDPv3mRA&amp;pt=text&amp;li=rbox-t2m&amp;sig=4a7a69e8bc8f353d62e794ab635ad3330c905cf4d2a9&amp;redir=https%3A%2F%2Fad.doubleclick.net%2Fddm%2Ftrackclk%2FN6662.279382DBMXAXISTR2064945478%2FB30847783.380348846%3Bdc_trk_aid%3D571330503%3Bdc_trk_cid%3D204319565%3Bdc_lat%3D%3Bdc_rdid%3D%3Btag_for_child_directed_treatment%3D%3Btfua%3D%3Bltd%3D%3Bdc_tdv%3D1%3Ftblci%3DGiAJKk_-QK7LqFMFu8Nz1VsRCia4efH1s0b057kBWIasdyDStlAowoDOkOX7t4PRAQ%23tblciGiAJKk_-QK7LqFMFu8Nz1VsRCia4efH1s0b057kBWIasdyDStlAowoDOkOX7t4PRAQ&amp;vi=1704472499988&amp;p=xaxisturkey-turkcell-sc-tr&amp;r=42&amp;tvi48=10143&amp;tvi50=9864&amp;lti=video-yield-api_var&amp;ppb=CL4D&amp;cpb=El4yMDIzMTIyOC0zX2IyLVBSLTY0NDY3LURFVi0xNDY1MzEtYWRkLXNjaGVkdWxlci15aWVsZC13aXRoLW9yaWdpbmFsLXRyaWFsLWluLWZhZGVyLTlhODQ0ZjJmMGVhGIC629MGIMKjKyoWdGFib29sYXN5bmRpY2F0aW9uLmNvbTIIdHJjMDAxMTg4gJb9_gFAjuENSJbmDVD-8tkDWP___________wFjCNA3EJ9PGDBkYwiqNRCITRgyZGMI1xYQ1R8YI2RjCIJVELRwGCRkYwjSAxDgBhgIZGMIlhQQoBwYGGRjCJBXEIBzGApkYwj0FBCeHRgfZGMIpCcQgzUYL2R4AoABEIgB04Hd0gGQAQmYAde46dPNMQ&amp;vct=3.32\" target=\"_blank\" rel=\"noreferrer noopener\"><\/a><\/p>\n\n\n\n<h2 class=\"wp-block-heading\">SEDA SAYAN&#8217;IN SON PAYLA\u015eIMI OLAY OLDU<\/h2>\n\n\n\n<figure class=\"wp-block-image\"><img decoding=\"async\" src=\"https:\/\/imgrosetta.mynet.com.tr\/file\/18230648\/728xauto.jpg\" alt=\"\"\/><\/figure>\n\n\n\n<p>Instagram hesab\u0131ndan bir video payla\u015fan \u00fcnl\u00fc isim, bir kez daha estetik doktoruna gitti.<\/p>\n","protected":false},"excerpt":{"rendered":"<p>Yapt\u0131rd\u0131\u011f\u0131 estetiklerle s\u0131k s\u0131k g\u00fcndeme gelen&nbsp;Seda Sayan, bu i\u015flemleri&nbsp;sosyal medya&nbsp;hesab\u0131ndan da payla\u015f\u0131yor. Son olarak sosyal medyadan bir video payla\u015fan \u00fcnl\u00fc isim takip\u00e7ilerini \u015fa\u015f\u0131rtt\u0131. Sayan, daha gen\u00e7 g\u00f6r\u00fcnmek i\u00e7in y\u00fcz\u00fcne ve g\u00f6\u011f\u00fcs dekoltesine s\u00fcnnet derisinden elde edilen s\u0131v\u0131 enjekte ettirdi\u011fi i\u015flemi payla\u015ft\u0131. Yapt\u0131rd\u0131\u011f\u0131\u00a0estetik\u00a0operasyonlar\u0131 ve i\u015flemleri saklamayan, s\u0131k s\u0131k da sosyal medya hesab\u0131ndan payla\u015farak g\u00fcndem olan\u00a0\u00fcnl\u00fc \u015fark\u0131c\u0131\u00a0Seda [&hellip;]<\/p>\n","protected":false},"author":1,"featured_media":482,"comment_status":"open","ping_status":"open","sticky":false,"template":"","format":"standard","meta":{"footnotes":""},"categories":[5,4,7,3],"tags":[],"class_list":["post-481","post","type-post","status-publish","format-standard","has-post-thumbnail","hentry","category-guzellik-estetik","category-magazin","category-muzik","category-son-haberler"],"_links":{"self":[{"href":"https:\/\/famelifemagazin.com\/index.php?rest_route=\/wp\/v2\/posts\/481","targetHints":{"allow":["GET"]}}],"collection":[{"href":"https:\/\/famelifemagazin.com\/index.php?rest_route=\/wp\/v2\/posts"}],"about":[{"href":"https:\/\/famelifemagazin.com\/index.php?rest_route=\/wp\/v2\/types\/post"}],"author":[{"embeddable":true,"href":"https:\/\/famelifemagazin.com\/index.php?rest_route=\/wp\/v2\/users\/1"}],"replies":[{"embeddable":true,"href":"https:\/\/famelifemagazin.com\/index.php?rest_route=%2Fwp%2Fv2%2Fcomments&post=481"}],"version-history":[{"count":1,"href":"https:\/\/famelifemagazin.com\/index.php?rest_route=\/wp\/v2\/posts\/481\/revisions"}],"predecessor-version":[{"id":483,"href":"https:\/\/famelifemagazin.com\/index.php?rest_route=\/wp\/v2\/posts\/481\/revisions\/483"}],"wp:featuredmedia":[{"embeddable":true,"href":"https:\/\/famelifemagazin.com\/index.php?rest_route=\/wp\/v2\/media\/482"}],"wp:attachment":[{"href":"https:\/\/famelifemagazin.com\/index.php?rest_route=%2Fwp%2Fv2%2Fmedia&parent=481"}],"wp:term":[{"taxonomy":"category","embeddable":true,"href":"https:\/\/famelifemagazin.com\/index.php?rest_route=%2Fwp%2Fv2%2Fcategories&post=481"},{"taxonomy":"post_tag","embeddable":true,"href":"https:\/\/famelifemagazin.com\/index.php?rest_route=%2Fwp%2Fv2%2Ftags&post=481"}],"curies":[{"name":"wp","href":"https:\/\/api.w.org\/{rel}","templated":true}]}}