{"id":478,"date":"2024-01-04T19:24:49","date_gmt":"2024-01-04T19:24:49","guid":{"rendered":"https:\/\/famelifemagazin.com\/?p=478"},"modified":"2024-01-04T19:24:50","modified_gmt":"2024-01-04T19:24:50","slug":"ayla-algan-hayatini-kaybetti","status":"publish","type":"post","link":"https:\/\/famelifemagazin.com\/?p=478","title":{"rendered":"Ayla Algan,  hayat\u0131n\u0131 kaybetti.."},"content":{"rendered":"\n<h5 class=\"wp-block-heading\">Uzun s\u00fcredir g\u00f6zlerden uzak bir ya\u015fam s\u00fcren tiyatro ve sinema oyuncusu Ayla Algan, ge\u00e7irdi\u011fi beyin kanamas\u0131 sonucu hayat\u0131n\u0131 kaybetti.<a href=\"https:\/\/news.google.com\/publications\/CAAqBwgKMPK9_AowqvvnAg?hl=tr&amp;gl=TR&amp;ceid=TR%3Atr\" target=\"_blank\" rel=\"noreferrer noopener\"><\/a><\/h5>\n\n\n\n<p><\/p>\n\n\n\n<p><a href=\"https:\/\/www.ntv.com.tr\/son-dakika\" target=\"_blank\" rel=\"noreferrer noopener\">Son dakika<\/a>&nbsp;haberi!&nbsp;Usta tiyatro sanat\u00e7\u0131s\u0131, y\u00f6netmen, \u015fark\u0131c\u0131 ve e\u011fitmen&nbsp;<strong>Ayla Algan<\/strong>,&nbsp;ge\u00e7irdi\u011fi beyin kanamas\u0131 sonucu 86 ya\u015f\u0131nda hayat\u0131n\u0131 kaybetti.<\/p>\n\n\n\n<figure class=\"wp-block-image\"><img decoding=\"async\" src=\"https:\/\/cdn1.ntv.com.tr\/gorsel\/4R7ZGdkPqE2HBg8ud4BCsw.jpg?width=588&amp;mode=crop&amp;scale=both&amp;v=1704390540000\" alt=\"\"\/><\/figure>\n\n\n\n<figure class=\"wp-block-embed\"><div class=\"wp-block-embed__wrapper\">\nhttps:\/\/fa8e05a07f652d68876929a799b30b63.safeframe.googlesyndication.com\/safeframe\/1-0-40\/html\/container.html?n=0\n<\/div><\/figure>\n\n\n\n<p><strong>AYLA ALGAN K\u0130MD\u0130R?<\/strong><\/p>\n\n\n\n<p>Tiyatro ve sinema oyuncusu, y\u00f6netmen, \u015fark\u0131c\u0131 Ayla Algan, 29 Ekim 1937 tarihinde \u0130stanbul&#8217;da do\u011fdu. K\u00fc\u00e7\u00fck ya\u015flardan itibaren&nbsp; piyano, bale ve \u015fan dersleri alan Algan, ortaokulu \u0130stanbul\u2019da Notre Dame de Sion\u2019da, lise e\u011fitimini Fransa\u2019da Versailler Lisesi&#8217;nde tamamlad\u0131.&nbsp;Beklan Algan\u2019la tan\u0131\u015fmas\u0131ndan alt\u0131 ay sonra 1933 y\u0131l\u0131nda evlendi. Ard\u0131ndan e\u015fiyle birlikte Amerika&#8217;ya giden Algan,&nbsp;Actors Studio&#8217;da tiyatro e\u011fitimine ba\u015flad\u0131.<\/p>\n\n\n\n<p>Muhsin Ertu\u011frul\u2019un ABD\u2019den kendisini T\u00fcrkiye\u2019ye \u00e7a\u011f\u0131rmas\u0131 \u00fczerine 1960 y\u0131l\u0131nda T\u00fcrkiye\u2019ye d\u00f6nen Algan, ayn\u0131 y\u0131l \u0130stanbul \u015eehir Tiyatrosu oyuncusu oldu. Bir\u00e7ok oyunda rol alan Ayla Algan, &#8220;Ah G\u00fczel \u0130stanbul&#8221; filmindeki performans\u0131yla dikkat \u00e7ekti.<\/p>\n\n\n\n<figure class=\"wp-block-image\"><img decoding=\"async\" src=\"https:\/\/cdn1.ntv.com.tr\/gorsel\/HY2N56RCNEeHa0TTzbh7vA.jpg?width=588&amp;mode=crop&amp;scale=both&amp;v=1704390540000\" alt=\"\"\/><\/figure>\n\n\n\n<p>1972-1979 y\u0131llar\u0131 aras\u0131nda Paris&#8217;te ya\u015fayan ve m\u00fczikle ilgilenen&nbsp;Ayla Algan,&nbsp;1980&#8217;de Berlin&#8217;e gidip orada tiyatro \u00e7al\u0131\u015fmalar\u0131 yapt\u0131.<\/p>\n\n\n\n<p>Sanat hayat\u0131na bir\u00e7ok \u00f6d\u00fcl s\u0131\u011fd\u0131ran Ayla Algan, &#8220;Seni Seviyorum Rosa&#8221;, &#8220;Harem Suare&#8221;, &#8220;O da Beni Seviyor&#8221; gibi onlarca filmde ve &#8220;Biz Size A\u015f\u0131k Olduk&#8221;, &#8220;\u00dczg\u00fcn\u00fcm Leyla&#8221;, &#8220;Aliye&#8221; gibi \u00e7e\u015fitli dizilerde rol alm\u0131\u015ft\u0131r.<\/p>\n\n\n\n<p>Ayla Algan, 2022&#8217;de Cumhurba\u015fkanl\u0131\u011f\u0131 K\u00fclt\u00fcr Sanat B\u00fcy\u00fck \u00d6d\u00fcl\u00fc&#8217;ne lay\u0131k g\u00f6r\u00fclm\u00fc\u015ft\u00fc.<\/p>\n","protected":false},"excerpt":{"rendered":"<p>Uzun s\u00fcredir g\u00f6zlerden uzak bir ya\u015fam s\u00fcren tiyatro ve sinema oyuncusu Ayla Algan, ge\u00e7irdi\u011fi beyin kanamas\u0131 sonucu hayat\u0131n\u0131 kaybetti. Son dakika&nbsp;haberi!&nbsp;Usta tiyatro sanat\u00e7\u0131s\u0131, y\u00f6netmen, \u015fark\u0131c\u0131 ve e\u011fitmen&nbsp;Ayla Algan,&nbsp;ge\u00e7irdi\u011fi beyin kanamas\u0131 sonucu 86 ya\u015f\u0131nda hayat\u0131n\u0131 kaybetti. AYLA ALGAN K\u0130MD\u0130R? Tiyatro ve sinema oyuncusu, y\u00f6netmen, \u015fark\u0131c\u0131 Ayla Algan, 29 Ekim 1937 tarihinde \u0130stanbul&#8217;da do\u011fdu. K\u00fc\u00e7\u00fck ya\u015flardan itibaren&nbsp; [&hellip;]<\/p>\n","protected":false},"author":1,"featured_media":479,"comment_status":"open","ping_status":"open","sticky":false,"template":"","format":"standard","meta":{"footnotes":""},"categories":[3],"tags":[],"class_list":["post-478","post","type-post","status-publish","format-standard","has-post-thumbnail","hentry","category-son-haberler"],"_links":{"self":[{"href":"https:\/\/famelifemagazin.com\/index.php?rest_route=\/wp\/v2\/posts\/478","targetHints":{"allow":["GET"]}}],"collection":[{"href":"https:\/\/famelifemagazin.com\/index.php?rest_route=\/wp\/v2\/posts"}],"about":[{"href":"https:\/\/famelifemagazin.com\/index.php?rest_route=\/wp\/v2\/types\/post"}],"author":[{"embeddable":true,"href":"https:\/\/famelifemagazin.com\/index.php?rest_route=\/wp\/v2\/users\/1"}],"replies":[{"embeddable":true,"href":"https:\/\/famelifemagazin.com\/index.php?rest_route=%2Fwp%2Fv2%2Fcomments&post=478"}],"version-history":[{"count":1,"href":"https:\/\/famelifemagazin.com\/index.php?rest_route=\/wp\/v2\/posts\/478\/revisions"}],"predecessor-version":[{"id":480,"href":"https:\/\/famelifemagazin.com\/index.php?rest_route=\/wp\/v2\/posts\/478\/revisions\/480"}],"wp:featuredmedia":[{"embeddable":true,"href":"https:\/\/famelifemagazin.com\/index.php?rest_route=\/wp\/v2\/media\/479"}],"wp:attachment":[{"href":"https:\/\/famelifemagazin.com\/index.php?rest_route=%2Fwp%2Fv2%2Fmedia&parent=478"}],"wp:term":[{"taxonomy":"category","embeddable":true,"href":"https:\/\/famelifemagazin.com\/index.php?rest_route=%2Fwp%2Fv2%2Fcategories&post=478"},{"taxonomy":"post_tag","embeddable":true,"href":"https:\/\/famelifemagazin.com\/index.php?rest_route=%2Fwp%2Fv2%2Ftags&post=478"}],"curies":[{"name":"wp","href":"https:\/\/api.w.org\/{rel}","templated":true}]}}