{"id":473,"date":"2024-01-04T11:55:08","date_gmt":"2024-01-04T11:55:08","guid":{"rendered":"https:\/\/famelifemagazin.com\/?p=473"},"modified":"2024-01-04T11:58:04","modified_gmt":"2024-01-04T11:58:04","slug":"kotu-hissettigim-anlar-oldu","status":"publish","type":"post","link":"https:\/\/famelifemagazin.com\/?p=473","title":{"rendered":"K\u00f6t\u00fc hissetti\u011fim anlar oldu.."},"content":{"rendered":"\n<p>Yal\u0131 \u00c7apk\u0131n\u0131 dizisindeki Orhan karakteriyle ad\u0131ndan s\u00f6z ettiren Altu\u011f devam\u0131nda &#8220;O d\u00fc\u015f\u00fc\u015f d\u00f6nemini annemin \u00f6l\u00fcm\u00fcyle ya\u015fad\u0131m ilk \u00f6nce bo\u015fand\u0131m arkas\u0131ndan annem \u00f6ld\u00fc \u00e7ok k\u00f6t\u00fc hissetti\u011fim anlar oldu ama ben bunu da \u00e7ok fazla payla\u015fmam&#8221; dedi.<\/p>\n\n\n\n<p>Altu\u011f &#8220;O s\u0131rada yan\u0131mda olanlar zedeleniyor tabii bencille\u015fiyorum kimse bunu hak etmiyor&#8221; ifadelerini kulland\u0131.<\/p>\n\n\n\n<p><\/p>\n\n\n\n<p>Bir d\u00f6nem \u00c7a\u011fla \u015e\u0131kel ile evli olan Altu\u011f &#8220;Biz \u00e7ok severek evlendik, bilin\u00e7li isteyerek mutlu bir evlili\u011fimiz oldu. Mutluyduk benim o evlili\u011fi k\u00f6t\u00fc hat\u0131rlamam\u0131 sa\u011flayacak hi\u00e7bir \u015fey yok!&#8221; dedi.<\/p>\n","protected":false},"excerpt":{"rendered":"<p>Yal\u0131 \u00c7apk\u0131n\u0131 dizisindeki Orhan karakteriyle ad\u0131ndan s\u00f6z ettiren Altu\u011f devam\u0131nda &#8220;O d\u00fc\u015f\u00fc\u015f d\u00f6nemini annemin \u00f6l\u00fcm\u00fcyle ya\u015fad\u0131m ilk \u00f6nce bo\u015fand\u0131m arkas\u0131ndan annem \u00f6ld\u00fc \u00e7ok k\u00f6t\u00fc hissetti\u011fim anlar oldu ama ben bunu da \u00e7ok fazla payla\u015fmam&#8221; dedi. Altu\u011f &#8220;O s\u0131rada yan\u0131mda olanlar zedeleniyor tabii bencille\u015fiyorum kimse bunu hak etmiyor&#8221; ifadelerini kulland\u0131. Bir d\u00f6nem \u00c7a\u011fla \u015e\u0131kel ile evli [&hellip;]<\/p>\n","protected":false},"author":1,"featured_media":474,"comment_status":"open","ping_status":"open","sticky":false,"template":"","format":"standard","meta":{"footnotes":""},"categories":[4,7,3],"tags":[],"class_list":["post-473","post","type-post","status-publish","format-standard","has-post-thumbnail","hentry","category-magazin","category-muzik","category-son-haberler"],"_links":{"self":[{"href":"https:\/\/famelifemagazin.com\/index.php?rest_route=\/wp\/v2\/posts\/473","targetHints":{"allow":["GET"]}}],"collection":[{"href":"https:\/\/famelifemagazin.com\/index.php?rest_route=\/wp\/v2\/posts"}],"about":[{"href":"https:\/\/famelifemagazin.com\/index.php?rest_route=\/wp\/v2\/types\/post"}],"author":[{"embeddable":true,"href":"https:\/\/famelifemagazin.com\/index.php?rest_route=\/wp\/v2\/users\/1"}],"replies":[{"embeddable":true,"href":"https:\/\/famelifemagazin.com\/index.php?rest_route=%2Fwp%2Fv2%2Fcomments&post=473"}],"version-history":[{"count":2,"href":"https:\/\/famelifemagazin.com\/index.php?rest_route=\/wp\/v2\/posts\/473\/revisions"}],"predecessor-version":[{"id":477,"href":"https:\/\/famelifemagazin.com\/index.php?rest_route=\/wp\/v2\/posts\/473\/revisions\/477"}],"wp:featuredmedia":[{"embeddable":true,"href":"https:\/\/famelifemagazin.com\/index.php?rest_route=\/wp\/v2\/media\/474"}],"wp:attachment":[{"href":"https:\/\/famelifemagazin.com\/index.php?rest_route=%2Fwp%2Fv2%2Fmedia&parent=473"}],"wp:term":[{"taxonomy":"category","embeddable":true,"href":"https:\/\/famelifemagazin.com\/index.php?rest_route=%2Fwp%2Fv2%2Fcategories&post=473"},{"taxonomy":"post_tag","embeddable":true,"href":"https:\/\/famelifemagazin.com\/index.php?rest_route=%2Fwp%2Fv2%2Ftags&post=473"}],"curies":[{"name":"wp","href":"https:\/\/api.w.org\/{rel}","templated":true}]}}