{"id":470,"date":"2024-01-03T13:24:19","date_gmt":"2024-01-03T13:24:19","guid":{"rendered":"https:\/\/famelifemagazin.com\/?p=470"},"modified":"2024-01-03T13:24:20","modified_gmt":"2024-01-03T13:24:20","slug":"meger-dizi-icinmis","status":"publish","type":"post","link":"https:\/\/famelifemagazin.com\/?p=470","title":{"rendered":"Me\u011fer dizi i\u00e7inmi\u015f.."},"content":{"rendered":"\n<p><a href=\"https:\/\/news.google.com\/s\/CBIwoO6BnSs?r=0&amp;oc=1\" target=\"_blank\" rel=\"noreferrer noopener\"><\/a><\/p>\n\n\n\n<h5 class=\"wp-block-heading\">Bir y\u0131ld\u0131r i\u015f insan\u0131 Hakan Sabanc\u0131 ile a\u015fk ya\u015fayan&nbsp;<a href=\"https:\/\/www.mynet.com\/haberler\/hande-ercel\">Hande Er\u00e7el<\/a>,&nbsp;<a href=\"https:\/\/www.mynet.com\/haberler\/sosyal-medya\">sosyal medya<\/a>&nbsp;hesab\u0131ndan yapt\u0131\u011f\u0131 payla\u015f\u0131mlarla g\u00fcndemden d\u00fc\u015fm\u00fcyor. Son olarak imaj tazeleyen Er\u00e7el sa\u00e7lar\u0131n\u0131 k\u0131z\u0131la boyatm\u0131\u015ft\u0131. \u0130ddiaya g\u00f6re \u00fcnl\u00fc oyuncunun imaj de\u011fi\u015ftirmesinin sebebi Yal\u0131 \u00c7apk\u0131n\u0131 dizisi. Oyuncunun dizide \u0130fakat&#8217;in k\u0131z\u0131n\u0131 canland\u0131raca\u011f\u0131 iddia edildi.<\/h5>\n\n\n\n<figure class=\"wp-block-embed\"><div class=\"wp-block-embed__wrapper\">\nhttps:\/\/www.mynet.com\/tv\/embed\/featured?service=magazin&#038;autoplay=1&#038;volume=0&#038;title=0\n<\/div><\/figure>\n\n\n\n<p>Hakan Sabanc\u0131 ile ya\u015fad\u0131\u011f\u0131 a\u015fkla ve pozlar\u0131yla g\u00fcndemden d\u00fc\u015fmeyen Hande Er\u00e7el son olarak Burak Deniz ile ba\u015frol\u00fcn\u00fc payla\u015ft\u0131\u011f\u0131 Bamba\u015fka Biri dizisiyle izleyicisinin kar\u015f\u0131s\u0131na \u00e7\u0131km\u0131\u015ft\u0131. Dizinin erken final yapmas\u0131n\u0131n ard\u0131ndan imaj tazeleyen Er\u00e7el&#8217;in son hali \u00e7ok konu\u015fulmu\u015ftu.<\/p>\n\n\n\n<p><a href=\"https:\/\/trc.taboola.com\/mynetnewtr-mynet\/log\/3\/click?pi=%2Fhande-ercel-in-begenilmeyen-kizil-imaji-meger-dizi-icinmis-cok-konusulan-diziye-mi-dahil-oldu-491356-mymagazin&amp;ri=f7245d8344df351a6c5837516852f71e&amp;sd=v2_bab17a9e9f4efea3174a15d93c740021_8e09c4a4-9bf1-4312-abb4-1e60b01d4661-tuct8560043_1704287838_1704287902_CAwQ4d1TGMmv5vvMMSADKAQw2QE4juENQJbmDUj-8tkDUP___________wFYAGDOAmj7qrOBteX1_-gBcAE&amp;ui=8e09c4a4-9bf1-4312-abb4-1e60b01d4661-tuct8560043&amp;it=text&amp;ii=~~V1~~8556485740688596039~~euHcndWLW01RtgQz-mKSYaYwQCXUjuuJEpA4_sjgusQe79Ni-eBnd8iQ4KmvvX-QCoTT_IvWFG7RTbSa_z-XXu1FbyqS3QvfyRXB3wg9T20ZNiry-M20ULtlkFGKKl116kySVNyMWk0yAq9IiRWot1UNPn5R4LALnJmNgkyu8JkNqTPKKUvDPfvB4JWACXZ5&amp;pt=text&amp;li=rbox-t2m&amp;sig=6c15bc0af397c8812b4e848c02fd5a769d5dab087f5a&amp;redir=https%3A%2F%2Fbit.ly%2F3trLmtd%3Futm_source%3Dtaboola%26utm_medium%3Dreferral%26tblci%3DGiAJKk_-QK7LqFMFu8Nz1VsRCia4efH1s0b057kBWIasdyC5uVso6Pji6qTM2457%23tblciGiAJKk_-QK7LqFMFu8Nz1VsRCia4efH1s0b057kBWIasdyC5uVso6Pji6qTM2457&amp;vi=1704287901641&amp;p=adpeoplemediaadvertiseraccount-sc&amp;r=63&amp;tvi48=10143&amp;tvi50=9864&amp;lti=deflated&amp;ppb=CCQ&amp;cpb=EhMyMDI0MDEwMy0xMi1SRUxFQVNFGIC629MGIMKjKyoWdGFib29sYXN5bmRpY2F0aW9uLmNvbTIIdHJjMDAyNjk4gJb9_gFAjuENSJbmDVD-8tkDWP___________wFjCNA3EJ9PGDBkYwiqNRCITRgyZGMI1xYQ1R8YI2RjCIJVELRwGCRkYwjSAxDgBhgIZGMIlhQQoBwYGGRjCPQUEJ4dGB9kYwikJxCDNRgvZHgCgAEQiAHTgd3SAZABCZgB-Lnm-8wx&amp;vct=0.94\" target=\"_blank\" rel=\"noreferrer noopener\"><\/a><\/p>\n\n\n\n<p>S\u00f6ylemezsem Olmaz program\u0131n\u0131n iddias\u0131na g\u00f6re, sa\u00e7lar\u0131n\u0131 boyatan Hande Er\u00e7el&#8217;in imaj de\u011fi\u015ftirmesinin sebebinin Yal\u0131 \u00c7apk\u0131n\u0131.<\/p>\n\n\n\n<p>\u0130ddiaya g\u00f6re, Pelin&#8217;in d\u00f6n\u00fc\u015f\u00fcnden istedi\u011fi verimi alamayan yap\u0131m ekibi, Hande Er\u00e7el ile anla\u015fmaya vard\u0131. Yine iddiaya g\u00f6re Er\u00e7el dizide \u0130fakat&#8217;\u0131n k\u0131z\u0131 olarak diziye kat\u0131lacak. \u00d6yle ki, beklenilen sonu\u00e7lar al\u0131n\u0131rsa Pelin karakterinin diziden ayr\u0131lmas\u0131 dahi d\u00fc\u015f\u00fcn\u00fcl\u00fcyor.<\/p>\n\n\n\n<figure class=\"wp-block-image\"><img decoding=\"async\" src=\"https:\/\/imgrosetta.mynet.com.tr\/file\/18221751\/640xauto.jpg\" alt=\"yal\u0131 \u00e7apk\u0131n\u0131\"\/><\/figure>\n\n\n\n<p>Afra Sara\u00e7o\u011flu, Mert Ramazan Demir, \u00c7etin&nbsp;<a href=\"https:\/\/www.mynet.com\/haberler\/tekindor\">Tekindor<\/a>, \u015eerif Sezer, G\u00fcl\u00e7in Sant\u0131rc\u0131o\u011flu, Emre Altu\u011f, G\u00f6zde Kansu, Ersin Ar\u0131c\u0131, Beril Pozam, \u0130rem Altu\u011f, \u00d6znur Ser\u00e7eler, H\u00fclya Duyar, Diren Polato\u011fullar\u0131, Sezin Bozac\u0131, Yi\u011fit Tuncay,<\/p>\n","protected":false},"excerpt":{"rendered":"<p>Bir y\u0131ld\u0131r i\u015f insan\u0131 Hakan Sabanc\u0131 ile a\u015fk ya\u015fayan&nbsp;Hande Er\u00e7el,&nbsp;sosyal medya&nbsp;hesab\u0131ndan yapt\u0131\u011f\u0131 payla\u015f\u0131mlarla g\u00fcndemden d\u00fc\u015fm\u00fcyor. Son olarak imaj tazeleyen Er\u00e7el sa\u00e7lar\u0131n\u0131 k\u0131z\u0131la boyatm\u0131\u015ft\u0131. \u0130ddiaya g\u00f6re \u00fcnl\u00fc oyuncunun imaj de\u011fi\u015ftirmesinin sebebi Yal\u0131 \u00c7apk\u0131n\u0131 dizisi. Oyuncunun dizide \u0130fakat&#8217;in k\u0131z\u0131n\u0131 canland\u0131raca\u011f\u0131 iddia edildi. Hakan Sabanc\u0131 ile ya\u015fad\u0131\u011f\u0131 a\u015fkla ve pozlar\u0131yla g\u00fcndemden d\u00fc\u015fmeyen Hande Er\u00e7el son olarak Burak Deniz [&hellip;]<\/p>\n","protected":false},"author":1,"featured_media":471,"comment_status":"open","ping_status":"open","sticky":false,"template":"","format":"standard","meta":{"footnotes":""},"categories":[10,4,3],"tags":[],"class_list":["post-470","post","type-post","status-publish","format-standard","has-post-thumbnail","hentry","category-kultur-sanat-sergi","category-magazin","category-son-haberler"],"_links":{"self":[{"href":"https:\/\/famelifemagazin.com\/index.php?rest_route=\/wp\/v2\/posts\/470","targetHints":{"allow":["GET"]}}],"collection":[{"href":"https:\/\/famelifemagazin.com\/index.php?rest_route=\/wp\/v2\/posts"}],"about":[{"href":"https:\/\/famelifemagazin.com\/index.php?rest_route=\/wp\/v2\/types\/post"}],"author":[{"embeddable":true,"href":"https:\/\/famelifemagazin.com\/index.php?rest_route=\/wp\/v2\/users\/1"}],"replies":[{"embeddable":true,"href":"https:\/\/famelifemagazin.com\/index.php?rest_route=%2Fwp%2Fv2%2Fcomments&post=470"}],"version-history":[{"count":1,"href":"https:\/\/famelifemagazin.com\/index.php?rest_route=\/wp\/v2\/posts\/470\/revisions"}],"predecessor-version":[{"id":472,"href":"https:\/\/famelifemagazin.com\/index.php?rest_route=\/wp\/v2\/posts\/470\/revisions\/472"}],"wp:featuredmedia":[{"embeddable":true,"href":"https:\/\/famelifemagazin.com\/index.php?rest_route=\/wp\/v2\/media\/471"}],"wp:attachment":[{"href":"https:\/\/famelifemagazin.com\/index.php?rest_route=%2Fwp%2Fv2%2Fmedia&parent=470"}],"wp:term":[{"taxonomy":"category","embeddable":true,"href":"https:\/\/famelifemagazin.com\/index.php?rest_route=%2Fwp%2Fv2%2Fcategories&post=470"},{"taxonomy":"post_tag","embeddable":true,"href":"https:\/\/famelifemagazin.com\/index.php?rest_route=%2Fwp%2Fv2%2Ftags&post=470"}],"curies":[{"name":"wp","href":"https:\/\/api.w.org\/{rel}","templated":true}]}}