{"id":465,"date":"2024-01-02T12:54:04","date_gmt":"2024-01-02T12:54:04","guid":{"rendered":"https:\/\/famelifemagazin.com\/?p=465"},"modified":"2024-01-02T12:55:44","modified_gmt":"2024-01-02T12:55:44","slug":"tepkisiz-kalmadi","status":"publish","type":"post","link":"https:\/\/famelifemagazin.com\/?p=465","title":{"rendered":"Tepkisiz kalmad\u0131&#8230;"},"content":{"rendered":"\n<h5 class=\"wp-block-heading\">Azerbaycan&#8217;\u0131n M\u00fcge Anl\u0131&#8217;s\u0131 olarak tan\u0131nan Ho\u015fkedem Hidayetk\u0131z\u0131 ile 9 y\u0131l \u00f6nce evlenen \u015fark\u0131c\u0131&nbsp;<a href=\"https:\/\/www.mynet.com\/haberler\/dogus\">Do\u011fu\u015f<\/a>&nbsp;yeni y\u0131l\u0131 ailesiyle ge\u00e7irdi. \u00c7ocuklar\u0131 ve e\u015fiyle pozlar\u0131n\u0131 payla\u015fan Do\u011fu\u015f beklemedi\u011fi bir tepki ald\u0131.<\/h5>\n\n\n\n<figure class=\"wp-block-image\"><img decoding=\"async\" src=\"https:\/\/imgrosetta.mynet.com.tr\/file\/18216601\/18216601-728xauto.jpg\" alt=\"Azerbaycan'\u0131n M\u00fcge Anl\u0131's\u0131yla evli... Do\u011fu\u015f aile pozuna gelen yoruma tepkisiz kalmad\u0131\"\/><\/figure>\n\n\n\n<p>&#8216;Gams\u0131z&#8217;, &#8216;Bunun Ad\u0131na Y\u00fcrek Derler&#8217;, &#8216;Yalanc\u0131&#8217; ve &#8216;Yemin Ettim Sana&#8217; par\u00e7alar\u0131yla bir d\u00f6neme damga vuran \u015fark\u0131c\u0131 Do\u011fu\u015f e\u015fi ve \u00e7ocuklar\u0131yla yeni y\u0131l i\u00e7in poz verdi.<\/p>\n\n\n\n<p>Azerbaycan&#8217;\u0131n M\u00fcge Anl\u0131&#8217;s\u0131 olarak tan\u0131nan Ho\u015fkedem Hidayetk\u0131z\u0131 g\u00fczelli\u011fiyle be\u011feni toplad\u0131.<\/p>\n\n\n\n<figure class=\"wp-block-image\"><img decoding=\"async\" src=\"https:\/\/imgrosetta.mynet.com.tr\/file\/18215459\/640xauto.jpg\" alt=\"dsfdsf\"\/><\/figure>\n\n\n\n<p>&#8220;Yeni y\u0131lda ger\u00e7ekten dile\u011fim sava\u015fs\u0131z, huzurla, sa\u011fl\u0131kla, mutlulukla 2024 gel gel art\u0131k kimsenin \u00fcz\u00fclmedi\u011fi 1997 gibi gel Allah\u2019\u0131n\u0131 seversen gel&#8221; diyen Do\u011fu\u015f&#8217;a bir takip\u00e7isi tepki g\u00f6sterdi.<\/p>\n\n\n\n<p><a href=\"https:\/\/multinet.com.tr\/multipetrol-shell-tasit-tanima-sistemi\" target=\"_blank\" rel=\"noreferrer noopener\"><\/a><\/p>\n\n\n\n<p>Bir s\u00fcre \u00f6nce e\u015finin ailesiyle ya\u015fad\u0131\u011f\u0131 sorunlar\u0131 a\u015famay\u0131nca \u0130stanbul&#8217;a geri d\u00f6nd\u00fc\u011f\u00fc iddia edilen ve bo\u015fanma haberleriyle g\u00fcndeme gelen Do\u011fu\u015f&#8217;un aile pozuna bir takip\u00e7i &#8220;\u0130nsanlar nerede diye m\u00fcthi\u015f bir \u015fark\u0131 yazan g\u00fczel y\u00fcrekli insana Gazze&#8217;de \u00e7ocuklar \u00f6l\u00fcrken y\u0131lba\u015f\u0131 kutlamay\u0131 yak\u0131\u015ft\u0131ramad\u0131m, istedi\u011fini kadar lin\u00e7leyebilirsiniz. Do\u011fu\u015f gibi y\u00fcre\u011fi g\u00fczel birine yak\u0131\u015fmad\u0131 abi yak\u0131\u015fmad\u0131, m\u00fcsl\u00fcman y\u0131lba\u015f\u0131 kutlamaz&#8221; yorumunda bulundu.<\/p>\n\n\n\n<p>Do\u011fu\u015f ise bu yoruma &#8220;Ah benim g\u00fczel karde\u015fim insanl\u0131\u011fa g\u00fczel dileklerde bulunmasak daha m\u0131 iyi he can\u0131m&#8221; yan\u0131t\u0131n\u0131 verdi.<\/p>\n","protected":false},"excerpt":{"rendered":"<p>Azerbaycan&#8217;\u0131n M\u00fcge Anl\u0131&#8217;s\u0131 olarak tan\u0131nan Ho\u015fkedem Hidayetk\u0131z\u0131 ile 9 y\u0131l \u00f6nce evlenen \u015fark\u0131c\u0131&nbsp;Do\u011fu\u015f&nbsp;yeni y\u0131l\u0131 ailesiyle ge\u00e7irdi. \u00c7ocuklar\u0131 ve e\u015fiyle pozlar\u0131n\u0131 payla\u015fan Do\u011fu\u015f beklemedi\u011fi bir tepki ald\u0131. &#8216;Gams\u0131z&#8217;, &#8216;Bunun Ad\u0131na Y\u00fcrek Derler&#8217;, &#8216;Yalanc\u0131&#8217; ve &#8216;Yemin Ettim Sana&#8217; par\u00e7alar\u0131yla bir d\u00f6neme damga vuran \u015fark\u0131c\u0131 Do\u011fu\u015f e\u015fi ve \u00e7ocuklar\u0131yla yeni y\u0131l i\u00e7in poz verdi. Azerbaycan&#8217;\u0131n M\u00fcge Anl\u0131&#8217;s\u0131 olarak [&hellip;]<\/p>\n","protected":false},"author":1,"featured_media":466,"comment_status":"open","ping_status":"open","sticky":false,"template":"","format":"standard","meta":{"footnotes":""},"categories":[4,7,3],"tags":[],"class_list":["post-465","post","type-post","status-publish","format-standard","has-post-thumbnail","hentry","category-magazin","category-muzik","category-son-haberler"],"_links":{"self":[{"href":"https:\/\/famelifemagazin.com\/index.php?rest_route=\/wp\/v2\/posts\/465","targetHints":{"allow":["GET"]}}],"collection":[{"href":"https:\/\/famelifemagazin.com\/index.php?rest_route=\/wp\/v2\/posts"}],"about":[{"href":"https:\/\/famelifemagazin.com\/index.php?rest_route=\/wp\/v2\/types\/post"}],"author":[{"embeddable":true,"href":"https:\/\/famelifemagazin.com\/index.php?rest_route=\/wp\/v2\/users\/1"}],"replies":[{"embeddable":true,"href":"https:\/\/famelifemagazin.com\/index.php?rest_route=%2Fwp%2Fv2%2Fcomments&post=465"}],"version-history":[{"count":2,"href":"https:\/\/famelifemagazin.com\/index.php?rest_route=\/wp\/v2\/posts\/465\/revisions"}],"predecessor-version":[{"id":469,"href":"https:\/\/famelifemagazin.com\/index.php?rest_route=\/wp\/v2\/posts\/465\/revisions\/469"}],"wp:featuredmedia":[{"embeddable":true,"href":"https:\/\/famelifemagazin.com\/index.php?rest_route=\/wp\/v2\/media\/466"}],"wp:attachment":[{"href":"https:\/\/famelifemagazin.com\/index.php?rest_route=%2Fwp%2Fv2%2Fmedia&parent=465"}],"wp:term":[{"taxonomy":"category","embeddable":true,"href":"https:\/\/famelifemagazin.com\/index.php?rest_route=%2Fwp%2Fv2%2Fcategories&post=465"},{"taxonomy":"post_tag","embeddable":true,"href":"https:\/\/famelifemagazin.com\/index.php?rest_route=%2Fwp%2Fv2%2Ftags&post=465"}],"curies":[{"name":"wp","href":"https:\/\/api.w.org\/{rel}","templated":true}]}}