{"id":462,"date":"2024-01-02T12:48:10","date_gmt":"2024-01-02T12:48:10","guid":{"rendered":"https:\/\/famelifemagazin.com\/?p=462"},"modified":"2024-01-02T12:49:47","modified_gmt":"2024-01-02T12:49:47","slug":"altini-unutmussun","status":"publish","type":"post","link":"https:\/\/famelifemagazin.com\/?p=462","title":{"rendered":"Alt\u0131n\u0131 unutmu\u015fsun.."},"content":{"rendered":"\n<h1 class=\"wp-block-heading\"><\/h1>\n\n\n\n<h5 class=\"wp-block-heading\">Oscar \u00f6d\u00fcll\u00fc oyuncu Halle Berry, sosyal medya hesab\u0131ndan yapt\u0131\u011f\u0131 payla\u015f\u0131mlarla ad\u0131ndan s\u00f6z ettiriyor. \u00dcnl\u00fc isim son olarak \u00e7\u0131t\u00e7\u0131tl\u0131 body giyerek bu kombini ceketle tamamland\u0131. Berry&#8217;nin tarz\u0131na yorum ya\u011fd\u0131.<\/h5>\n\n\n\n<figure class=\"wp-block-image\"><img decoding=\"async\" src=\"https:\/\/imgrosetta.mynet.com.tr\/file\/18216431\/18216431-530x400.jpg\" alt=\"\u00c7\u0131t\u00e7\u0131tl\u0131 body giydi! Halle Berry'nin tarz\u0131na yorum ya\u011fd\u0131: Alt\u0131n\u0131 unutmu\u015fsun\"\/><\/figure>\n\n\n\n<p>Oscar \u00f6d\u00fcll\u00fc oyuncu Halle Berry, kelimenin tam anlam\u0131yla y\u0131llara meydan okuyor. Spor yapmay\u0131 g\u00fcnl\u00fck hayat\u0131n\u0131n bir par\u00e7as\u0131 haline getiren 57 ya\u015f\u0131ndaki Berry, yeni y\u0131l tarz\u0131yla da ad\u0131ndan s\u00f6z ettirdi.<\/p>\n\n\n\n<h2 class=\"wp-block-heading\"><\/h2>\n\n\n\n<p>Halle Berry, Instagram takip\u00e7ilerine &#8220;Mutlu Y\u0131llar&#8221; dilemek i\u00e7in pozlar\u0131n\u0131 payla\u015ft\u0131. \u00dcnl\u00fc oyuncu g\u00f6\u011fs\u00fcn\u00fc, ince belini ve dolgun bacaklar\u0131n\u0131 sergileyen siyah dantel bir \u00e7\u0131t\u00e7\u0131tl\u0131 bir body giydi.<\/p>\n\n\n\n<h2 class=\"wp-block-heading\"><\/h2>\n\n\n\n<figure class=\"wp-block-image\"><img decoding=\"async\" src=\"https:\/\/imgrosetta.mynet.com.tr\/file\/18216358\/640xauto.jpg\" alt=\"\"\/><\/figure>\n\n\n\n<p>Kombinini alt\u0131n rengi \u00f6zel dikim bir blazer ceket ile tamamlayan Berry, g\u00f6r\u00fcn\u00fcm\u00fcyle hayranlar\u0131n\u0131 mest etti.<\/p>\n\n\n\n<h2 class=\"wp-block-heading\"><\/h2>\n\n\n\n<figure class=\"wp-block-image\"><img decoding=\"async\" src=\"https:\/\/imgrosetta.mynet.com.tr\/file\/18216359\/640xauto.jpg\" alt=\"\"\/><\/figure>\n\n\n\n<p>\u00dcnl\u00fc y\u0131ld\u0131za baz\u0131 takip\u00e7ileri ise &#8220;Alt\u0131na bir \u015fey giymeyi unutmu\u015fsun&#8221; yorumlar\u0131nda bulundu.<\/p>\n\n\n\n<h2 class=\"wp-block-heading\"><\/h2>\n\n\n\n<figure class=\"wp-block-image\"><img decoding=\"async\" src=\"https:\/\/imgrosetta.mynet.com.tr\/file\/18216360\/640xauto.jpg\" alt=\"\"\/><\/figure>\n\n\n\n<p>Halle Berry y\u0131llara meydan okuyan tarz\u0131n\u0131 spora bor\u00e7lu. Oscar \u00f6d\u00fcll\u00fc Berry, \u00fcnl\u00fclerin spor e\u011fitmeni olarak da tan\u0131nan Peter Lee Thomas ile de \u00e7al\u0131\u015f\u0131yor. Halle Berry, kimi zaman da bacak g\u00fc\u00e7lendirici egzersizlerini payla\u015f\u0131yor sosyal medya sayfas\u0131ndan. Genellikle e\u011fitmeniyle birlikte \u00e7al\u0131\u015fan Berry, kimi zaman da \u00e7ocuklar\u0131yla vakit ge\u00e7irirken bile egzersiz yap\u0131yor.<\/p>\n","protected":false},"excerpt":{"rendered":"<p>Oscar \u00f6d\u00fcll\u00fc oyuncu Halle Berry, sosyal medya hesab\u0131ndan yapt\u0131\u011f\u0131 payla\u015f\u0131mlarla ad\u0131ndan s\u00f6z ettiriyor. \u00dcnl\u00fc isim son olarak \u00e7\u0131t\u00e7\u0131tl\u0131 body giyerek bu kombini ceketle tamamland\u0131. Berry&#8217;nin tarz\u0131na yorum ya\u011fd\u0131. Oscar \u00f6d\u00fcll\u00fc oyuncu Halle Berry, kelimenin tam anlam\u0131yla y\u0131llara meydan okuyor. Spor yapmay\u0131 g\u00fcnl\u00fck hayat\u0131n\u0131n bir par\u00e7as\u0131 haline getiren 57 ya\u015f\u0131ndaki Berry, yeni y\u0131l tarz\u0131yla da ad\u0131ndan [&hellip;]<\/p>\n","protected":false},"author":1,"featured_media":464,"comment_status":"open","ping_status":"open","sticky":false,"template":"","format":"standard","meta":{"footnotes":""},"categories":[5,4,3],"tags":[],"class_list":["post-462","post","type-post","status-publish","format-standard","has-post-thumbnail","hentry","category-guzellik-estetik","category-magazin","category-son-haberler"],"_links":{"self":[{"href":"https:\/\/famelifemagazin.com\/index.php?rest_route=\/wp\/v2\/posts\/462","targetHints":{"allow":["GET"]}}],"collection":[{"href":"https:\/\/famelifemagazin.com\/index.php?rest_route=\/wp\/v2\/posts"}],"about":[{"href":"https:\/\/famelifemagazin.com\/index.php?rest_route=\/wp\/v2\/types\/post"}],"author":[{"embeddable":true,"href":"https:\/\/famelifemagazin.com\/index.php?rest_route=\/wp\/v2\/users\/1"}],"replies":[{"embeddable":true,"href":"https:\/\/famelifemagazin.com\/index.php?rest_route=%2Fwp%2Fv2%2Fcomments&post=462"}],"version-history":[{"count":1,"href":"https:\/\/famelifemagazin.com\/index.php?rest_route=\/wp\/v2\/posts\/462\/revisions"}],"predecessor-version":[{"id":463,"href":"https:\/\/famelifemagazin.com\/index.php?rest_route=\/wp\/v2\/posts\/462\/revisions\/463"}],"wp:featuredmedia":[{"embeddable":true,"href":"https:\/\/famelifemagazin.com\/index.php?rest_route=\/wp\/v2\/media\/464"}],"wp:attachment":[{"href":"https:\/\/famelifemagazin.com\/index.php?rest_route=%2Fwp%2Fv2%2Fmedia&parent=462"}],"wp:term":[{"taxonomy":"category","embeddable":true,"href":"https:\/\/famelifemagazin.com\/index.php?rest_route=%2Fwp%2Fv2%2Fcategories&post=462"},{"taxonomy":"post_tag","embeddable":true,"href":"https:\/\/famelifemagazin.com\/index.php?rest_route=%2Fwp%2Fv2%2Ftags&post=462"}],"curies":[{"name":"wp","href":"https:\/\/api.w.org\/{rel}","templated":true}]}}