{"id":4485,"date":"2024-12-12T08:11:25","date_gmt":"2024-12-12T08:11:25","guid":{"rendered":"https:\/\/famelifemagazin.com\/?p=4485"},"modified":"2024-12-12T08:11:26","modified_gmt":"2024-12-12T08:11:26","slug":"tenzor-international-cup-j-70-kis-serisi-heyecani-basliyor","status":"publish","type":"post","link":"https:\/\/famelifemagazin.com\/?p=4485","title":{"rendered":"TENZOR INTERNATIONAL CUP J\/70 KI\u015e SER\u0130S\u0130 HEYECANI BA\u015eLIYOR&#8230;"},"content":{"rendered":"\n<p><strong>Aspat Koyu ve Ege Denizi\u2019nin e\u015fsiz manzaras\u0131nda ger\u00e7ekle\u015fecek olan Tenzor International Cup \u2013 J\/70 A\u00e7\u0131k K\u0131\u015f Serisi 2024-2025\u2019in ilk etab\u0131, 12-15 Aral\u0131k tarihleri aras\u0131nda yelkencilerin k\u0131yas\u0131ya rekabetine sahne olacak.<\/strong><\/p>\n\n\n\n<p>T\u00fcrkiye Yelken Federasyonu ve J\/70 Uluslararas\u0131 Derne\u011fi taraf\u0131ndan desteklenen organizasyon, hem ulusal hem de uluslararas\u0131 d\u00fczeyde b\u00fcy\u00fck ilgi g\u00f6r\u00fcyor.<\/p>\n\n\n\n<h3 class=\"wp-block-heading\">ULUSLARARASI KATILIMCI L\u0130STES\u0130<\/h3>\n\n\n\n<p>A\u00e7\u0131k ve Corinthian kategorilerinde toplam 16 tak\u0131m yar\u0131\u015facak. Kat\u0131l\u0131mc\u0131lar aras\u0131nda ge\u00e7en sezonun en iyi be\u015f tak\u0131m\u0131 olan Tenzor Team, Bogatyrs, Dolce Vita, Hubex ve Cheese Sailing gibi ekipler \u00f6ne \u00e7\u0131k\u0131yor. T\u00fcrkiye\u2019den Eker ve IVEDI gibi g\u00fc\u00e7l\u00fc temsilciler de bu zorlu m\u00fccadelede yer alacak. Yar\u0131\u015fta, uluslararas\u0131 deneyime sahip Double V Sailing Team, O1 PROPERTIES, ATOLL Sailing ve TREM Sailing gibi yeni tak\u0131mlar da boy g\u00f6sterecek. \u00d6zellikle Double V Sailing Team\u2019in \u201cDragon\u201d s\u0131n\u0131f\u0131 yelkencilerle olu\u015fturdu\u011fu kadro ve ATOLL Sailing\u2019in Melges s\u0131n\u0131f\u0131ndaki deneyimi, b\u00fcy\u00fck heyecan yarat\u0131yor.<\/p>\n\n\n\n<h3 class=\"wp-block-heading\">CORINTHIAN KATEGOR\u0130S\u0130NDE SIKI REKABET<\/h3>\n\n\n\n<p>Corinthian kategorisinde ise ge\u00e7en sezonun dikkat \u00e7eken tak\u0131mlar\u0131 bir araya geliyor. AYAZ ve ASPAT tak\u0131mlar\u0131 yerel yar\u0131\u015flar\u0131n favorileri olarak g\u00f6r\u00fcl\u00fcrken, uluslararas\u0131 bir m\u00fcrettebatla yar\u0131\u015facak Ada JR tak\u0131m\u0131 da g\u00fc\u00e7l\u00fc rakipler aras\u0131nda yer al\u0131yor. Orient Express ve Gaswar ekipleri de Corinthian kategorisinde \u015fampiyonluk i\u00e7in m\u00fccadele edecek.<\/p>\n\n\n\n<h3 class=\"wp-block-heading\">YARI\u015e TAKV\u0130M\u0130<\/h3>\n\n\n\n<p>Tenzor International Cup \u2013 J\/70 K\u0131\u015f Serisi, bir antrenman g\u00fcn\u00fc ve \u00fc\u00e7 yar\u0131\u015f g\u00fcn\u00fcnden olu\u015facak. \u0130lk etap, be\u015f ayaktan olu\u015fan serinin ba\u015flang\u0131c\u0131n\u0131 olu\u015fturacak ve genel s\u0131ralamada avantaj sa\u011flamak isteyen tak\u0131mlar i\u00e7in b\u00fcy\u00fck \u00f6nem ta\u015f\u0131yacak. Adrenalin dolu m\u00fccadelelerin ya\u015fanmas\u0131 beklenen organizasyonda, strateji ve tak\u0131m uyumunun \u00f6n planda oldu\u011fu zorlu bir rekabet izlenecek.<\/p>\n\n\n\n<h3 class=\"wp-block-heading\">DENEY\u0130ML\u0130 HAKEMLER<\/h3>\n\n\n\n<p>Yar\u0131\u015flarda, T\u00fcrkiye Yelken Federasyonu\u2019nun deneyimli isimlerinden Can Giray ba\u015f hakem olarak g\u00f6rev alacak. H\u0131rvatistan\u2019dan gelen ve b\u00fcy\u00fck organizasyonlardaki tecr\u00fcbesiyle bilinen Neven Baran ise ba\u015f umpire olarak adil bir yar\u0131\u015f ortam\u0131n\u0131n sa\u011flanmas\u0131nda kritik bir rol \u00fcstlenecek. Organizasyonda yer alacak hakem ekibi, uluslararas\u0131 standartlarda bir y\u00f6netim i\u00e7in t\u00fcm haz\u0131rl\u0131klar\u0131n\u0131 tamamlad\u0131.<\/p>\n\n\n\n<h3 class=\"wp-block-heading\">T\u00dcRK\u0130YE YELKEN SPORUNUN ULUSLARARASI G\u00d6R\u00dcN\u00dcRL\u00dc\u011e\u00dc ARTIYOR<\/h3>\n\n\n\n<p>Bu yar\u0131\u015f, sadece yelken sporunun heyecan\u0131n\u0131 ya\u015fatmakla kalmayacak, ayn\u0131 zamanda T\u00fcrkiye\u2019nin uluslararas\u0131 yelken camias\u0131ndaki konumunu g\u00fc\u00e7lendirmek i\u00e7in \u00f6nemli bir ad\u0131m olacak. Aspat Koyu\u2019nda ger\u00e7ekle\u015fecek bu prestijli organizasyon, hem yerel sporcular hem de b\u00f6lge turizmi i\u00e7in b\u00fcy\u00fck bir f\u0131rsat sunuyor. Yar\u0131\u015flar\u0131n ilerleyen etaplar\u0131nda rekabetin daha da artmas\u0131 bekleniyor.<\/p>\n\n\n\n<figure class=\"wp-block-gallery has-nested-images columns-default is-cropped wp-block-gallery-1 is-layout-flex wp-block-gallery-is-layout-flex\">\n<figure class=\"wp-block-image size-large\"><img loading=\"lazy\" decoding=\"async\" width=\"1024\" height=\"684\" data-id=\"4487\" src=\"https:\/\/famelifemagazin.com\/wp-content\/uploads\/2024\/12\/Burak-Zengin-AP-Tesisi-Yonetimi-AS-Genel-Muduru-Copy.jpg\" alt=\"\" class=\"wp-image-4487\" srcset=\"https:\/\/famelifemagazin.com\/wp-content\/uploads\/2024\/12\/Burak-Zengin-AP-Tesisi-Yonetimi-AS-Genel-Muduru-Copy.jpg 1024w, https:\/\/famelifemagazin.com\/wp-content\/uploads\/2024\/12\/Burak-Zengin-AP-Tesisi-Yonetimi-AS-Genel-Muduru-Copy-300x200.jpg 300w, https:\/\/famelifemagazin.com\/wp-content\/uploads\/2024\/12\/Burak-Zengin-AP-Tesisi-Yonetimi-AS-Genel-Muduru-Copy-768x513.jpg 768w\" sizes=\"auto, (max-width: 1024px) 100vw, 1024px\" \/><\/figure>\n\n\n\n<figure class=\"wp-block-image size-large\"><img loading=\"lazy\" decoding=\"async\" width=\"1024\" height=\"683\" data-id=\"4486\" src=\"https:\/\/famelifemagazin.com\/wp-content\/uploads\/2024\/12\/Fotograf-2-Copy.jpg\" alt=\"\" class=\"wp-image-4486\" srcset=\"https:\/\/famelifemagazin.com\/wp-content\/uploads\/2024\/12\/Fotograf-2-Copy.jpg 1024w, https:\/\/famelifemagazin.com\/wp-content\/uploads\/2024\/12\/Fotograf-2-Copy-300x200.jpg 300w, https:\/\/famelifemagazin.com\/wp-content\/uploads\/2024\/12\/Fotograf-2-Copy-768x512.jpg 768w\" sizes=\"auto, (max-width: 1024px) 100vw, 1024px\" \/><\/figure>\n\n\n\n<figure class=\"wp-block-image size-large\"><img loading=\"lazy\" decoding=\"async\" width=\"1024\" height=\"684\" data-id=\"4489\" src=\"https:\/\/famelifemagazin.com\/wp-content\/uploads\/2024\/12\/Fotograf-3-Copy.jpg\" alt=\"\" class=\"wp-image-4489\" srcset=\"https:\/\/famelifemagazin.com\/wp-content\/uploads\/2024\/12\/Fotograf-3-Copy.jpg 1024w, https:\/\/famelifemagazin.com\/wp-content\/uploads\/2024\/12\/Fotograf-3-Copy-300x200.jpg 300w, https:\/\/famelifemagazin.com\/wp-content\/uploads\/2024\/12\/Fotograf-3-Copy-768x513.jpg 768w\" sizes=\"auto, (max-width: 1024px) 100vw, 1024px\" \/><\/figure>\n\n\n\n<figure class=\"wp-block-image size-large\"><img loading=\"lazy\" decoding=\"async\" width=\"1024\" height=\"683\" data-id=\"4490\" src=\"https:\/\/famelifemagazin.com\/wp-content\/uploads\/2024\/12\/Fotograf-4-Copy.jpg\" alt=\"\" class=\"wp-image-4490\" srcset=\"https:\/\/famelifemagazin.com\/wp-content\/uploads\/2024\/12\/Fotograf-4-Copy.jpg 1024w, https:\/\/famelifemagazin.com\/wp-content\/uploads\/2024\/12\/Fotograf-4-Copy-300x200.jpg 300w, https:\/\/famelifemagazin.com\/wp-content\/uploads\/2024\/12\/Fotograf-4-Copy-768x512.jpg 768w\" sizes=\"auto, (max-width: 1024px) 100vw, 1024px\" \/><\/figure>\n\n\n\n<figure class=\"wp-block-image size-large\"><img loading=\"lazy\" decoding=\"async\" width=\"1024\" height=\"684\" data-id=\"4488\" src=\"https:\/\/famelifemagazin.com\/wp-content\/uploads\/2024\/12\/Fotograf-5-Copy.jpg\" alt=\"\" class=\"wp-image-4488\" srcset=\"https:\/\/famelifemagazin.com\/wp-content\/uploads\/2024\/12\/Fotograf-5-Copy.jpg 1024w, https:\/\/famelifemagazin.com\/wp-content\/uploads\/2024\/12\/Fotograf-5-Copy-300x200.jpg 300w, https:\/\/famelifemagazin.com\/wp-content\/uploads\/2024\/12\/Fotograf-5-Copy-768x513.jpg 768w\" sizes=\"auto, (max-width: 1024px) 100vw, 1024px\" \/><\/figure>\n<\/figure>\n","protected":false},"excerpt":{"rendered":"<p>Aspat Koyu ve Ege Denizi\u2019nin e\u015fsiz manzaras\u0131nda ger\u00e7ekle\u015fecek olan Tenzor International Cup \u2013 J\/70 A\u00e7\u0131k K\u0131\u015f Serisi 2024-2025\u2019in ilk etab\u0131, 12-15 Aral\u0131k tarihleri aras\u0131nda yelkencilerin k\u0131yas\u0131ya rekabetine sahne olacak. T\u00fcrkiye Yelken Federasyonu ve J\/70 Uluslararas\u0131 Derne\u011fi taraf\u0131ndan desteklenen organizasyon, hem ulusal hem de uluslararas\u0131 d\u00fczeyde b\u00fcy\u00fck ilgi g\u00f6r\u00fcyor. ULUSLARARASI KATILIMCI L\u0130STES\u0130 A\u00e7\u0131k ve Corinthian kategorilerinde [&hellip;]<\/p>\n","protected":false},"author":1,"featured_media":4487,"comment_status":"open","ping_status":"open","sticky":false,"template":"","format":"standard","meta":{"footnotes":""},"categories":[3,22],"tags":[],"class_list":["post-4485","post","type-post","status-publish","format-standard","has-post-thumbnail","hentry","category-son-haberler","category-spor"],"_links":{"self":[{"href":"https:\/\/famelifemagazin.com\/index.php?rest_route=\/wp\/v2\/posts\/4485","targetHints":{"allow":["GET"]}}],"collection":[{"href":"https:\/\/famelifemagazin.com\/index.php?rest_route=\/wp\/v2\/posts"}],"about":[{"href":"https:\/\/famelifemagazin.com\/index.php?rest_route=\/wp\/v2\/types\/post"}],"author":[{"embeddable":true,"href":"https:\/\/famelifemagazin.com\/index.php?rest_route=\/wp\/v2\/users\/1"}],"replies":[{"embeddable":true,"href":"https:\/\/famelifemagazin.com\/index.php?rest_route=%2Fwp%2Fv2%2Fcomments&post=4485"}],"version-history":[{"count":1,"href":"https:\/\/famelifemagazin.com\/index.php?rest_route=\/wp\/v2\/posts\/4485\/revisions"}],"predecessor-version":[{"id":4491,"href":"https:\/\/famelifemagazin.com\/index.php?rest_route=\/wp\/v2\/posts\/4485\/revisions\/4491"}],"wp:featuredmedia":[{"embeddable":true,"href":"https:\/\/famelifemagazin.com\/index.php?rest_route=\/wp\/v2\/media\/4487"}],"wp:attachment":[{"href":"https:\/\/famelifemagazin.com\/index.php?rest_route=%2Fwp%2Fv2%2Fmedia&parent=4485"}],"wp:term":[{"taxonomy":"category","embeddable":true,"href":"https:\/\/famelifemagazin.com\/index.php?rest_route=%2Fwp%2Fv2%2Fcategories&post=4485"},{"taxonomy":"post_tag","embeddable":true,"href":"https:\/\/famelifemagazin.com\/index.php?rest_route=%2Fwp%2Fv2%2Ftags&post=4485"}],"curies":[{"name":"wp","href":"https:\/\/api.w.org\/{rel}","templated":true}]}}