{"id":4478,"date":"2024-12-12T07:20:00","date_gmt":"2024-12-12T07:20:00","guid":{"rendered":"https:\/\/famelifemagazin.com\/?p=4478"},"modified":"2024-12-12T07:20:05","modified_gmt":"2024-12-12T07:20:05","slug":"ummu-erbil-heyecani-hic-bitmiyor","status":"publish","type":"post","link":"https:\/\/famelifemagazin.com\/?p=4478","title":{"rendered":"\u00dcMM\u00dc ERB\u0130L HEYECANI H\u0130\u00c7 B\u0130TM\u0130YOR&#8230;"},"content":{"rendered":"\n<p><strong>Hobi olarak ba\u015flad\u0131\u011f\u0131 m\u00fczik d\u00fcnyas\u0131nda, 5 alb\u00fcm, 60 tekli eser ve 32 klip \u00e7al\u0131\u015fmas\u0131 ile profesyonel olarak devam eden \u00dcmm\u00fc Erbil, yeni \u015fark\u0131s\u0131n\u0131 tamamlamak i\u00e7in hummal\u0131 bir \u00e7al\u0131\u015fma i\u00e7erisine girdi. Her \u015fark\u0131s\u0131na ba\u015flarken b\u00fcy\u00fck heyecan ya\u015fad\u0131\u011f\u0131n\u0131 dile getiren \u00dcmm\u00fc Erbil, i\u00e7indeki bu co\u015fkunun m\u00fczik ruhunu besledi\u011fini s\u00f6zlerine ekledi. <\/strong><\/p>\n\n\n\n<p>2024 y\u0131l\u0131n\u0131n en \u00e7ok sahne yapan sanat\u00e7\u0131lar\u0131ndan biri olma ba\u015far\u0131s\u0131n\u0131 yakalayan \u00dcmm\u00fc Erbil \u201cG\u00fcn\u00fcm\u00fcz d\u00fcnyas\u0131nda bu kadar de\u011fi\u015fim ve t\u00fcketim varken, m\u00fczik hayat\u0131m\u0131 birka\u00e7 tarzla s\u0131n\u0131rland\u0131rmay\u0131 do\u011fru bulmuyorum. Bug\u00fcn pop\u00fcler olan bir tarz, yar\u0131n de\u011fi\u015febilir. <\/p>\n\n\n\n<p>Hal b\u00f6yleyken, bir m\u00fczik icrac\u0131s\u0131 olarak halk m\u00fczi\u011fi, fantezi ve arabesk gibi farkl\u0131 tarzlarda \u015fark\u0131lar s\u00f6yleyerek kendimi g\u00fcncel tutmam gerekti\u011fini d\u00fc\u015f\u00fcn\u00fcyorum\u201d diyerek, m\u00fczik d\u00fcnyas\u0131ndaki geni\u015f yelpazesinin ve tercih sebebi olmas\u0131n\u0131n sebebini g\u00f6zler \u00f6n\u00fcne serdi. Her \u00e7al\u0131\u015fmas\u0131na girerken, sevenlerinin kendisinden beklentilerini bildi\u011fini s\u00f6zlerine ekleyen usta yorumcu \u00dcmm\u00fc Erbil, yeni \u00e7al\u0131\u015fmas\u0131n\u0131n yeni y\u0131l \u00f6ncesi m\u00fczik severlerle bulu\u015faca\u011f\u0131n\u0131 dile getirdi.<\/p>\n\n\n\n<p>\u00dcMM\u00dc ERB\u0130L YORUMUYLA<\/p>\n\n\n\n<figure class=\"wp-block-embed is-type-video is-provider-youtube wp-block-embed-youtube wp-embed-aspect-16-9 wp-has-aspect-ratio\"><div class=\"wp-block-embed__wrapper\">\n<iframe loading=\"lazy\" title=\"\u00dcmm\u00fc Erbil - Seviyom Yar\" width=\"696\" height=\"392\" src=\"https:\/\/www.youtube.com\/embed\/U8huAE76lZI?feature=oembed\" frameborder=\"0\" allow=\"accelerometer; autoplay; clipboard-write; encrypted-media; gyroscope; picture-in-picture; web-share\" referrerpolicy=\"strict-origin-when-cross-origin\" allowfullscreen><\/iframe>\n<\/div><\/figure>\n\n\n\n<figure class=\"wp-block-gallery has-nested-images columns-default is-cropped wp-block-gallery-1 is-layout-flex wp-block-gallery-is-layout-flex\">\n<figure class=\"wp-block-image size-large\"><img loading=\"lazy\" decoding=\"async\" width=\"768\" height=\"1024\" data-id=\"4480\" src=\"https:\/\/famelifemagazin.com\/wp-content\/uploads\/2024\/12\/ummu-erbil-768x1024.jpg\" alt=\"\" class=\"wp-image-4480\" srcset=\"https:\/\/famelifemagazin.com\/wp-content\/uploads\/2024\/12\/ummu-erbil-768x1024.jpg 768w, https:\/\/famelifemagazin.com\/wp-content\/uploads\/2024\/12\/ummu-erbil-225x300.jpg 225w, https:\/\/famelifemagazin.com\/wp-content\/uploads\/2024\/12\/ummu-erbil-scaled.jpg 1920w\" sizes=\"auto, (max-width: 768px) 100vw, 768px\" \/><\/figure>\n\n\n\n<figure class=\"wp-block-image size-large\"><img loading=\"lazy\" decoding=\"async\" width=\"827\" height=\"1024\" data-id=\"4479\" src=\"https:\/\/famelifemagazin.com\/wp-content\/uploads\/2024\/12\/ummu-erbil-1-827x1024.jpg\" alt=\"\" class=\"wp-image-4479\" srcset=\"https:\/\/famelifemagazin.com\/wp-content\/uploads\/2024\/12\/ummu-erbil-1-827x1024.jpg 827w, https:\/\/famelifemagazin.com\/wp-content\/uploads\/2024\/12\/ummu-erbil-1-242x300.jpg 242w, https:\/\/famelifemagazin.com\/wp-content\/uploads\/2024\/12\/ummu-erbil-1-768x951.jpg 768w, https:\/\/famelifemagazin.com\/wp-content\/uploads\/2024\/12\/ummu-erbil-1-1241x1536.jpg 1241w\" sizes=\"auto, (max-width: 827px) 100vw, 827px\" \/><\/figure>\n<\/figure>\n\n\n<div class=\"wp-block-image\">\n<figure class=\"aligncenter size-large is-resized\"><img loading=\"lazy\" decoding=\"async\" width=\"768\" height=\"1024\" src=\"https:\/\/famelifemagazin.com\/wp-content\/uploads\/2024\/12\/ummu-erbil-2-768x1024.jpg\" alt=\"\" class=\"wp-image-4481\" style=\"width:396px;height:auto\" srcset=\"https:\/\/famelifemagazin.com\/wp-content\/uploads\/2024\/12\/ummu-erbil-2-768x1024.jpg 768w, https:\/\/famelifemagazin.com\/wp-content\/uploads\/2024\/12\/ummu-erbil-2-225x300.jpg 225w, https:\/\/famelifemagazin.com\/wp-content\/uploads\/2024\/12\/ummu-erbil-2-1152x1536.jpg 1152w, https:\/\/famelifemagazin.com\/wp-content\/uploads\/2024\/12\/ummu-erbil-2-1536x2048.jpg 1536w, https:\/\/famelifemagazin.com\/wp-content\/uploads\/2024\/12\/ummu-erbil-2-scaled.jpg 1919w\" sizes=\"auto, (max-width: 768px) 100vw, 768px\" \/><\/figure>\n<\/div>","protected":false},"excerpt":{"rendered":"<p>Hobi olarak ba\u015flad\u0131\u011f\u0131 m\u00fczik d\u00fcnyas\u0131nda, 5 alb\u00fcm, 60 tekli eser ve 32 klip \u00e7al\u0131\u015fmas\u0131 ile profesyonel olarak devam eden \u00dcmm\u00fc Erbil, yeni \u015fark\u0131s\u0131n\u0131 tamamlamak i\u00e7in hummal\u0131 bir \u00e7al\u0131\u015fma i\u00e7erisine girdi. Her \u015fark\u0131s\u0131na ba\u015flarken b\u00fcy\u00fck heyecan ya\u015fad\u0131\u011f\u0131n\u0131 dile getiren \u00dcmm\u00fc Erbil, i\u00e7indeki bu co\u015fkunun m\u00fczik ruhunu besledi\u011fini s\u00f6zlerine ekledi. 2024 y\u0131l\u0131n\u0131n en \u00e7ok sahne yapan sanat\u00e7\u0131lar\u0131ndan [&hellip;]<\/p>\n","protected":false},"author":1,"featured_media":4479,"comment_status":"open","ping_status":"open","sticky":false,"template":"","format":"standard","meta":{"footnotes":""},"categories":[7,3],"tags":[],"class_list":["post-4478","post","type-post","status-publish","format-standard","has-post-thumbnail","hentry","category-muzik","category-son-haberler"],"_links":{"self":[{"href":"https:\/\/famelifemagazin.com\/index.php?rest_route=\/wp\/v2\/posts\/4478","targetHints":{"allow":["GET"]}}],"collection":[{"href":"https:\/\/famelifemagazin.com\/index.php?rest_route=\/wp\/v2\/posts"}],"about":[{"href":"https:\/\/famelifemagazin.com\/index.php?rest_route=\/wp\/v2\/types\/post"}],"author":[{"embeddable":true,"href":"https:\/\/famelifemagazin.com\/index.php?rest_route=\/wp\/v2\/users\/1"}],"replies":[{"embeddable":true,"href":"https:\/\/famelifemagazin.com\/index.php?rest_route=%2Fwp%2Fv2%2Fcomments&post=4478"}],"version-history":[{"count":1,"href":"https:\/\/famelifemagazin.com\/index.php?rest_route=\/wp\/v2\/posts\/4478\/revisions"}],"predecessor-version":[{"id":4482,"href":"https:\/\/famelifemagazin.com\/index.php?rest_route=\/wp\/v2\/posts\/4478\/revisions\/4482"}],"wp:featuredmedia":[{"embeddable":true,"href":"https:\/\/famelifemagazin.com\/index.php?rest_route=\/wp\/v2\/media\/4479"}],"wp:attachment":[{"href":"https:\/\/famelifemagazin.com\/index.php?rest_route=%2Fwp%2Fv2%2Fmedia&parent=4478"}],"wp:term":[{"taxonomy":"category","embeddable":true,"href":"https:\/\/famelifemagazin.com\/index.php?rest_route=%2Fwp%2Fv2%2Fcategories&post=4478"},{"taxonomy":"post_tag","embeddable":true,"href":"https:\/\/famelifemagazin.com\/index.php?rest_route=%2Fwp%2Fv2%2Ftags&post=4478"}],"curies":[{"name":"wp","href":"https:\/\/api.w.org\/{rel}","templated":true}]}}