{"id":4450,"date":"2024-12-11T15:12:30","date_gmt":"2024-12-11T15:12:30","guid":{"rendered":"https:\/\/famelifemagazin.com\/?p=4450"},"modified":"2024-12-11T15:19:57","modified_gmt":"2024-12-11T15:19:57","slug":"mazhar-alanson-sanatcinin-oykusu-ile-drda","status":"publish","type":"post","link":"https:\/\/famelifemagazin.com\/?p=4450","title":{"rendered":"Mazhar Alanson \u201cSanat\u00e7\u0131n\u0131n \u00d6yk\u00fcs\u00fc\u201d \u0130le D&#038;R\u2019da"},"content":{"rendered":"\n<p>Aral\u0131k 2024<\/p>\n\n\n\n<p><strong>Ya\u015fayan efsane Mazhar Alanson, \u00e7ocuklar i\u00e7in yazd\u0131\u011f\u0131 yeni kitab\u0131 \u201cSanat\u00e7\u0131n\u0131n \u00d6yk\u00fcs\u00fc\u201dn\u00fcn D&amp;R taraf\u0131ndan d\u00fczenlenen lansman\u0131 kapsam\u0131nda, 21 Aral\u0131k Cumartesi g\u00fcn\u00fc D&amp;R Ba\u011fdat Caddesi\u2019nde k\u00fc\u00e7\u00fck okurlar\u0131yla bir araya gelecek.<\/strong><\/p>\n\n\n\n<p>T\u00fcrkiye\u2019nin k\u00fclt\u00fcr, sanat ve e\u011flence platformu D&amp;R, en sevilen yazarlar\u0131 okurlar\u0131yla bulu\u015fturmaya devam ediyor. D&amp;R, okur yazar bulu\u015fmalar\u0131nda bu kez T\u00fcrk pop m\u00fczi\u011finin efsane gruplar\u0131ndan MF\u00d6\u2019n\u00fcn vokalisti ve yazar&nbsp;<strong>Mazhar Alanson<\/strong>\u2019u a\u011f\u0131rl\u0131yor. Alanson<strong>, Turkuvaz \u00c7ocuk<\/strong>&nbsp;etiketiyle \u00e7\u0131kan yeni kitab\u0131 \u201cSanat\u00e7\u0131n\u0131n \u00d6yk\u00fcs\u00fc\u201dn\u00fc, D&amp;R taraf\u0131ndan d\u00fczenlenen lansman kapsam\u0131nda 21 Aral\u0131k Cumartesi g\u00fcn\u00fc saat 16:00\u2019da D&amp;R Ba\u011fdat Caddesi\u2019nde minik okurlar\u0131 i\u00e7in imzalayacak.<\/p>\n\n\n\n<p><strong>\u201cSanat\u00e7\u0131n\u0131n \u00d6yk\u00fcs\u00fc\u201d hakk\u0131nda<\/strong><\/p>\n\n\n\n<p>Alanson\u2019un yeni kitab\u0131 \u201cSanat\u00e7\u0131n\u0131n \u00d6yk\u00fcs\u00fc\u201d, t\u00fcm \u00e7ocuklar i\u00e7in e\u015fsiz bir kitap. G\u00fcnd\u00fcz dola\u015f\u0131p duran, g\u00f6ky\u00fcz\u00fcn\u00fc izleyen, ak\u015fam olunca da kabilesindekilere g\u00f6rd\u00fcklerini anlatan ve onlar\u0131n hayat\u0131na renk katan bir sanat\u00e7\u0131n\u0131n maceras\u0131n\u0131 anlatan \u201cSanat\u00e7\u0131n\u0131n \u00d6yk\u00fcs\u00fc\u201d, hissetmenin, d\u00fc\u015f\u00fcnmenin, kelimelerin ve \u015fark\u0131lar\u0131n ne kadar \u00f6nemli oldu\u011funu f\u0131s\u0131ld\u0131yor.<\/p>\n\n\n\n<figure class=\"wp-block-gallery has-nested-images columns-default is-cropped wp-block-gallery-1 is-layout-flex wp-block-gallery-is-layout-flex\">\n<figure class=\"wp-block-image size-large\"><img loading=\"lazy\" decoding=\"async\" width=\"924\" height=\"768\" data-id=\"4451\" src=\"https:\/\/famelifemagazin.com\/wp-content\/uploads\/2024\/12\/MAZHAR-ALANSON-_155050469-Copy.jpg\" alt=\"\" class=\"wp-image-4451\" srcset=\"https:\/\/famelifemagazin.com\/wp-content\/uploads\/2024\/12\/MAZHAR-ALANSON-_155050469-Copy.jpg 924w, https:\/\/famelifemagazin.com\/wp-content\/uploads\/2024\/12\/MAZHAR-ALANSON-_155050469-Copy-300x249.jpg 300w, https:\/\/famelifemagazin.com\/wp-content\/uploads\/2024\/12\/MAZHAR-ALANSON-_155050469-Copy-768x638.jpg 768w\" sizes=\"auto, (max-width: 924px) 100vw, 924px\" \/><\/figure>\n\n\n\n<figure class=\"wp-block-image size-large\"><img loading=\"lazy\" decoding=\"async\" width=\"838\" height=\"768\" data-id=\"4452\" src=\"https:\/\/famelifemagazin.com\/wp-content\/uploads\/2024\/12\/Sanatcinin-Oykusu_155051034-Copy.jpg\" alt=\"\" class=\"wp-image-4452\" srcset=\"https:\/\/famelifemagazin.com\/wp-content\/uploads\/2024\/12\/Sanatcinin-Oykusu_155051034-Copy.jpg 838w, https:\/\/famelifemagazin.com\/wp-content\/uploads\/2024\/12\/Sanatcinin-Oykusu_155051034-Copy-300x275.jpg 300w, https:\/\/famelifemagazin.com\/wp-content\/uploads\/2024\/12\/Sanatcinin-Oykusu_155051034-Copy-768x704.jpg 768w\" sizes=\"auto, (max-width: 838px) 100vw, 838px\" \/><\/figure>\n<\/figure>\n","protected":false},"excerpt":{"rendered":"<p>Aral\u0131k 2024 Ya\u015fayan efsane Mazhar Alanson, \u00e7ocuklar i\u00e7in yazd\u0131\u011f\u0131 yeni kitab\u0131 \u201cSanat\u00e7\u0131n\u0131n \u00d6yk\u00fcs\u00fc\u201dn\u00fcn D&amp;R taraf\u0131ndan d\u00fczenlenen lansman\u0131 kapsam\u0131nda, 21 Aral\u0131k Cumartesi g\u00fcn\u00fc D&amp;R Ba\u011fdat Caddesi\u2019nde k\u00fc\u00e7\u00fck okurlar\u0131yla bir araya gelecek. T\u00fcrkiye\u2019nin k\u00fclt\u00fcr, sanat ve e\u011flence platformu D&amp;R, en sevilen yazarlar\u0131 okurlar\u0131yla bulu\u015fturmaya devam ediyor. D&amp;R, okur yazar bulu\u015fmalar\u0131nda bu kez T\u00fcrk pop m\u00fczi\u011finin efsane gruplar\u0131ndan [&hellip;]<\/p>\n","protected":false},"author":1,"featured_media":4452,"comment_status":"open","ping_status":"open","sticky":false,"template":"","format":"standard","meta":{"footnotes":""},"categories":[19,3],"tags":[],"class_list":["post-4450","post","type-post","status-publish","format-standard","has-post-thumbnail","hentry","category-kitap","category-son-haberler"],"_links":{"self":[{"href":"https:\/\/famelifemagazin.com\/index.php?rest_route=\/wp\/v2\/posts\/4450","targetHints":{"allow":["GET"]}}],"collection":[{"href":"https:\/\/famelifemagazin.com\/index.php?rest_route=\/wp\/v2\/posts"}],"about":[{"href":"https:\/\/famelifemagazin.com\/index.php?rest_route=\/wp\/v2\/types\/post"}],"author":[{"embeddable":true,"href":"https:\/\/famelifemagazin.com\/index.php?rest_route=\/wp\/v2\/users\/1"}],"replies":[{"embeddable":true,"href":"https:\/\/famelifemagazin.com\/index.php?rest_route=%2Fwp%2Fv2%2Fcomments&post=4450"}],"version-history":[{"count":2,"href":"https:\/\/famelifemagazin.com\/index.php?rest_route=\/wp\/v2\/posts\/4450\/revisions"}],"predecessor-version":[{"id":4454,"href":"https:\/\/famelifemagazin.com\/index.php?rest_route=\/wp\/v2\/posts\/4450\/revisions\/4454"}],"wp:featuredmedia":[{"embeddable":true,"href":"https:\/\/famelifemagazin.com\/index.php?rest_route=\/wp\/v2\/media\/4452"}],"wp:attachment":[{"href":"https:\/\/famelifemagazin.com\/index.php?rest_route=%2Fwp%2Fv2%2Fmedia&parent=4450"}],"wp:term":[{"taxonomy":"category","embeddable":true,"href":"https:\/\/famelifemagazin.com\/index.php?rest_route=%2Fwp%2Fv2%2Fcategories&post=4450"},{"taxonomy":"post_tag","embeddable":true,"href":"https:\/\/famelifemagazin.com\/index.php?rest_route=%2Fwp%2Fv2%2Ftags&post=4450"}],"curies":[{"name":"wp","href":"https:\/\/api.w.org\/{rel}","templated":true}]}}