{"id":4407,"date":"2024-12-06T12:12:31","date_gmt":"2024-12-06T12:12:31","guid":{"rendered":"https:\/\/famelifemagazin.com\/?p=4407"},"modified":"2024-12-06T12:12:31","modified_gmt":"2024-12-06T12:12:31","slug":"sehirlerarasi-otobusleriyle-avrupada-buyuyen-temsa-fransanin-en-buyuk-uc-oyuncusundan-biri-oldu","status":"publish","type":"post","link":"https:\/\/famelifemagazin.com\/?p=4407","title":{"rendered":"\u015eehirleraras\u0131 Otob\u00fcsleriyle Avrupa\u2019da B\u00fcy\u00fcyen TEMSA, Fransa\u2019n\u0131n En B\u00fcy\u00fck \u00dc\u00e7 Oyuncusundan Biri Oldu&#8230;"},"content":{"rendered":"\n<p><strong>Fransa yollar\u0131na \u00e7\u0131kard\u0131\u011f\u0131 6 bin arac\u0131yla pazardaki g\u00fc\u00e7l\u00fc b\u00fcy\u00fcmesini s\u00fcrd\u00fcren TEMSA,<br>3-6 Aral\u0131k tarihleri aras\u0131nda Lyon\u2019da ger\u00e7ekle\u015fen AutoCar Expo Fuar\u0131\u2019nda g\u00fcvenli ve s\u00fcrd\u00fcr\u00fclebilir mobilite \u00e7\u00f6z\u00fcmlerini tan\u0131tt\u0131. \u0130lk elektrikli \u015fehirleraras\u0131 otob\u00fcs olma \u00f6zelli\u011fine sahip LD SB E\u00a0ile Fransa\u2019daki varl\u0131\u011f\u0131n\u0131 g\u00fc\u00e7lendiren Temsa, \u015fehirleraras\u0131 segmentte (coach) Fransa pazar\u0131n\u0131n en b\u00fcy\u00fck \u00fc\u00e7 \u00fcreticisinden biri haline geldi.<\/strong><\/p>\n\n\n\n<p>AutoCar Expo Fuar\u0131\u2019nda inovatif \u00e7\u00f6z\u00fcmlerini ve \u00e7evreci teknolojilerini ziyaret\u00e7ilerle bulu\u015fturan TEMSA, g\u00fcvenli ve s\u00fcrd\u00fcr\u00fclebilir mobilite anlay\u0131\u015f\u0131 do\u011frultusunda HD 13, LD SB E ve MD 9 ara\u00e7lar\u0131n\u0131 fuardaki stand\u0131nda sergiledi.<\/p>\n\n\n\n<p><strong>\u201cFRANSA, D\u00dcNYA GENEL\u0130NDE EN FAZLA TEMSA ARACININ H\u0130ZMET VERD\u0130\u011e\u0130 \u00dcLKE&#8221;<\/strong><\/p>\n\n\n\n<p>Etkinli\u011fin bas\u0131n g\u00fcn\u00fcnde konu\u015fan TEMSA Bat\u0131 Avrupa Sat\u0131\u015ftan Sorumlu Genel M\u00fcd\u00fcr Yard\u0131mc\u0131s\u0131 Serkan Uzunay, \u201cTEMSA olarak Fransa pazar\u0131n\u0131n en g\u00fc\u00e7l\u00fc oyuncular\u0131 aras\u0131nda yer al\u0131yoruz. Bu g\u00fcc\u00fcn arkas\u0131nda b\u00f6lgede kendi da\u011f\u0131t\u0131m ve servis a\u011f\u0131 organizasyonumuzun olmas\u0131n\u0131n b\u00fcy\u00fck pay\u0131 bulunuyor. <\/p>\n\n\n\n<p>AutoCar Expo\u2019da da bu g\u00fcc\u00fcm\u00fcz\u00fc g\u00f6stererek mobilitenin gelece\u011fine y\u00f6n veren g\u00fcvenilir, s\u00fcrd\u00fcr\u00fclebilir ve yenilik\u00e7i \u00e7\u00f6z\u00fcmlerimizle fark\u0131m\u0131z\u0131 bir kez daha ortaya koyduk. 2024\u2019\u00fcn son d\u00f6nemine girerken ger\u00e7ekle\u015ftirdi\u011fimiz teslimatlarla birlikte Fransa yollar\u0131ndaki TEMSA markal\u0131 ara\u00e7 say\u0131s\u0131n\u0131 6 bine \u00e7\u0131karm\u0131\u015f olmak bizim i\u00e7in b\u00fcy\u00fck bir gurur kayna\u011f\u0131. <\/p>\n\n\n\n<p>Fransa, bug\u00fcn d\u00fcnya genelinde en fazla TEMSA arac\u0131n\u0131n hizmet verdi\u011fi \u00fclke olma \u00f6zelli\u011fini ta\u015f\u0131yor. Bu ba\u015far\u0131y\u0131 s\u00fcrd\u00fcr\u00fclebilir ula\u015f\u0131m \u00e7\u00f6z\u00fcmlerimizle daha da ileriye ta\u015f\u0131may\u0131 hedefliyoruz. \u00d6zellikle elektrikli ara\u00e7 segmentindeki g\u00fcc\u00fcm\u00fcz\u00fc, ge\u00e7ti\u011fimiz y\u0131llarda tan\u0131tt\u0131\u011f\u0131m\u0131z ve Avrupal\u0131 bir \u015firket taraf\u0131ndan \u00fcretilen ilk elektrikli \u015fehirleraras\u0131 otob\u00fcs olma \u00f6zelli\u011fine sahip LD SB E ile daha da peki\u015ftirdik. <\/p>\n\n\n\n<p>Teknik \u00f6zellikleri ve y\u00fcksek g\u00fcvenlik kriterleriyle, Fransa\u2019da okul otob\u00fcs\u00fc olarak da hizmet verme yetkinli\u011fine sahip bu modelimizle, bir yandan pazarda \u00fcr\u00fcn gam\u0131m\u0131z\u0131 \u00e7e\u015fitlendirirken bir yandan da farkl\u0131 m\u00fc\u015fteri gruplar\u0131n\u0131n ihtiya\u00e7lar\u0131na yenilik\u00e7i bir \u00e7\u00f6z\u00fcm geli\u015ftirdik. Temsa markal\u0131 \u00e7evreci ara\u00e7lar\u0131m\u0131zla, \u2018G\u00fcvenli ve S\u00fcrd\u00fcr\u00fclebilir Mobilite\u2019 vizyonumuz do\u011frultusunda hem Fransa\u2019da hem de global \u00f6l\u00e7ekte daha verimli bir ula\u015f\u0131m gelece\u011fi in\u015fa etmeye devam edece\u011fiz&#8221; ifadelerini kulland\u0131.<\/p>\n\n\n\n<p>TEMSA\u2019n\u0131n Fransa\u2019da \u00f6nc\u00fc konumda oldu\u011fu elektrikli okul otob\u00fcs\u00fc segmentinin g\u00fc\u00e7l\u00fc oyuncusu LD SB E, 250 kW\u2019l\u0131k g\u00fcce sahip elektrikli motoru sayesinde t\u00fcm yol ko\u015fullar\u0131nda g\u00fc\u00e7l\u00fc performans sunuyor. LD SB E\u2019nin menzili ise uygun ko\u015fullarda 350 kilometreye kadar ula\u015fabiliyor.<\/p>\n\n\n\n<figure class=\"wp-block-gallery has-nested-images columns-default is-cropped wp-block-gallery-1 is-layout-flex wp-block-gallery-is-layout-flex\">\n<figure class=\"wp-block-image size-large\"><img loading=\"lazy\" decoding=\"async\" width=\"1024\" height=\"482\" data-id=\"4408\" src=\"https:\/\/famelifemagazin.com\/wp-content\/uploads\/2024\/12\/AutoCar-Expo-Fuari1.jpeg\" alt=\"\" class=\"wp-image-4408\" srcset=\"https:\/\/famelifemagazin.com\/wp-content\/uploads\/2024\/12\/AutoCar-Expo-Fuari1.jpeg 1024w, https:\/\/famelifemagazin.com\/wp-content\/uploads\/2024\/12\/AutoCar-Expo-Fuari1-300x141.jpeg 300w, https:\/\/famelifemagazin.com\/wp-content\/uploads\/2024\/12\/AutoCar-Expo-Fuari1-768x362.jpeg 768w\" sizes=\"auto, (max-width: 1024px) 100vw, 1024px\" \/><\/figure>\n<\/figure>\n\n\n<div class=\"wp-block-image\">\n<figure class=\"aligncenter size-large is-resized\"><img loading=\"lazy\" decoding=\"async\" width=\"768\" height=\"1024\" src=\"https:\/\/famelifemagazin.com\/wp-content\/uploads\/2024\/12\/AutoCar-Expo-Fuari-768x1024.jpeg\" alt=\"\" class=\"wp-image-4409\" style=\"width:546px;height:auto\" srcset=\"https:\/\/famelifemagazin.com\/wp-content\/uploads\/2024\/12\/AutoCar-Expo-Fuari-768x1024.jpeg 768w, https:\/\/famelifemagazin.com\/wp-content\/uploads\/2024\/12\/AutoCar-Expo-Fuari-225x300.jpeg 225w, https:\/\/famelifemagazin.com\/wp-content\/uploads\/2024\/12\/AutoCar-Expo-Fuari-1152x1536.jpeg 1152w, https:\/\/famelifemagazin.com\/wp-content\/uploads\/2024\/12\/AutoCar-Expo-Fuari.jpeg 1200w\" sizes=\"auto, (max-width: 768px) 100vw, 768px\" \/><\/figure>\n<\/div>","protected":false},"excerpt":{"rendered":"<p>Fransa yollar\u0131na \u00e7\u0131kard\u0131\u011f\u0131 6 bin arac\u0131yla pazardaki g\u00fc\u00e7l\u00fc b\u00fcy\u00fcmesini s\u00fcrd\u00fcren TEMSA,3-6 Aral\u0131k tarihleri aras\u0131nda Lyon\u2019da ger\u00e7ekle\u015fen AutoCar Expo Fuar\u0131\u2019nda g\u00fcvenli ve s\u00fcrd\u00fcr\u00fclebilir mobilite \u00e7\u00f6z\u00fcmlerini tan\u0131tt\u0131. \u0130lk elektrikli \u015fehirleraras\u0131 otob\u00fcs olma \u00f6zelli\u011fine sahip LD SB E\u00a0ile Fransa\u2019daki varl\u0131\u011f\u0131n\u0131 g\u00fc\u00e7lendiren Temsa, \u015fehirleraras\u0131 segmentte (coach) Fransa pazar\u0131n\u0131n en b\u00fcy\u00fck \u00fc\u00e7 \u00fcreticisinden biri haline geldi. AutoCar Expo Fuar\u0131\u2019nda inovatif [&hellip;]<\/p>\n","protected":false},"author":1,"featured_media":4408,"comment_status":"open","ping_status":"open","sticky":false,"template":"","format":"standard","meta":{"footnotes":""},"categories":[14,3],"tags":[],"class_list":["post-4407","post","type-post","status-publish","format-standard","has-post-thumbnail","hentry","category-otomotiv","category-son-haberler"],"_links":{"self":[{"href":"https:\/\/famelifemagazin.com\/index.php?rest_route=\/wp\/v2\/posts\/4407","targetHints":{"allow":["GET"]}}],"collection":[{"href":"https:\/\/famelifemagazin.com\/index.php?rest_route=\/wp\/v2\/posts"}],"about":[{"href":"https:\/\/famelifemagazin.com\/index.php?rest_route=\/wp\/v2\/types\/post"}],"author":[{"embeddable":true,"href":"https:\/\/famelifemagazin.com\/index.php?rest_route=\/wp\/v2\/users\/1"}],"replies":[{"embeddable":true,"href":"https:\/\/famelifemagazin.com\/index.php?rest_route=%2Fwp%2Fv2%2Fcomments&post=4407"}],"version-history":[{"count":1,"href":"https:\/\/famelifemagazin.com\/index.php?rest_route=\/wp\/v2\/posts\/4407\/revisions"}],"predecessor-version":[{"id":4410,"href":"https:\/\/famelifemagazin.com\/index.php?rest_route=\/wp\/v2\/posts\/4407\/revisions\/4410"}],"wp:featuredmedia":[{"embeddable":true,"href":"https:\/\/famelifemagazin.com\/index.php?rest_route=\/wp\/v2\/media\/4408"}],"wp:attachment":[{"href":"https:\/\/famelifemagazin.com\/index.php?rest_route=%2Fwp%2Fv2%2Fmedia&parent=4407"}],"wp:term":[{"taxonomy":"category","embeddable":true,"href":"https:\/\/famelifemagazin.com\/index.php?rest_route=%2Fwp%2Fv2%2Fcategories&post=4407"},{"taxonomy":"post_tag","embeddable":true,"href":"https:\/\/famelifemagazin.com\/index.php?rest_route=%2Fwp%2Fv2%2Ftags&post=4407"}],"curies":[{"name":"wp","href":"https:\/\/api.w.org\/{rel}","templated":true}]}}