{"id":4394,"date":"2024-12-06T12:01:48","date_gmt":"2024-12-06T12:01:48","guid":{"rendered":"https:\/\/famelifemagazin.com\/?p=4394"},"modified":"2024-12-06T12:01:49","modified_gmt":"2024-12-06T12:01:49","slug":"londrada-muhtesem-galada-mustafa-akay-ruzgari","status":"publish","type":"post","link":"https:\/\/famelifemagazin.com\/?p=4394","title":{"rendered":"LONDRA\u2019DA MUHTE\u015eEM GALADA MUSTAFA AKAY R\u00dcZGARI&#8230;"},"content":{"rendered":"\n<p>T\u00fcrkiye ve \u0130ngiltere aras\u0131nda k\u00f6pr\u00fcler in\u015fa ediyoruz slogan\u0131yla hizmet veren T\u00fcrkiye ara\u015ft\u0131rmalar\u0131 merkezi olarak bilinen Ceftus ge\u00e7ti\u011fimiz g\u00fcnlerde 13. galas\u0131n\u0131 d\u00fczenledi. Galaya \u0130ngiliz ve T\u00fcrk siyaset\u00e7ilerin yan\u0131 s\u0131ra bir\u00e7ok \u00fcnl\u00fc i\u015f insan\u0131 da kat\u0131l\u0131m g\u00f6sterdi. <\/p>\n\n\n\n<p>Yakla\u015f\u0131k 800 kat\u0131l\u0131mc\u0131n\u0131n misafir oldu\u011fu gecede \u00fcnl\u00fc T\u00fcrk \u015fark\u0131c\u0131 Mustafa Akay sahne ald\u0131. Gerek T\u00fcrk gerekse yabanc\u0131 misafirlerden olduk\u00e7a ilgi g\u00f6ren Akay geceye adeta damgas\u0131n\u0131 vurdu. Akay konser sonras\u0131 \u2018\u2019\u0130ngiltere\u2019de \u00f6zellikle Londra\u2019da s\u00fcrekli konser veriyorum. <\/p>\n\n\n\n<p>B\u00f6yle \u00f6nemli bir gecede sahne almam beni \u00e7ok mutlu etti.\u2019\u2019 \u0130fadelerini kulland\u0131. Ba\u015far\u0131l\u0131 \u015fark\u0131c\u0131 yak\u0131n zamanda Amerika\u2019da bir konser daha verece\u011fini dile getirdi<\/p>\n\n\n\n<figure class=\"wp-block-gallery has-nested-images columns-default is-cropped wp-block-gallery-1 is-layout-flex wp-block-gallery-is-layout-flex\">\n<figure class=\"wp-block-image size-large\"><img loading=\"lazy\" decoding=\"async\" width=\"768\" height=\"1024\" data-id=\"4396\" src=\"https:\/\/famelifemagazin.com\/wp-content\/uploads\/2024\/12\/MUSTAFA-AKAY-1i-768x1024.jpg\" alt=\"\" class=\"wp-image-4396\" srcset=\"https:\/\/famelifemagazin.com\/wp-content\/uploads\/2024\/12\/MUSTAFA-AKAY-1i-768x1024.jpg 768w, https:\/\/famelifemagazin.com\/wp-content\/uploads\/2024\/12\/MUSTAFA-AKAY-1i-225x300.jpg 225w, https:\/\/famelifemagazin.com\/wp-content\/uploads\/2024\/12\/MUSTAFA-AKAY-1i-1152x1536.jpg 1152w, https:\/\/famelifemagazin.com\/wp-content\/uploads\/2024\/12\/MUSTAFA-AKAY-1i-1536x2048.jpg 1536w, https:\/\/famelifemagazin.com\/wp-content\/uploads\/2024\/12\/MUSTAFA-AKAY-1i-scaled.jpg 1920w\" sizes=\"auto, (max-width: 768px) 100vw, 768px\" \/><\/figure>\n\n\n\n<figure class=\"wp-block-image size-large\"><img loading=\"lazy\" decoding=\"async\" width=\"1024\" height=\"768\" data-id=\"4395\" src=\"https:\/\/famelifemagazin.com\/wp-content\/uploads\/2024\/12\/mustafa-akay-i-1024x768.jpg\" alt=\"\" class=\"wp-image-4395\" srcset=\"https:\/\/famelifemagazin.com\/wp-content\/uploads\/2024\/12\/mustafa-akay-i-1024x768.jpg 1024w, https:\/\/famelifemagazin.com\/wp-content\/uploads\/2024\/12\/mustafa-akay-i-300x225.jpg 300w, https:\/\/famelifemagazin.com\/wp-content\/uploads\/2024\/12\/mustafa-akay-i-768x576.jpg 768w\" sizes=\"auto, (max-width: 1024px) 100vw, 1024px\" \/><\/figure>\n<\/figure>\n","protected":false},"excerpt":{"rendered":"<p>T\u00fcrkiye ve \u0130ngiltere aras\u0131nda k\u00f6pr\u00fcler in\u015fa ediyoruz slogan\u0131yla hizmet veren T\u00fcrkiye ara\u015ft\u0131rmalar\u0131 merkezi olarak bilinen Ceftus ge\u00e7ti\u011fimiz g\u00fcnlerde 13. galas\u0131n\u0131 d\u00fczenledi. Galaya \u0130ngiliz ve T\u00fcrk siyaset\u00e7ilerin yan\u0131 s\u0131ra bir\u00e7ok \u00fcnl\u00fc i\u015f insan\u0131 da kat\u0131l\u0131m g\u00f6sterdi. Yakla\u015f\u0131k 800 kat\u0131l\u0131mc\u0131n\u0131n misafir oldu\u011fu gecede \u00fcnl\u00fc T\u00fcrk \u015fark\u0131c\u0131 Mustafa Akay sahne ald\u0131. Gerek T\u00fcrk gerekse yabanc\u0131 misafirlerden olduk\u00e7a ilgi [&hellip;]<\/p>\n","protected":false},"author":1,"featured_media":4395,"comment_status":"open","ping_status":"open","sticky":false,"template":"","format":"standard","meta":{"footnotes":""},"categories":[7,3],"tags":[],"class_list":["post-4394","post","type-post","status-publish","format-standard","has-post-thumbnail","hentry","category-muzik","category-son-haberler"],"_links":{"self":[{"href":"https:\/\/famelifemagazin.com\/index.php?rest_route=\/wp\/v2\/posts\/4394","targetHints":{"allow":["GET"]}}],"collection":[{"href":"https:\/\/famelifemagazin.com\/index.php?rest_route=\/wp\/v2\/posts"}],"about":[{"href":"https:\/\/famelifemagazin.com\/index.php?rest_route=\/wp\/v2\/types\/post"}],"author":[{"embeddable":true,"href":"https:\/\/famelifemagazin.com\/index.php?rest_route=\/wp\/v2\/users\/1"}],"replies":[{"embeddable":true,"href":"https:\/\/famelifemagazin.com\/index.php?rest_route=%2Fwp%2Fv2%2Fcomments&post=4394"}],"version-history":[{"count":1,"href":"https:\/\/famelifemagazin.com\/index.php?rest_route=\/wp\/v2\/posts\/4394\/revisions"}],"predecessor-version":[{"id":4397,"href":"https:\/\/famelifemagazin.com\/index.php?rest_route=\/wp\/v2\/posts\/4394\/revisions\/4397"}],"wp:featuredmedia":[{"embeddable":true,"href":"https:\/\/famelifemagazin.com\/index.php?rest_route=\/wp\/v2\/media\/4395"}],"wp:attachment":[{"href":"https:\/\/famelifemagazin.com\/index.php?rest_route=%2Fwp%2Fv2%2Fmedia&parent=4394"}],"wp:term":[{"taxonomy":"category","embeddable":true,"href":"https:\/\/famelifemagazin.com\/index.php?rest_route=%2Fwp%2Fv2%2Fcategories&post=4394"},{"taxonomy":"post_tag","embeddable":true,"href":"https:\/\/famelifemagazin.com\/index.php?rest_route=%2Fwp%2Fv2%2Ftags&post=4394"}],"curies":[{"name":"wp","href":"https:\/\/api.w.org\/{rel}","templated":true}]}}